{"id":10010,"date":"2024-02-10T00:01:04","date_gmt":"2024-02-10T00:01:04","guid":{"rendered":"https:\/\/www.entrerios.gov.ar\/cultura\/?p=10010"},"modified":"2024-02-10T00:02:28","modified_gmt":"2024-02-10T00:02:28","slug":"el-fin-de-semana-de-carnaval-sera-una-oportunidad-para-visitar-y-conocer-el-patrimonio-cultural-cientifico-historico-y-artistico-de-entre-rios","status":"publish","type":"post","link":"https:\/\/www.entrerios.gov.ar\/cultura\/el-fin-de-semana-de-carnaval-sera-una-oportunidad-para-visitar-y-conocer-el-patrimonio-cultural-cientifico-historico-y-artistico-de-entre-rios\/","title":{"rendered":"El fin de semana de carnaval ser\u00e1 una oportunidad para visitar y conocer el patrimonio cultural, cient\u00edfico, hist\u00f3rico y art\u00edstico de Entre R\u00edos"},"content":{"rendered":"\n<p><\/p>\n\n\n\n<p>La Secretar\u00eda de Cultura de Entre R\u00edos informa las propuestas que ofrecen las diferentes instituciones bajo su \u00f3rbita durante el fin de semana largo. Los museos provinciales son espacios abiertos a la comunidad. El acceso es libre y gratuito<\/p>\n\n\n\n<figure class=\"wp-block-image\"><img loading=\"lazy\" decoding=\"async\" width=\"1600\" height=\"1067\" src=\"https:\/\/www.entrerios.gov.ar\/cultura\/wp-content\/uploads\/2024\/02\/image-25.jpeg\" alt=\"\" class=\"wp-image-10014\" srcset=\"https:\/\/www.entrerios.gov.ar\/cultura\/wp-content\/uploads\/2024\/02\/image-25.jpeg 1600w, https:\/\/www.entrerios.gov.ar\/cultura\/wp-content\/uploads\/2024\/02\/image-25-1280x854.jpeg 1280w, https:\/\/www.entrerios.gov.ar\/cultura\/wp-content\/uploads\/2024\/02\/image-25-980x654.jpeg 980w, https:\/\/www.entrerios.gov.ar\/cultura\/wp-content\/uploads\/2024\/02\/image-25-480x320.jpeg 480w\" sizes=\"auto, (min-width: 0px) and (max-width: 480px) 480px, (min-width: 481px) and (max-width: 980px) 980px, (min-width: 981px) and (max-width: 1280px) 1280px, (min-width: 1281px) 1600px, 100vw\" \/><\/figure>\n\n\n\n<p><em>Museo Provincial de Bellas Artes (Paran\u00e1)<\/em><\/p>\n\n\n\n<p>Este fin de semana largo, en el que la comunidad celebra el carnaval y aprovecha para tomar un descanso, los museos provinciales abren sus puertas para dar a conocer sus invaluables acervos patrimoniales. De esta manera, entrerrianos y entrerrianas como as\u00ed tambi\u00e9n turistas, podr\u00e1n visitar los museos donde encontrar\u00e1n repertorios art\u00edsticos, cient\u00edficos, y culturales de diversa \u00edndole.&nbsp;<\/p>\n\n\n\n<p>En el <strong>Museo de Bellas Artes \u201cPedro E. Mart\u00ednez\u201d<\/strong>, ubicado en Paran\u00e1, se podr\u00e1 visitar la edici\u00f3n del Sal\u00f3n Provincial de Artes Visuales de Entre R\u00edos n\u00famero 60, a trav\u00e9s de una muestra integrada por 76 obras en las disciplinas de pintura, escultura, arte textil, arte cer\u00e1mico, dibujo y grabado. La imponente exposici\u00f3n re\u00fane el trabajo de 64 artistas provenientes de 18 localidades de todo el territorio provincial, permitiendo un acercamiento a la rica actualidad del panorama de las artes visuales en Entre R\u00edos.<\/p>\n\n\n\n<p>En las salas Bicentenario de la Independencia, se podr\u00e1 apreciar una muestra semi-permanente que resume la segunda etapa de la investigaci\u00f3n sobre la obra del destacado escultor catamarque\u00f1o Francisco Marini, cuya extensa colecci\u00f3n integra el patrimonio del Museo.<\/p>\n\n\n\n<p>Adem\u00e1s, las salas permanentes que albergan la Colecci\u00f3n Patrimonial Ces\u00e1reo Bernaldo de Quir\u00f3s, constituyen un cl\u00e1sico atractivo para visitantes tanto de la provincia, como del resto del pa\u00eds y del extranjero.&nbsp;<\/p>\n\n\n\n<p>Tambi\u00e9n, los visitantes pueden recorrer la galer\u00eda de esculturas en el patio de la instituci\u00f3n.&nbsp;<\/p>\n\n\n\n<p>Los horarios para las visitas son s\u00e1bado de 17 a 20, domingo de 9 a 12 y lunes y martes feriado de 9 a 12. El d\u00eda mi\u00e9rcoles el museo abre normalmente.<\/p>\n\n\n\n<p>Tambi\u00e9n en Paran\u00e1, el Museo de <strong>Ciencias Naturales y Antropol\u00f3gicas \u201cAntonio Serrano\u201d<\/strong> atender\u00e1 el s\u00e1bado 10, lunes 12&nbsp; y martes 13 de febrero de 10 a 13 hs. Se ofrece a la comunidad la visita de las salas permanentes que son: Historia, Geolog\u00eda, Bot\u00e1nica, Vertebrados, Paleontolog\u00eda, Acuario, Invertebrados,&nbsp; Antropolog\u00eda, y sobre Cultura del Agua, donde est\u00e1 la mesa interactiva una propuesta que conjuga el juego y la tecnolog\u00eda, para conocer de manera l\u00fadica la importancia de los recursos naturales y cu\u00e1les son las acciones humanas que inciden de manera positiva y negativa en el ambiente.&nbsp;<\/p>\n\n\n\n<p>Sin dudas, el atractivo de la temporada lo constituyen los meteoritos. El Museo resguarda y custodia desde 2007 dos grandes meteoritos que hab\u00edan sido extra\u00eddos ilegalmente de Campo del Cielo, Chaco. En 2007 fueron recuperados y trasladados ilegalmente. Pesan m\u00e1s de 2000 kilos. La restituci\u00f3n a la provincia de Chaco fue acordada recientemente por el gobernador de Entre R\u00edos, Rogelio Frigerio, con su par chaque\u00f1o, Leandro Zdero. Ocupan un lugar destacado en el edificio, tanto por su tama\u00f1o como por su importancia.&nbsp; Est\u00e1n expuestos sobre bases reforzadas, una de hierro y otra de cemento, que sostienen, en un caso, un fragmento de aproximadamente 1600 kilos y en otro, uno que ronda los 600 kilos de peso.<\/p>\n\n\n\n<figure class=\"wp-block-image\"><img loading=\"lazy\" decoding=\"async\" width=\"1600\" height=\"1080\" src=\"https:\/\/www.entrerios.gov.ar\/cultura\/wp-content\/uploads\/2024\/02\/image-22.jpeg\" alt=\"\" class=\"wp-image-10011\" srcset=\"https:\/\/www.entrerios.gov.ar\/cultura\/wp-content\/uploads\/2024\/02\/image-22.jpeg 1600w, https:\/\/www.entrerios.gov.ar\/cultura\/wp-content\/uploads\/2024\/02\/image-22-1280x864.jpeg 1280w, https:\/\/www.entrerios.gov.ar\/cultura\/wp-content\/uploads\/2024\/02\/image-22-980x662.jpeg 980w, https:\/\/www.entrerios.gov.ar\/cultura\/wp-content\/uploads\/2024\/02\/image-22-480x324.jpeg 480w\" sizes=\"auto, (min-width: 0px) and (max-width: 480px) 480px, (min-width: 481px) and (max-width: 980px) 980px, (min-width: 981px) and (max-width: 1280px) 1280px, (min-width: 1281px) 1600px, 100vw\" \/><\/figure>\n\n\n\n<p><em>Museo Provincial de Ciencias Naturales y Antropol\u00f3gicas (Paran\u00e1)<\/em><\/p>\n\n\n\n<p>La actividad especial del <strong>Museo Hist\u00f3rico \u201cMartiniano Leguizam\u00f3n\u201d<\/strong>, situado en la capital provincial, es la muestra en homenaje a las comparsas m\u00e1s antiguas de entre R\u00edos -Malib\u00fa y Marumb\u00e1 (Hasenkamp), Babiy\u00fa (Santa Elena), y SiSi (Gualeguay)- se extender\u00e1 hasta el domingo 3 de marzo, y podr\u00e1 ser visitada en los horarios habituales del organismo: de martes a viernes de 8 a 12 hs. S\u00e1bado de 9 a 12 y de 17 a 20 hs. Lunes y martes de 9 a 12.&nbsp; La entrada es libre y gratuita. Tambi\u00e9n, el museo expone sus muestras permanentes.<\/p>\n\n\n\n<figure class=\"wp-block-image\"><img loading=\"lazy\" decoding=\"async\" width=\"1600\" height=\"1067\" src=\"https:\/\/www.entrerios.gov.ar\/cultura\/wp-content\/uploads\/2024\/02\/image-23.jpeg\" alt=\"\" class=\"wp-image-10012\" srcset=\"https:\/\/www.entrerios.gov.ar\/cultura\/wp-content\/uploads\/2024\/02\/image-23.jpeg 1600w, https:\/\/www.entrerios.gov.ar\/cultura\/wp-content\/uploads\/2024\/02\/image-23-1280x854.jpeg 1280w, https:\/\/www.entrerios.gov.ar\/cultura\/wp-content\/uploads\/2024\/02\/image-23-980x654.jpeg 980w, https:\/\/www.entrerios.gov.ar\/cultura\/wp-content\/uploads\/2024\/02\/image-23-480x320.jpeg 480w\" sizes=\"auto, (min-width: 0px) and (max-width: 480px) 480px, (min-width: 481px) and (max-width: 980px) 980px, (min-width: 981px) and (max-width: 1280px) 1280px, (min-width: 1281px) 1600px, 100vw\" \/><\/figure>\n\n\n\n<p><em>Museo Hist\u00f3rico Provincial (Paran\u00e1)<\/em><\/p>\n\n\n\n<p>En la costa del Uruguay, el <strong>Museo y Monumento Hist\u00f3rico Nacional Molino Forclaz<\/strong> (Col\u00f3n) ofrece sus principales atractivos: las visitas guiadas. El domingo 11 de 9 a 13 y de 17 a 19 hs habr\u00e1 visitas guiadas cada hora y a las 20 visita guiada teatralizada. El lunes 12 de 9 a 13 y de 17 a 20 hs tambi\u00e9n habr\u00e1 visitas guiadas cada hora y a las 21, visita guiada nocturna. Y el martes 13, el horario ser\u00e1 de 9 a 13 y de 17 a 21 hs con visitas guiadas cada hora.<\/p>\n\n\n\n<p>El antiguo molino a viento situado en un paraje rural del Departamento Col\u00f3n ofrece estas&nbsp; atractivas posibilidades de acercar a los visitantes a la vida de otra \u00e9poca, de inmigrantes. El molino convertido en museo que lleva el nombre de su constructor, Juan Bautista Forclaz, un inmigrante de origen suizo que lleg\u00f3 a la zona en 1859, ofrece una atractiva agenda para el disfrute de los visitantes.<\/p>\n\n\n\n<figure class=\"wp-block-image\"><img loading=\"lazy\" decoding=\"async\" width=\"1600\" height=\"1067\" src=\"https:\/\/www.entrerios.gov.ar\/cultura\/wp-content\/uploads\/2024\/02\/image-24.jpeg\" alt=\"\" class=\"wp-image-10013\" srcset=\"https:\/\/www.entrerios.gov.ar\/cultura\/wp-content\/uploads\/2024\/02\/image-24.jpeg 1600w, https:\/\/www.entrerios.gov.ar\/cultura\/wp-content\/uploads\/2024\/02\/image-24-1280x854.jpeg 1280w, https:\/\/www.entrerios.gov.ar\/cultura\/wp-content\/uploads\/2024\/02\/image-24-980x654.jpeg 980w, https:\/\/www.entrerios.gov.ar\/cultura\/wp-content\/uploads\/2024\/02\/image-24-480x320.jpeg 480w\" sizes=\"auto, (min-width: 0px) and (max-width: 480px) 480px, (min-width: 481px) and (max-width: 980px) 980px, (min-width: 981px) and (max-width: 1280px) 1280px, (min-width: 1281px) 1600px, 100vw\" \/><\/figure>\n\n\n\n<p><em>Museo y Monumento Hist\u00f3rico Molino Forclaz (Col\u00f3n)<\/em><\/p>\n\n\n\n<p>Cabe destacar que si bien las entradas a los museos son libres y gratuitas, en el caso del Museo Hist\u00f3rico, de Bellas Artes y el Molino Forclaz se puede abonar un bono optativo de contribuci\u00f3n que se destina a las Asociaciones de Amigos de las instituciones.<\/p>\n\n\n\n<p><strong>M\u00e1s informaci\u00f3n<\/strong><\/p>\n\n\n\n<p><strong>Museo de Bellas Artes<\/strong><\/p>\n\n\n\n<p>Buenos Aires 355 | Paran\u00e1 &#8211; Entre R\u00edos | 54343 4207868 | <a href=\"mailto:gestionbellasartes@gmail.com\">gestionbellasartes@gmail.com<\/a><\/p>\n\n\n\n<p><strong>Museo de Ciencias Naturales<\/strong><\/p>\n\n\n\n<p>Carlos Gardel 62 | Paran\u00e1 &#8211; Entre R\u00edos | Tel.: 0343 4208894 | <a href=\"mailto:museoserrano@gmail.com\">museoserrano@gmail.com<\/a><\/p>\n\n\n\n<p><strong>Museo Hist\u00f3rico<\/strong><\/p>\n\n\n\n<p>Buenos Aires 296, Paran\u00e1, Argentina | 0343 420-7869 | <a href=\"mailto:museomleguizamon@yahoo.com\">museomleguizamon@yahoo.com<\/a><\/p>\n\n\n\n<p><strong>Museo y Molino Forclaz<\/strong><\/p>\n\n\n\n<p>Primeros Colonos | Col\u00f3n | <a href=\"mailto:molinoforclaz@gmail.com\">molinoforclaz@gmail.com<\/a><\/p>\n","protected":false},"excerpt":{"rendered":"<p>La Secretar\u00eda de Cultura de Entre R\u00edos informa las propuestas que ofrecen las diferentes instituciones bajo su \u00f3rbita durante el fin de semana largo. Los museos provinciales son espacios abiertos a la comunidad. El acceso es libre y gratuito Museo Provincial de Bellas Artes (Paran\u00e1) Este fin de semana largo, en el que la comunidad [&hellip;]<\/p>\n","protected":false},"author":49,"featured_media":10005,"comment_status":"open","ping_status":"open","sticky":false,"template":"","format":"standard","meta":{"_et_pb_use_builder":"off","_et_pb_old_content":"","_et_gb_content_width":"","footnotes":""},"categories":[1,28,9,8,10,13],"tags":[],"class_list":["post-10010","post","type-post","status-publish","format-standard","has-post-thumbnail","hentry","category-destacado","category-noticias","category-museo-bellas-artes","category-museo-ciencias-naturales","category-museo-historico","category-museo-molino-forclaz"],"_links":{"self":[{"href":"https:\/\/www.entrerios.gov.ar\/cultura\/wp-json\/wp\/v2\/posts\/10010","targetHints":{"allow":["GET"]}}],"collection":[{"href":"https:\/\/www.entrerios.gov.ar\/cultura\/wp-json\/wp\/v2\/posts"}],"about":[{"href":"https:\/\/www.entrerios.gov.ar\/cultura\/wp-json\/wp\/v2\/types\/post"}],"author":[{"embeddable":true,"href":"https:\/\/www.entrerios.gov.ar\/cultura\/wp-json\/wp\/v2\/users\/49"}],"replies":[{"embeddable":true,"href":"https:\/\/www.entrerios.gov.ar\/cultura\/wp-json\/wp\/v2\/comments?post=10010"}],"version-history":[{"count":2,"href":"https:\/\/www.entrerios.gov.ar\/cultura\/wp-json\/wp\/v2\/posts\/10010\/revisions"}],"predecessor-version":[{"id":10017,"href":"https:\/\/www.entrerios.gov.ar\/cultura\/wp-json\/wp\/v2\/posts\/10010\/revisions\/10017"}],"wp:featuredmedia":[{"embeddable":true,"href":"https:\/\/www.entrerios.gov.ar\/cultura\/wp-json\/wp\/v2\/media\/10005"}],"wp:attachment":[{"href":"https:\/\/www.entrerios.gov.ar\/cultura\/wp-json\/wp\/v2\/media?parent=10010"}],"wp:term":[{"taxonomy":"category","embeddable":true,"href":"https:\/\/www.entrerios.gov.ar\/cultura\/wp-json\/wp\/v2\/categories?post=10010"},{"taxonomy":"post_tag","embeddable":true,"href":"https:\/\/www.entrerios.gov.ar\/cultura\/wp-json\/wp\/v2\/tags?post=10010"}],"curies":[{"name":"wp","href":"https:\/\/api.w.org\/{rel}","templated":true}]}}