{"id":10032,"date":"2024-02-13T19:40:01","date_gmt":"2024-02-13T19:40:01","guid":{"rendered":"https:\/\/www.entrerios.gov.ar\/cultura\/?p=10032"},"modified":"2024-02-13T19:59:11","modified_gmt":"2024-02-13T19:59:11","slug":"el-viernes-habra-una-charla-sobre-meteoritos-y-el-publico-podra-observar-la-luna-con-un-telescopio","status":"publish","type":"post","link":"https:\/\/www.entrerios.gov.ar\/cultura\/el-viernes-habra-una-charla-sobre-meteoritos-y-el-publico-podra-observar-la-luna-con-un-telescopio\/","title":{"rendered":"El viernes habr\u00e1 una charla sobre meteoritos y el p\u00fablico podr\u00e1 observar la luna con un telescopio"},"content":{"rendered":"\n<p><\/p>\n\n\n\n<figure class=\"wp-block-image\"><img loading=\"lazy\" decoding=\"async\" width=\"1600\" height=\"1067\" src=\"https:\/\/www.entrerios.gov.ar\/cultura\/wp-content\/uploads\/2024\/02\/image-32.jpeg\" alt=\"\" class=\"wp-image-10035\" srcset=\"https:\/\/www.entrerios.gov.ar\/cultura\/wp-content\/uploads\/2024\/02\/image-32.jpeg 1600w, https:\/\/www.entrerios.gov.ar\/cultura\/wp-content\/uploads\/2024\/02\/image-32-1280x854.jpeg 1280w, https:\/\/www.entrerios.gov.ar\/cultura\/wp-content\/uploads\/2024\/02\/image-32-980x654.jpeg 980w, https:\/\/www.entrerios.gov.ar\/cultura\/wp-content\/uploads\/2024\/02\/image-32-480x320.jpeg 480w\" sizes=\"auto, (min-width: 0px) and (max-width: 480px) 480px, (min-width: 481px) and (max-width: 980px) 980px, (min-width: 981px) and (max-width: 1280px) 1280px, (min-width: 1281px) 1600px, 100vw\" \/><\/figure>\n\n\n\n<p><strong>Foto de Portada<\/strong><\/p>\n\n\n\n<p>Ser\u00e1 a las 19.30, en el Museo \u201cProf. Antonio Serrano\u201d de Paran\u00e1. Tratar\u00e1 sobre el meteorito Berduc, hallado en 2008 en el departamento Col\u00f3n y estar\u00e1 a cargo de integrantes de la Asociaci\u00f3n Entrerriana de Astronom\u00eda (AEA). Luego, se instalar\u00e1n telescopios en la Plaza Alvear y se invitar\u00e1 a los asistentes y al p\u00fablico en general a observar la luna. La entrada es gratuita y es el inicio de un ciclo de encuentros.<\/p>\n\n\n\n<p>La Secretar\u00eda de Cultura de la Provincia organiza, junto a la&nbsp; Asociaci\u00f3n Entrerriana de Astronom\u00eda (AEA) y el&nbsp; Observatorio Astron\u00f3mico de Oro Verde, un ciclo de charlas referido a los meteoritos y a los hallazgos de piezas en Entre R\u00edos.<\/p>\n\n\n\n<p>La actividad tendr\u00e1 lugar en el Museo de Ciencias Naturales y Antropol\u00f3gicas \u201cProf. Antonio Serrano\u201d de Paran\u00e1, donde desde 2007 permanecen en guarda y exhibici\u00f3n dos grandes fragmentos de meteoritos pertenecientes a las reservas chaque\u00f1as Campo del Cielo, cuya restituci\u00f3n fue acordada entre las provincias de Chaco y Entre R\u00edos.&nbsp;<\/p>\n\n\n\n<p>El primer encuentro ser\u00e1 este viernes 16 de febrero, a las 19.30, en el organismo ubicado en calle Carlos Gardel 62, con entrada libre y gratuita, y comprender\u00e1 tambi\u00e9n, una vez finalizada la charla, la invitaci\u00f3n a los asistentes a observar la luna a trav\u00e9s de telescopios que la AEA instalar\u00e1 enfrente del museo, en la Plaza Alvear.&nbsp;<\/p>\n\n\n\n<p>La posibilidad de vivir esa experiencia estar\u00e1 abierta tambi\u00e9n a todas aquellas personas que quieran acercarse a las 20 horas a la plaza. El objetivo de la observaci\u00f3n, adem\u00e1s de contemplar la belleza de la luna, ser\u00e1 poder analizar sus cr\u00e1teres producto de impactos de meteoritos, asteroides y cometas. Esta \u00faltima actividad se podr\u00e1 llevar a cabo siempre que el cielo est\u00e9 despejado.<\/p>\n\n\n\n<figure class=\"wp-block-image\"><img loading=\"lazy\" decoding=\"async\" width=\"1600\" height=\"1067\" src=\"https:\/\/www.entrerios.gov.ar\/cultura\/wp-content\/uploads\/2024\/02\/image-31.jpeg\" alt=\"\" class=\"wp-image-10034\" srcset=\"https:\/\/www.entrerios.gov.ar\/cultura\/wp-content\/uploads\/2024\/02\/image-31.jpeg 1600w, https:\/\/www.entrerios.gov.ar\/cultura\/wp-content\/uploads\/2024\/02\/image-31-1280x854.jpeg 1280w, https:\/\/www.entrerios.gov.ar\/cultura\/wp-content\/uploads\/2024\/02\/image-31-980x654.jpeg 980w, https:\/\/www.entrerios.gov.ar\/cultura\/wp-content\/uploads\/2024\/02\/image-31-480x320.jpeg 480w\" sizes=\"auto, (min-width: 0px) and (max-width: 480px) 480px, (min-width: 481px) and (max-width: 980px) 980px, (min-width: 981px) and (max-width: 1280px) 1280px, (min-width: 1281px) 1600px, 100vw\" \/><\/figure>\n\n\n\n<p>Foto Sala del Museo Serrano<\/p>\n\n\n\n<p>El meteorito Berduc<\/p>\n\n\n\n<p>La primera charla estar\u00e1 a cargo de Juan Pablo Sotera, Mariano Peter y Gustavo Blettler,&nbsp; integrantes de la AEA, y se basar\u00e1 en el meteorito Berduc, cuyos fragmentos fueron encontrados en el Departamento Col\u00f3n, en la colonia que le da el nombre a las piezas. Seg\u00fan el registro de la AEA, en la noche del 6 de abril de 2008 decenas de personas de Entre R\u00edos y de otras provincias vieron una bola de fuego en el cielo. Luego, tras el avistamiento, se encontraron elementos de un meteorito en Colonia Berduc, en la zona de Col\u00f3n. La charla abordar\u00e1 el tipo de meteorito, la ca\u00edda, la b\u00fasqueda, el hallazgo y el an\u00e1lisis de piezas realizado por la asociaci\u00f3n.<\/p>\n\n\n\n<p>Los siguientes encuentros ser\u00e1n uno por mes. El segundo tratar\u00e1 de meteoritos en general y sobre los ca\u00eddos en Entre R\u00edos; y la tercera se referir\u00e1 a los impactos en la luna de cometas, asteroides y meteoritos.<\/p>\n\n\n\n<p>De Campo del Cielo<\/p>\n\n\n\n<p>La actividad tendr\u00e1 como marco la muestra de dos piezas de meteoritos que pertenecen a la reserva natural de Campo del Cielo, en Chaco, y permanecen en guarda en el Museo \u201cProf. Antonio Serrano\u201d. La charla tambi\u00e9n ser\u00e1 una oportunidad para que los asistentes puedan apreciar estos fragmentos que en 2007 fueron secuestrados por Gendarmer\u00eda Nacional, Secci\u00f3n Ceibas, dependiente del Escuadr\u00f3n 56 de Gualeguaych\u00fa, cuando eran trasladados ilegalmente en la zona de las rutas Nacionales 12 y 14, departamento Islas de Ibicuy. Pesan m\u00e1s de 2.000 kilos \u2013 un fragmento, el m\u00e1s grande, 1600&nbsp; y el otro, 600&nbsp; \u2013 y hab\u00edan sido extra\u00eddos de Campo del Cielo, la reserva natural de Chaco que alberga los restos de una de las mayores lluvias de meteoritos ocurrida hace unos 4000 a\u00f1os. En enero pasado, el gobernador Rogelio Frigerio y su par chaque\u00f1o, Leandro Zdero, acordaron la restituci\u00f3n de las piezas a su lugar de origen.<\/p>\n\n\n\n<p>Convocatoria&nbsp;<\/p>\n\n\n\n<p>Ante este valioso patrimonio cultural, el secretario de Cultura, Fabi\u00e1n Reato, convoca a la comunidad a visitar y disfrutar de estas piezas. La atenci\u00f3n del Museo de Ciencias Naturales y Antropol\u00f3gicas Profesor Antonio Serrano (Carlos Gardel 62) es de martes a viernes, de 10 a 13 y de 17 a 20 horas, y los s\u00e1bados y feriados, de 10 a 13 horas.<\/p>\n\n\n\n<figure class=\"wp-block-image\"><img loading=\"lazy\" decoding=\"async\" width=\"1600\" height=\"1067\" src=\"https:\/\/www.entrerios.gov.ar\/cultura\/wp-content\/uploads\/2024\/02\/image-30.jpeg\" alt=\"\" class=\"wp-image-10033\" srcset=\"https:\/\/www.entrerios.gov.ar\/cultura\/wp-content\/uploads\/2024\/02\/image-30.jpeg 1600w, https:\/\/www.entrerios.gov.ar\/cultura\/wp-content\/uploads\/2024\/02\/image-30-1280x854.jpeg 1280w, https:\/\/www.entrerios.gov.ar\/cultura\/wp-content\/uploads\/2024\/02\/image-30-980x654.jpeg 980w, https:\/\/www.entrerios.gov.ar\/cultura\/wp-content\/uploads\/2024\/02\/image-30-480x320.jpeg 480w\" sizes=\"auto, (min-width: 0px) and (max-width: 480px) 480px, (min-width: 481px) and (max-width: 980px) 980px, (min-width: 981px) and (max-width: 1280px) 1280px, (min-width: 1281px) 1600px, 100vw\" \/><\/figure>\n\n\n\n<p>Foto Sala del Museo Serrano &#8211; Meteorito en custodia&nbsp;<\/p>\n","protected":false},"excerpt":{"rendered":"<p>Foto de Portada Ser\u00e1 a las 19.30, en el Museo \u201cProf. Antonio Serrano\u201d de Paran\u00e1. Tratar\u00e1 sobre el meteorito Berduc, hallado en 2008 en el departamento Col\u00f3n y estar\u00e1 a cargo de integrantes de la Asociaci\u00f3n Entrerriana de Astronom\u00eda (AEA). Luego, se instalar\u00e1n telescopios en la Plaza Alvear y se invitar\u00e1 a los asistentes y [&hellip;]<\/p>\n","protected":false},"author":49,"featured_media":10035,"comment_status":"open","ping_status":"open","sticky":false,"template":"","format":"standard","meta":{"_et_pb_use_builder":"off","_et_pb_old_content":"","_et_gb_content_width":"","footnotes":""},"categories":[1,28,8],"tags":[],"class_list":["post-10032","post","type-post","status-publish","format-standard","has-post-thumbnail","hentry","category-destacado","category-noticias","category-museo-ciencias-naturales"],"_links":{"self":[{"href":"https:\/\/www.entrerios.gov.ar\/cultura\/wp-json\/wp\/v2\/posts\/10032","targetHints":{"allow":["GET"]}}],"collection":[{"href":"https:\/\/www.entrerios.gov.ar\/cultura\/wp-json\/wp\/v2\/posts"}],"about":[{"href":"https:\/\/www.entrerios.gov.ar\/cultura\/wp-json\/wp\/v2\/types\/post"}],"author":[{"embeddable":true,"href":"https:\/\/www.entrerios.gov.ar\/cultura\/wp-json\/wp\/v2\/users\/49"}],"replies":[{"embeddable":true,"href":"https:\/\/www.entrerios.gov.ar\/cultura\/wp-json\/wp\/v2\/comments?post=10032"}],"version-history":[{"count":2,"href":"https:\/\/www.entrerios.gov.ar\/cultura\/wp-json\/wp\/v2\/posts\/10032\/revisions"}],"predecessor-version":[{"id":10037,"href":"https:\/\/www.entrerios.gov.ar\/cultura\/wp-json\/wp\/v2\/posts\/10032\/revisions\/10037"}],"wp:featuredmedia":[{"embeddable":true,"href":"https:\/\/www.entrerios.gov.ar\/cultura\/wp-json\/wp\/v2\/media\/10035"}],"wp:attachment":[{"href":"https:\/\/www.entrerios.gov.ar\/cultura\/wp-json\/wp\/v2\/media?parent=10032"}],"wp:term":[{"taxonomy":"category","embeddable":true,"href":"https:\/\/www.entrerios.gov.ar\/cultura\/wp-json\/wp\/v2\/categories?post=10032"},{"taxonomy":"post_tag","embeddable":true,"href":"https:\/\/www.entrerios.gov.ar\/cultura\/wp-json\/wp\/v2\/tags?post=10032"}],"curies":[{"name":"wp","href":"https:\/\/api.w.org\/{rel}","templated":true}]}}