{"id":10064,"date":"2024-02-17T22:48:25","date_gmt":"2024-02-17T22:48:25","guid":{"rendered":"https:\/\/www.entrerios.gov.ar\/cultura\/?p=10064"},"modified":"2024-02-18T13:08:02","modified_gmt":"2024-02-18T13:08:02","slug":"el-publico-colmo-el-museo-antonio-serrano-para-saber-de-meteoritos-y-observar-la-luna-por-telescopio","status":"publish","type":"post","link":"https:\/\/www.entrerios.gov.ar\/cultura\/el-publico-colmo-el-museo-antonio-serrano-para-saber-de-meteoritos-y-observar-la-luna-por-telescopio\/","title":{"rendered":"El p\u00fablico colm\u00f3 el Museo Antonio Serrano para saber de meteoritos y observar la luna por telescopio\u00a0"},"content":{"rendered":"\n<p><\/p>\n\n\n\n<figure class=\"wp-block-image\"><img loading=\"lazy\" decoding=\"async\" width=\"1600\" height=\"1067\" src=\"https:\/\/www.entrerios.gov.ar\/cultura\/wp-content\/uploads\/2024\/02\/image-39.jpeg\" alt=\"\" class=\"wp-image-10068\" srcset=\"https:\/\/www.entrerios.gov.ar\/cultura\/wp-content\/uploads\/2024\/02\/image-39.jpeg 1600w, https:\/\/www.entrerios.gov.ar\/cultura\/wp-content\/uploads\/2024\/02\/image-39-1280x854.jpeg 1280w, https:\/\/www.entrerios.gov.ar\/cultura\/wp-content\/uploads\/2024\/02\/image-39-980x654.jpeg 980w, https:\/\/www.entrerios.gov.ar\/cultura\/wp-content\/uploads\/2024\/02\/image-39-480x320.jpeg 480w\" sizes=\"auto, (min-width: 0px) and (max-width: 480px) 480px, (min-width: 481px) and (max-width: 980px) 980px, (min-width: 981px) and (max-width: 1280px) 1280px, (min-width: 1281px) 1600px, 100vw\" \/><\/figure>\n\n\n\n<p>Este viernes se realiz\u00f3 la primera charla de un ciclo. El hallazgo del meteorito Berduc, en la zona de Col\u00f3n, fue el tema convocante que tuvo como atentos participantes a ni\u00f1os con sus padres, j\u00f3venes y adultos. Luego, los asistentes y p\u00fablico en general disfrutaron de la observaci\u00f3n de la luna desde la Plaza Alvear.<\/p>\n\n\n\n<p>Entrada la tardecita del viernes, el Museo de Ciencias Naturales y Antropol\u00f3gicas &#8220;Prof. Antonio Serrano&#8221; comenz\u00f3 a recibir una importante afluencia de visitantes, que pronto colm\u00f3 la capacidad del sal\u00f3n del edificio de calle Gardel 64. El lugar hab\u00eda sido acondicionado para el desarrollo de una charla sobre meteoritos, que tuvo como cierre la atractiva invitaci\u00f3n a observar la luna a trav\u00e9s de telescopios instalados en la Plaza Alvear.<\/p>\n\n\n\n<p>La actividad, con entrada libre y gratuita, fue organizada por la Secretar\u00eda de Cultura de la Provincia junto a la Asociaci\u00f3n Entrerriana de Astronom\u00eda (AEA) y el Observatorio Astron\u00f3mico de Oro Verde, y es parte de un ciclo de charlas que se extender\u00e1 durante los pr\u00f3ximos meses.<\/p>\n\n\n\n<figure class=\"wp-block-image\"><img loading=\"lazy\" decoding=\"async\" width=\"1600\" height=\"1067\" src=\"https:\/\/www.entrerios.gov.ar\/cultura\/wp-content\/uploads\/2024\/02\/image-38.jpeg\" alt=\"\" class=\"wp-image-10067\" srcset=\"https:\/\/www.entrerios.gov.ar\/cultura\/wp-content\/uploads\/2024\/02\/image-38.jpeg 1600w, https:\/\/www.entrerios.gov.ar\/cultura\/wp-content\/uploads\/2024\/02\/image-38-1280x854.jpeg 1280w, https:\/\/www.entrerios.gov.ar\/cultura\/wp-content\/uploads\/2024\/02\/image-38-980x654.jpeg 980w, https:\/\/www.entrerios.gov.ar\/cultura\/wp-content\/uploads\/2024\/02\/image-38-480x320.jpeg 480w\" sizes=\"auto, (min-width: 0px) and (max-width: 480px) 480px, (min-width: 481px) and (max-width: 980px) 980px, (min-width: 981px) and (max-width: 1280px) 1280px, (min-width: 1281px) 1600px, 100vw\" \/><\/figure>\n\n\n\n<p>Los meteoritos, las ca\u00eddas, la b\u00fasqueda y hallazgos en Entre R\u00edos; los misterios de la luna y sus cr\u00e1teres son parte de la tem\u00e1tica planteada en el ciclo. Las charlas tienen como marco la exposici\u00f3n y guarda en el museo de fragmentos pertenecientes a la reserva chaque\u00f1a Campo del Cielo, piezas cuya restituci\u00f3n fue acordada por las provincias de Entre R\u00edos y Chaco.<\/p>\n\n\n\n<p>Con la presencia del Secretario de Cultura de Entre R\u00edos, Fabi\u00e1n Reato, pasadas las 19.30, Juan Pablo Sotera, vicepresidente de AEA, dio inicio a la charla que tom\u00f3 como punto de partida el acontecimiento que tuvo lugar en la noche del 6 de abril de 2008. Aquella vez fue cuando decenas de personas de Entre R\u00edos y de otras provincias observaron una bola de fuego en el cielo. Y d\u00edas despu\u00e9s, en el predio de un vivero de Colonia Berduc, en el Departamento Col\u00f3n, se encontraron fragmentos de un meteorito. Fue el primer evento de esta magnitud en el que intervino la Asociaci\u00f3n Entrerriana de Astronom\u00eda, sentando un importante precedente.<\/p>\n\n\n\n<p>Por su parte, Mariano Peter, integrante de la AEA, tambi\u00e9n hizo referencia a la investigaci\u00f3n que se realiz\u00f3 sobre el caso y al tr\u00e1fico ilegal de estos materiales, recalcando la necesidad de actuar r\u00e1pidamente para evitar el contrabando.<\/p>\n\n\n\n<p>Durante la charla, en el sal\u00f3n colmado de p\u00fablico y con asistentes de pie en los pasillos, los ni\u00f1os fueron avanzando, entusiasmados, entre los presentes y ubic\u00e1ndose cerca de los expositores y de una caja donde hab\u00eda muestras del meteorito, denominado Berduc por el lugar del hallazgo. Al t\u00e9rmino de la exposici\u00f3n, todos los presentes pudieron observar algunos fragmentos.<\/p>\n\n\n\n<figure class=\"wp-block-image\"><img loading=\"lazy\" decoding=\"async\" width=\"1600\" height=\"1067\" src=\"https:\/\/www.entrerios.gov.ar\/cultura\/wp-content\/uploads\/2024\/02\/image-40.jpeg\" alt=\"\" class=\"wp-image-10069\" srcset=\"https:\/\/www.entrerios.gov.ar\/cultura\/wp-content\/uploads\/2024\/02\/image-40.jpeg 1600w, https:\/\/www.entrerios.gov.ar\/cultura\/wp-content\/uploads\/2024\/02\/image-40-1280x854.jpeg 1280w, https:\/\/www.entrerios.gov.ar\/cultura\/wp-content\/uploads\/2024\/02\/image-40-980x654.jpeg 980w, https:\/\/www.entrerios.gov.ar\/cultura\/wp-content\/uploads\/2024\/02\/image-40-480x320.jpeg 480w\" sizes=\"auto, (min-width: 0px) and (max-width: 480px) 480px, (min-width: 481px) and (max-width: 980px) 980px, (min-width: 981px) and (max-width: 1280px) 1280px, (min-width: 1281px) 1600px, 100vw\" \/><\/figure>\n\n\n\n<p><\/p>\n\n\n\n<p><strong>Una ocasi\u00f3n imperdible para aprender<\/strong><\/p>\n\n\n\n<p>\u201cEsta actividad es una importante oportunidad para conocer y difundir de qu\u00e9 se tratan los meteoritos, su relevancia para la ciencia, para el patrimonio cultural, y respecto de los hallazgos producidos en Entre R\u00edos, de los que poco se conoce\u201d, dijo el secretario Fabi\u00e1n Reato. Seguidamente, destac\u00f3 la respuesta del p\u00fablico a la convocatoria, \u201clo que demuestra el inter\u00e9s que genera el tema en la comunidad\u201d.&nbsp;&nbsp;<\/p>\n\n\n\n<p>Por su parte, Sotera opin\u00f3 que \u201cel ciclo de charlas tiene como objetivo resaltar el valor que tiene para nuestra provincia, para la ciencia, la educaci\u00f3n, para la investigaci\u00f3n, poder preservar los objetos que ingresen a nuestra atm\u00f3sfera y en nuestro territorio\u201d. Por ello, remarc\u00f3 la necesidad de que se pueda&nbsp; avanzar en una legislaci\u00f3n espec\u00edfica que permita la investigaci\u00f3n, aunque se trate de colecciones privadas, ya que \u201chay meteoritos de gran valor cient\u00edfico que aportan informaci\u00f3n muy valiosa sobre la historia del universo y la formaci\u00f3n de la vida\u201d.<\/p>\n\n\n\n<figure class=\"wp-block-image\"><img loading=\"lazy\" decoding=\"async\" width=\"1600\" height=\"1067\" src=\"https:\/\/www.entrerios.gov.ar\/cultura\/wp-content\/uploads\/2024\/02\/image-37.jpeg\" alt=\"\" class=\"wp-image-10066\" srcset=\"https:\/\/www.entrerios.gov.ar\/cultura\/wp-content\/uploads\/2024\/02\/image-37.jpeg 1600w, https:\/\/www.entrerios.gov.ar\/cultura\/wp-content\/uploads\/2024\/02\/image-37-1280x854.jpeg 1280w, https:\/\/www.entrerios.gov.ar\/cultura\/wp-content\/uploads\/2024\/02\/image-37-980x654.jpeg 980w, https:\/\/www.entrerios.gov.ar\/cultura\/wp-content\/uploads\/2024\/02\/image-37-480x320.jpeg 480w\" sizes=\"auto, (min-width: 0px) and (max-width: 480px) 480px, (min-width: 481px) and (max-width: 980px) 980px, (min-width: 981px) and (max-width: 1280px) 1280px, (min-width: 1281px) 1600px, 100vw\" \/><\/figure>\n\n\n\n<p><\/p>\n\n\n\n<p><strong>Luna creciente en el telescopio<\/strong><\/p>\n\n\n\n<p>Luego de la actividad en el museo, el p\u00fablico se reuni\u00f3 en la esquina de las calles Buenos Aires y Gardel, de la Plaza Alvear, de Paran\u00e1, donde se dispusieron distintos telescopios para observar la luna, haciendo foco en los cr\u00e1teres que este sat\u00e9lite presenta producto del impacto de meteoritos. La experiencia atrajo adultos y ni\u00f1os que hicieron largas filas para esperar su turno de observaci\u00f3n.<\/p>\n\n\n\n<p>\u201cMe encanta mirar por el telescopio y ver la luna tan cerca\u201d, dijo Martina, de 8 a\u00f1os. Mientras Tom\u00e1s, de 11, opin\u00f3 que le \u201cgusta mucho que pongan telescopios en la plaza y los meteoritos gigantes que tiene el museo\u201d.<\/p>\n\n\n\n<p>\u201cEs una hermosa actividad para disfrutarla en familia. El tema de los meteoritos es muy interesante y nos gusta a todos y tambi\u00e9n poder mirar por los telescopios. Es fascinante\u201d, coment\u00f3 Gimena, quien particip\u00f3 con su esposo y dos hijos.<\/p>\n\n\n\n<figure class=\"wp-block-image\"><img loading=\"lazy\" decoding=\"async\" width=\"1600\" height=\"1067\" src=\"https:\/\/www.entrerios.gov.ar\/cultura\/wp-content\/uploads\/2024\/02\/image-41.jpeg\" alt=\"\" class=\"wp-image-10070\" srcset=\"https:\/\/www.entrerios.gov.ar\/cultura\/wp-content\/uploads\/2024\/02\/image-41.jpeg 1600w, https:\/\/www.entrerios.gov.ar\/cultura\/wp-content\/uploads\/2024\/02\/image-41-1280x854.jpeg 1280w, https:\/\/www.entrerios.gov.ar\/cultura\/wp-content\/uploads\/2024\/02\/image-41-980x654.jpeg 980w, https:\/\/www.entrerios.gov.ar\/cultura\/wp-content\/uploads\/2024\/02\/image-41-480x320.jpeg 480w\" sizes=\"auto, (min-width: 0px) and (max-width: 480px) 480px, (min-width: 481px) and (max-width: 980px) 980px, (min-width: 981px) and (max-width: 1280px) 1280px, (min-width: 1281px) 1600px, 100vw\" \/><\/figure>\n\n\n\n<p><\/p>\n\n\n\n<p><strong>Los meteoritos del Museo<\/strong><\/p>\n\n\n\n<p>La actividad tiene como marco la exhibici\u00f3n de los fragmentos de meteorito que se encuentran en guarda en el Museo \u201cProf. Antonio Serrano\u201d, los cuales fueron secuestrados en 2007 por Gendarmer\u00eda Nacional, Secci\u00f3n Ceibas, cuando eran trasladados ilegalmente en la zona de las rutas Nacionales 12 y 14, Departamento Islas del Ibicuy. El m\u00e1s grande, que pesa 1600kg. y el otro, de 600kg., hab\u00edan sido extra\u00eddos de Campo del Cielo, reserva natural de Chaco que alberga los restos de una de las mayores lluvias de meteoritos ocurrida hace unos 4000 a\u00f1os. En enero pasado, el gobernador Rogelio Frigerio y su par chaque\u00f1o, Leandro Zdero, acordaron la restituci\u00f3n de las piezas a su lugar de origen.<\/p>\n\n\n\n<p>Hasta tanto se haga efectivo el traslado, se brindar\u00e1n estas charlas para aprovechar al m\u00e1ximo el potencial educativo que tienen estos objetos y brindar la posibilidad de que todos puedan conocerlos. Tambi\u00e9n se invita a la comunidad a visitar el museo y a disfrutar de este valioso patrimonio.<\/p>\n\n\n\n<p>El horario de atenci\u00f3n al p\u00fablico del museo, ubicado en calle Gardel 64, de la capital entrerriana, durante el mes de febrero es de martes a viernes de 10 a 13 y de 17 a 20 hs. S\u00e1bados y feriados de 10 a 13. La entrada es libre y gratuita.<\/p>\n","protected":false},"excerpt":{"rendered":"<p>Este viernes se realiz\u00f3 la primera charla de un ciclo. El hallazgo del meteorito Berduc, en la zona de Col\u00f3n, fue el tema convocante que tuvo como atentos participantes a ni\u00f1os con sus padres, j\u00f3venes y adultos. Luego, los asistentes y p\u00fablico en general disfrutaron de la observaci\u00f3n de la luna desde la Plaza Alvear. [&hellip;]<\/p>\n","protected":false},"author":49,"featured_media":10065,"comment_status":"open","ping_status":"open","sticky":false,"template":"","format":"standard","meta":{"_et_pb_use_builder":"off","_et_pb_old_content":"","_et_gb_content_width":"","footnotes":""},"categories":[1,28,8],"tags":[],"class_list":["post-10064","post","type-post","status-publish","format-standard","has-post-thumbnail","hentry","category-destacado","category-noticias","category-museo-ciencias-naturales"],"_links":{"self":[{"href":"https:\/\/www.entrerios.gov.ar\/cultura\/wp-json\/wp\/v2\/posts\/10064","targetHints":{"allow":["GET"]}}],"collection":[{"href":"https:\/\/www.entrerios.gov.ar\/cultura\/wp-json\/wp\/v2\/posts"}],"about":[{"href":"https:\/\/www.entrerios.gov.ar\/cultura\/wp-json\/wp\/v2\/types\/post"}],"author":[{"embeddable":true,"href":"https:\/\/www.entrerios.gov.ar\/cultura\/wp-json\/wp\/v2\/users\/49"}],"replies":[{"embeddable":true,"href":"https:\/\/www.entrerios.gov.ar\/cultura\/wp-json\/wp\/v2\/comments?post=10064"}],"version-history":[{"count":1,"href":"https:\/\/www.entrerios.gov.ar\/cultura\/wp-json\/wp\/v2\/posts\/10064\/revisions"}],"predecessor-version":[{"id":10071,"href":"https:\/\/www.entrerios.gov.ar\/cultura\/wp-json\/wp\/v2\/posts\/10064\/revisions\/10071"}],"wp:featuredmedia":[{"embeddable":true,"href":"https:\/\/www.entrerios.gov.ar\/cultura\/wp-json\/wp\/v2\/media\/10065"}],"wp:attachment":[{"href":"https:\/\/www.entrerios.gov.ar\/cultura\/wp-json\/wp\/v2\/media?parent=10064"}],"wp:term":[{"taxonomy":"category","embeddable":true,"href":"https:\/\/www.entrerios.gov.ar\/cultura\/wp-json\/wp\/v2\/categories?post=10064"},{"taxonomy":"post_tag","embeddable":true,"href":"https:\/\/www.entrerios.gov.ar\/cultura\/wp-json\/wp\/v2\/tags?post=10064"}],"curies":[{"name":"wp","href":"https:\/\/api.w.org\/{rel}","templated":true}]}}