{"id":10106,"date":"2024-02-23T06:30:00","date_gmt":"2024-02-23T06:30:00","guid":{"rendered":"https:\/\/www.entrerios.gov.ar\/cultura\/?p=10106"},"modified":"2024-02-22T16:31:56","modified_gmt":"2024-02-22T16:31:56","slug":"ninos-de-barrios-de-la-ciudad-visitaron-el-museo-provincial-antonio-serrano","status":"publish","type":"post","link":"https:\/\/www.entrerios.gov.ar\/cultura\/ninos-de-barrios-de-la-ciudad-visitaron-el-museo-provincial-antonio-serrano\/","title":{"rendered":"Ni\u00f1os de barrios de la ciudad visitaron el Museo Provincial Antonio Serrano\u00a0"},"content":{"rendered":"\n<p>Recorrieron las distintas salas y conocieron el rico patrimonio arqueol\u00f3gico y paleontol\u00f3gico de la provincia. Luego fue el momento del cine y se entusiasmaron con Las aventuras de Cal\u00e1, la primera animaci\u00f3n infantil entrerriana de estas caracter\u00edsticas. El grupo es de los barrios Franzotti, Villa Mar\u00eda, Humito, Mosconi y Puente Blanco.<\/p>\n\n\n\n<p>Como cierre del receso de verano, el mi\u00e9rcoles pasado un grupo de ni\u00f1os de barrios de la zona oeste de la ciudad particip\u00f3 de una visita al Museo de Ciencias Naturales y Antropol\u00f3gicas &#8220;Prof. Antonio Serrano&#8221;, donde recorrieron las distintas salas y se embelesaron con las diferentes piezas en exposici\u00f3n y sus historias. Como parte final, la invitaci\u00f3n fue a disfrutar de una pel\u00edcula.&nbsp;<\/p>\n\n\n\n<p>La actividad fue organizada por la Secretar\u00eda de Cultura de Entre R\u00edos junto al museo ubicado en calle Gardel 62, ante la solicitud de la Escuelita Deportiva perteneciente a la Asociaci\u00f3n Civil Juventud Unida Solidaria y Deportiva JUSD, de la ciudad de Paran\u00e1. En este \u00e1mbito ni\u00f1os de los barrios Franzotti, Villa Mar\u00eda, Humito, Mosconi y Puente Blanco realizan distintas actividades.<\/p>\n\n\n\n<figure class=\"wp-block-image\"><img loading=\"lazy\" decoding=\"async\" width=\"1600\" height=\"1067\" src=\"https:\/\/www.entrerios.gov.ar\/cultura\/wp-content\/uploads\/2024\/02\/image-51.jpeg\" alt=\"\" class=\"wp-image-10109\" srcset=\"https:\/\/www.entrerios.gov.ar\/cultura\/wp-content\/uploads\/2024\/02\/image-51.jpeg 1600w, https:\/\/www.entrerios.gov.ar\/cultura\/wp-content\/uploads\/2024\/02\/image-51-1280x854.jpeg 1280w, https:\/\/www.entrerios.gov.ar\/cultura\/wp-content\/uploads\/2024\/02\/image-51-980x654.jpeg 980w, https:\/\/www.entrerios.gov.ar\/cultura\/wp-content\/uploads\/2024\/02\/image-51-480x320.jpeg 480w\" sizes=\"auto, (min-width: 0px) and (max-width: 480px) 480px, (min-width: 481px) and (max-width: 980px) 980px, (min-width: 981px) and (max-width: 1280px) 1280px, (min-width: 1281px) 1600px, 100vw\" \/><\/figure>\n\n\n\n<p>\u201cLos chicos quedaron encantados con la actividad. Muchos no conoc\u00edan el museo, nosotros tampoco, as\u00ed que estuvo muy bueno. Nos gust\u00f3 mucho el recorrido y tambi\u00e9n la proyecci\u00f3n de la peli. Est\u00e1 bueno poder salir un poco del barrio, conocer otras cosas y participar de actividades culturales y educativas\u201d, dijo Leonardo Rondan, uno de los integrantes de la Asociaci\u00f3n JUSD.<\/p>\n\n\n\n<p>La experiencia gener\u00f3 curiosidad y sorpresa de los chicos en el ingreso a cada sala y el silencio fue prueba del inter\u00e9s ante las explicaciones de la gu\u00eda frente a las piezas. En el grupo hab\u00eda chicos que conoc\u00edan el museo, mediante las visitas con la escuela, y otros que ven\u00edan por primera vez.&nbsp;<\/p>\n\n\n\n<p>\u201cEs muy grande el museo y tiene muchas cosas re buenas. Es la primera vez que vengo y me encant\u00f3\u201d, coment\u00f3 Brenda, 8 a\u00f1os. La vivencia de Juan de 9 apunta a los animales y dijo que le encantaba el le\u00f3n y los dinosaurios. \u201cQuiero volver (al museo) con mi mam\u00e1\u201d. Jonatan, de 10 a\u00f1os, cont\u00f3 que hab\u00eda venido con la escuela y que le gustaba mucho el lugar.<\/p>\n\n\n\n<figure class=\"wp-block-image\"><img loading=\"lazy\" decoding=\"async\" width=\"1600\" height=\"1067\" src=\"https:\/\/www.entrerios.gov.ar\/cultura\/wp-content\/uploads\/2024\/02\/image-50.jpeg\" alt=\"\" class=\"wp-image-10108\" srcset=\"https:\/\/www.entrerios.gov.ar\/cultura\/wp-content\/uploads\/2024\/02\/image-50.jpeg 1600w, https:\/\/www.entrerios.gov.ar\/cultura\/wp-content\/uploads\/2024\/02\/image-50-1280x854.jpeg 1280w, https:\/\/www.entrerios.gov.ar\/cultura\/wp-content\/uploads\/2024\/02\/image-50-980x654.jpeg 980w, https:\/\/www.entrerios.gov.ar\/cultura\/wp-content\/uploads\/2024\/02\/image-50-480x320.jpeg 480w\" sizes=\"auto, (min-width: 0px) and (max-width: 480px) 480px, (min-width: 481px) and (max-width: 980px) 980px, (min-width: 981px) and (max-width: 1280px) 1280px, (min-width: 1281px) 1600px, 100vw\" \/><\/figure>\n\n\n\n<p><strong>Recorrido<\/strong><\/p>\n\n\n\n<p>La visita guiada estuvo coordinada por la Lic. Graciela Ibargoyen, perteneciente al equipo del museo, y el recorrido abarc\u00f3 las salas de geolog\u00eda, bot\u00e1nica, vertebrados, paleontolog\u00eda y acuario. Posteriormente, se realiz\u00f3 la proyecci\u00f3n de Las aventuras de Cal\u00e1. Se trata de la primera animaci\u00f3n infantil entrerriana de estas caracter\u00edsticas, que tiene como eje tem\u00e1tico a&nbsp; los pueblos originarios de Entre R\u00edos, sus tradiciones, su lenguaje y su forma de vida.<\/p>\n\n\n\n<p>El servicio de visitas guiadas del Museo es una propuesta que se lleva adelante durante todo el a\u00f1o y se brinda para instituciones educativas, contingentes de turistas, clubes, asociaciones, entre otras.<\/p>\n\n\n\n<p>Se debe reservar un turno con anticipaci\u00f3n, comunic\u00e1ndose de manera telef\u00f3nica al (0343) 4208894 de martes a viernes de 10 a 13 y de 17 a 20 (horario de verano durante febrero).<\/p>\n","protected":false},"excerpt":{"rendered":"<p>Recorrieron las distintas salas y conocieron el rico patrimonio arqueol\u00f3gico y paleontol\u00f3gico de la provincia. Luego fue el momento del cine y se entusiasmaron con Las aventuras de Cal\u00e1, la primera animaci\u00f3n infantil entrerriana de estas caracter\u00edsticas. El grupo es de los barrios Franzotti, Villa Mar\u00eda, Humito, Mosconi y Puente Blanco. Como cierre del receso [&hellip;]<\/p>\n","protected":false},"author":5,"featured_media":10107,"comment_status":"open","ping_status":"open","sticky":false,"template":"","format":"standard","meta":{"_et_pb_use_builder":"off","_et_pb_old_content":"","_et_gb_content_width":"","footnotes":""},"categories":[1,28,8],"tags":[],"class_list":["post-10106","post","type-post","status-publish","format-standard","has-post-thumbnail","hentry","category-destacado","category-noticias","category-museo-ciencias-naturales"],"_links":{"self":[{"href":"https:\/\/www.entrerios.gov.ar\/cultura\/wp-json\/wp\/v2\/posts\/10106","targetHints":{"allow":["GET"]}}],"collection":[{"href":"https:\/\/www.entrerios.gov.ar\/cultura\/wp-json\/wp\/v2\/posts"}],"about":[{"href":"https:\/\/www.entrerios.gov.ar\/cultura\/wp-json\/wp\/v2\/types\/post"}],"author":[{"embeddable":true,"href":"https:\/\/www.entrerios.gov.ar\/cultura\/wp-json\/wp\/v2\/users\/5"}],"replies":[{"embeddable":true,"href":"https:\/\/www.entrerios.gov.ar\/cultura\/wp-json\/wp\/v2\/comments?post=10106"}],"version-history":[{"count":1,"href":"https:\/\/www.entrerios.gov.ar\/cultura\/wp-json\/wp\/v2\/posts\/10106\/revisions"}],"predecessor-version":[{"id":10110,"href":"https:\/\/www.entrerios.gov.ar\/cultura\/wp-json\/wp\/v2\/posts\/10106\/revisions\/10110"}],"wp:featuredmedia":[{"embeddable":true,"href":"https:\/\/www.entrerios.gov.ar\/cultura\/wp-json\/wp\/v2\/media\/10107"}],"wp:attachment":[{"href":"https:\/\/www.entrerios.gov.ar\/cultura\/wp-json\/wp\/v2\/media?parent=10106"}],"wp:term":[{"taxonomy":"category","embeddable":true,"href":"https:\/\/www.entrerios.gov.ar\/cultura\/wp-json\/wp\/v2\/categories?post=10106"},{"taxonomy":"post_tag","embeddable":true,"href":"https:\/\/www.entrerios.gov.ar\/cultura\/wp-json\/wp\/v2\/tags?post=10106"}],"curies":[{"name":"wp","href":"https:\/\/api.w.org\/{rel}","templated":true}]}}