{"id":10134,"date":"2024-02-28T05:46:00","date_gmt":"2024-02-28T05:46:00","guid":{"rendered":"https:\/\/www.entrerios.gov.ar\/cultura\/?p=10134"},"modified":"2024-02-27T17:47:51","modified_gmt":"2024-02-27T17:47:51","slug":"cortometrajes-y-performance-artistica-en-el-cierre-del-ciclo-ecocinema","status":"publish","type":"post","link":"https:\/\/www.entrerios.gov.ar\/cultura\/cortometrajes-y-performance-artistica-en-el-cierre-del-ciclo-ecocinema\/","title":{"rendered":"Cortometrajes y performance art\u00edstica en el cierre del Ciclo EcoCinema"},"content":{"rendered":"\n<p>Este viernes 1 de marzo tendr\u00e1 lugar la \u00faltima entrega del ciclo de cine de verano vinculado con la reflexi\u00f3n ambiental organizado por la Secretar\u00eda de Ambiente y la Secretar\u00eda de Cultura de Entre R\u00edos, en el marco de la Agenda Verano 2024 de Entre R\u00edos.&nbsp; La entrada es libre y gratuita.<\/p>\n\n\n\n<p>Este viernes a las a las 20:30 horas en el patio del Museo Provincial de Bellas Artes \u201cDr. Pedro E. Mart\u00ednez\u201d, se llevar\u00e1 a cabo la \u00faltima funci\u00f3n de&nbsp;<em>EcoCinema<\/em>. Despu\u00e9s de cuatro encuentros, este viernes ser\u00e1 la funci\u00f3n final del ciclo con la proyecci\u00f3n de cuatro cortometrajes entrerrianos y una performance.<\/p>\n\n\n\n<p><strong>Programaci\u00f3n de lujo<\/strong><\/p>\n\n\n\n<p><em>Pescantora<\/em>&nbsp; (Paran\u00e1 | 14\u00b4) es un cortometraje de Fabio Bonell, en donde Mayra, vive con su hija Juana de seis meses y su padre Orlando, de cincuenta, en el barrio paranaense de Puerto S\u00e1nchez. Ambos pescadores, aunque la verdadera pasi\u00f3n de ella es componer letras de rap y freestyle mientras sale a pescar al r\u00edo en una canoa. La producci\u00f3n gan\u00f3 el premio del Jurado al mejor cortometraje entrerriano en la quinta edici\u00f3n del Festival Internacional de Cine de Entre R\u00edos (FICER). La pel\u00edcula incluye una canci\u00f3n de rap de la autor\u00eda de Fabio Bonelli, que mezcla algunos beats junto a m\u00fasica litorale\u00f1a original de autores oroverdenses.&nbsp;<\/p>\n\n\n\n<p>Nahuel Beade y Nicol\u00e1s Batalla son los directores de&nbsp;<em>Lo que se perdi\u00f3<\/em>&nbsp;(Paran\u00e1 | 6\u00b4). El cortometraje transcurre en Colina Urquiza, ex ciudad de Paran\u00e1. El reencause de la pandemia y la posterior reestructuraci\u00f3n del tejido social trajo cambios en la vida de las personas y en el r\u00edo. Mientras observa un documental de \u00e9poca, un misterioso personaje narra los hechos que se han suscitado en esta regi\u00f3n una vez que el humedal desapareci\u00f3.&nbsp;<\/p>\n\n\n\n<p>En<em>&nbsp;Nostalgia del futuro<\/em>&nbsp;(Entre R\u00edos | 22\u00b4) peque\u00f1os productores entrerrianos de las aldeas alemanas del Volga habitan un territorio marcado por las transformaciones en las formas de producir. El pasado alem\u00e1n y las tradiciones que devienen de vivir en el campo son alterados en una cotidianeidad que se mueve al ritmo de los cambios en el modelo productivo. Los directores son Mauro G\u00f6tte y Agust\u00edn Gastiazoro.&nbsp;<\/p>\n\n\n\n<p>Tambi\u00e9n participar\u00e1 del \u00faltimo encuentro la performance y cortometraje&nbsp;<em>Oeste Cercano<\/em>&nbsp;(Paran\u00e1 | 10\u00b4 y 12:30\u00b4) de Consuelo Badaracco Berduc y Laura S\u00e1nchez Olivera. En este audiovisual documental de danza, tres mujeres exploran los humedales de Paran\u00e1, transform\u00e1ndose y entrelaz\u00e1ndose con el paisaje vivo y la chatarra. La danza explora la paradoja entre lo urbano y lo agreste mientras transitan este sitio ocultado en medio de la ciudad. Al regresar, quedan cargadas de preguntas impregnadas en sus cuerpos y en sus danzas. El grupo comenz\u00f3 en 2021 con pr\u00e1cticas de investigaci\u00f3n de movimiento en espacios abiertos de la ciudad esa experiencia devino en un proyecto de investigaci\u00f3n sobre las afectaciones posibles entre los cuerpos y los espacios ocultos de la ciudad. En 2021 y 2022 participaron con una pieza de danza Bicha de humedad, en festivales de defensa del agua y en festival internacional de danza Constante. Esta pieza de danza obtuvo menci\u00f3n especial en sal\u00f3n municipal de danza. Durante 2021 a 2023 produjeron un corto audiovisual que materializ\u00f3 los procesos de investigaci\u00f3n en torno a los interrogantes sobre c\u00f3mo habitar los espacios ocultos\/ocultados de la ciudad y las resonancias en los cuerpos. Este proyecto tuvo apoyo del FNA 2021 y del FEICAC 2021.<\/p>\n\n\n\n<p>Desde la organizaci\u00f3n indicaron que al finalizar las presentaciones habr\u00e1 una ronda de cierre de la que participar\u00e1n los directores y directoras de las producciones junto a espectadores presentes.<\/p>\n\n\n\n<p>Cabe destacar que la grilla de programaci\u00f3n y curadur\u00eda est\u00e1 a cargo del Instituto Audiovisual de Entre R\u00edos (IAER) organismo dependiente de la Secretar\u00eda de Cultura, organismo con el cual se articularon y gestionaron todas las funciones del ciclo.<\/p>\n\n\n\n<p><strong>Blance y continuidad de los viernes de cine<\/strong><\/p>\n\n\n\n<p>Los organizadores remarcaron que&nbsp;<em>EcoCinema&nbsp;<\/em>es una invitaci\u00f3n a sentir, reflexionar y actuar a partir del cine para la transformaci\u00f3n social. Al llegar al \u00faltimo de los encuentros valoran positivamente estos espacios que propiciaron el encuentro, la reflexi\u00f3n sobre el ambiente y el paisaje cercano. No olvidaron resaltar y agradecer el marco de acompa\u00f1amiento de p\u00fablico que sin dudas se renovar\u00e1 este \u00faltimo viernes.&nbsp;<\/p>\n\n\n\n<p>Desde la Secretar\u00eda de Cultura informaron e invitaron a toda la comunidad a ser parte de una nueva propuesta de proyecci\u00f3n mensual de cine los d\u00edas viernes en la Sala Rub\u00e9n Noble del Instituto Audiovisual de Entre R\u00edos con nuevas tem\u00e1ticas art\u00edsticas vinculadas al cine, que ser\u00e1 difundida a la brevedad.&nbsp;<\/p>\n","protected":false},"excerpt":{"rendered":"<p>Este viernes 1 de marzo tendr\u00e1 lugar la \u00faltima entrega del ciclo de cine de verano vinculado con la reflexi\u00f3n ambiental organizado por la Secretar\u00eda de Ambiente y la Secretar\u00eda de Cultura de Entre R\u00edos, en el marco de la Agenda Verano 2024 de Entre R\u00edos.&nbsp; La entrada es libre y gratuita. Este viernes a [&hellip;]<\/p>\n","protected":false},"author":5,"featured_media":10135,"comment_status":"open","ping_status":"open","sticky":false,"template":"","format":"standard","meta":{"_et_pb_use_builder":"off","_et_pb_old_content":"","_et_gb_content_width":"","footnotes":""},"categories":[1,28,4,9],"tags":[],"class_list":["post-10134","post","type-post","status-publish","format-standard","has-post-thumbnail","hentry","category-destacado","category-noticias","category-iaaer","category-museo-bellas-artes"],"_links":{"self":[{"href":"https:\/\/www.entrerios.gov.ar\/cultura\/wp-json\/wp\/v2\/posts\/10134","targetHints":{"allow":["GET"]}}],"collection":[{"href":"https:\/\/www.entrerios.gov.ar\/cultura\/wp-json\/wp\/v2\/posts"}],"about":[{"href":"https:\/\/www.entrerios.gov.ar\/cultura\/wp-json\/wp\/v2\/types\/post"}],"author":[{"embeddable":true,"href":"https:\/\/www.entrerios.gov.ar\/cultura\/wp-json\/wp\/v2\/users\/5"}],"replies":[{"embeddable":true,"href":"https:\/\/www.entrerios.gov.ar\/cultura\/wp-json\/wp\/v2\/comments?post=10134"}],"version-history":[{"count":1,"href":"https:\/\/www.entrerios.gov.ar\/cultura\/wp-json\/wp\/v2\/posts\/10134\/revisions"}],"predecessor-version":[{"id":10136,"href":"https:\/\/www.entrerios.gov.ar\/cultura\/wp-json\/wp\/v2\/posts\/10134\/revisions\/10136"}],"wp:featuredmedia":[{"embeddable":true,"href":"https:\/\/www.entrerios.gov.ar\/cultura\/wp-json\/wp\/v2\/media\/10135"}],"wp:attachment":[{"href":"https:\/\/www.entrerios.gov.ar\/cultura\/wp-json\/wp\/v2\/media?parent=10134"}],"wp:term":[{"taxonomy":"category","embeddable":true,"href":"https:\/\/www.entrerios.gov.ar\/cultura\/wp-json\/wp\/v2\/categories?post=10134"},{"taxonomy":"post_tag","embeddable":true,"href":"https:\/\/www.entrerios.gov.ar\/cultura\/wp-json\/wp\/v2\/tags?post=10134"}],"curies":[{"name":"wp","href":"https:\/\/api.w.org\/{rel}","templated":true}]}}