{"id":10192,"date":"2024-03-06T17:44:21","date_gmt":"2024-03-06T17:44:21","guid":{"rendered":"https:\/\/www.entrerios.gov.ar\/cultura\/?p=10192"},"modified":"2024-03-10T11:45:21","modified_gmt":"2024-03-10T11:45:21","slug":"se-recordo-la-presidencia-de-urquiza-y-se-inicio-un-ciclo-de-recorridos-historicos-al-pie-de-su-monumento","status":"publish","type":"post","link":"https:\/\/www.entrerios.gov.ar\/cultura\/se-recordo-la-presidencia-de-urquiza-y-se-inicio-un-ciclo-de-recorridos-historicos-al-pie-de-su-monumento\/","title":{"rendered":"Se record\u00f3 la presidencia de Urquiza y se inici\u00f3 un ciclo de recorridos hist\u00f3ricos al pie de su monumento"},"content":{"rendered":"\n<p>El acto fue por los 170 a\u00f1os de la presidencia de la Confederaci\u00f3n Argentina del vencedor de Caseros y estuvo organizado por la Secretar\u00eda de Cultura de Entre R\u00edos. Se inaugur\u00f3 un ciclo gratuito de recorridos en torno del monumento de Urquiza.&nbsp; El pr\u00f3ximo ser\u00e1 el mi\u00e9rcoles 13, a las 18 horas.<\/p>\n\n\n\n<p>Al pie del monumento al general Justo Jos\u00e9 Urquiza, en el parque que lleva su nombre en Paran\u00e1, y con un importante marco de p\u00fablico, se realiz\u00f3 este martes 5 de marzo el acto homenaje por el 170 aniversario del inicio de la presidencia de la Confederaci\u00f3n Argentina del vencedor de Caseros.<\/p>\n\n\n\n<p>\u201cUrquiza, un monumento y muchas historias\u201d fue la denominaci\u00f3n del acto organizado por la Secretar\u00eda de Cultura de Entre R\u00edos, que cont\u00f3 con la presencia del gobernador Rogelio Frigerio, de la Intendenta de Paran\u00e1, Rosario Romero, y de funcionarios provinciales y municipales. Tambi\u00e9n estuvieron legisladores nacionales y provinciales y concejales paranaenses.<\/p>\n\n\n\n<p>El inicio estuvo a cargo del Coro de la Asociaci\u00f3n Verdiana, que interpret\u00f3 el Himno Nacional y la Marcha de Entre R\u00edos. Luego, una rese\u00f1a hist\u00f3rica de la \u00e9poca en que Urquiza se convirti\u00f3 en el primer presidente constitucional y un paseo en torno del monumento que inmortalizan los ejes b\u00e1sicos de su gobierno ocuparon la parte central de la ceremonia. Esta \u00faltima actividad, que convoc\u00f3 al p\u00fablico a recorrer el monumento y a analizar detalles y significados de las im\u00e1genes aleg\u00f3ricas, con el acompa\u00f1amiento del Lic. Claudio Ca\u00f1ete, fue el inicio de un ciclo de paseos que estar\u00e1n abiertos al p\u00fablico en general y a escuelas de la ciudad y de localidades de la provincia.&nbsp;<\/p>\n\n\n\n<p>\u201cComenzamos hoy una serie de actos que tienden a recordar y reivindicar nuestra historia provincial y ciudadana. Y nos pareci\u00f3 oportuno empezar en el d\u00eda en que se conmemora el 170 aniversario de la asunci\u00f3n de Justo Jos\u00e9 de Urquiza como primer presidente constitucional argentino. M\u00e1s a\u00fan al pie de este hermoso monumento, que por ah\u00ed no valoramos por la costumbre de verlo todos los d\u00edas, pero que si lo observamos con ojos extranjeros nos encontramos con una belleza inusual. Est\u00e1 catalogado como uno de los m\u00e1s bellos de Argentina\u201d, dijo el secretario de Cultura de Entre R\u00edos, Fabi\u00e1n Reato, al hacer uso de la palabra y dejar inaugurado los recorridos.<\/p>\n\n\n\n<p>El pr\u00f3ximo paseo hist\u00f3rico ser\u00e1 el mi\u00e9rcoles 13, las 18 horas, y estar\u00e1 a cargo del Lic. Claudio Ca\u00f1ete. La actividad es libre y gratuita, en el pie del monumento, ubicado en el Parque Urquiza.<\/p>\n\n\n\n<figure class=\"wp-block-image\"><img loading=\"lazy\" decoding=\"async\" width=\"1600\" height=\"1066\" src=\"https:\/\/www.entrerios.gov.ar\/cultura\/wp-content\/uploads\/2024\/03\/image-3.jpeg\" alt=\"\" class=\"wp-image-10195\" srcset=\"https:\/\/www.entrerios.gov.ar\/cultura\/wp-content\/uploads\/2024\/03\/image-3.jpeg 1600w, https:\/\/www.entrerios.gov.ar\/cultura\/wp-content\/uploads\/2024\/03\/image-3-1280x853.jpeg 1280w, https:\/\/www.entrerios.gov.ar\/cultura\/wp-content\/uploads\/2024\/03\/image-3-980x653.jpeg 980w, https:\/\/www.entrerios.gov.ar\/cultura\/wp-content\/uploads\/2024\/03\/image-3-480x320.jpeg 480w\" sizes=\"auto, (min-width: 0px) and (max-width: 480px) 480px, (min-width: 481px) and (max-width: 980px) 980px, (min-width: 981px) and (max-width: 1280px) 1280px, (min-width: 1281px) 1600px, 100vw\" \/><\/figure>\n\n\n\n<p><strong>\u201cLa Entre R\u00edos que Urquiza so\u00f1\u00f3\u201d<\/strong><\/p>\n\n\n\n<p>Seguidamente, el gobernador Rogelio Frigerio&nbsp; destac\u00f3 la figura del vencedor de Caseros y relacion\u00f3 sus valores, principios y gesti\u00f3n con la actualidad. \u201cNo tenemos derecho a no hacer todos los esfuerzos para trabajar en esa Entre R\u00edos que Urquiza so\u00f1\u00f3\u201d, dijo, tras lo que destac\u00f3: \u201cNos ense\u00f1\u00f3 un camino que sigue hoy teniendo una vigencia contundente\u201d.<\/p>\n\n\n\n<p>Tambi\u00e9n subray\u00f3 los valores de \u201cla unidad y la organizaci\u00f3n nacional, el orden que hace falta para desarrollar el pa\u00eds y la priorizaci\u00f3n de la educaci\u00f3n\u201d. En ese sentido, hizo hincapi\u00e9 en que \u201cesas prioridades sean tambi\u00e9n las de aquellos que conducen los destinos de un pa\u00eds o de una provincia\u201d.<\/p>\n\n\n\n<p>El gobernador recibi\u00f3 de manos del secretario de Cultura un presente que consisti\u00f3 en tres copias de fotograf\u00edas antiguas, pertenecientes al patrimonio del Museo Hist\u00f3rico Martiniano Leguizam\u00f3n, sobre el monumento, su inauguraci\u00f3n en 1920 y la presencia de veteranos de Caseros. Esas im\u00e1genes junto a una veintena se fueron proyectando durante el acto en una pantalla ubicada en el lugar.&nbsp;<\/p>\n\n\n\n<p>Con la canci\u00f3n Soy Entrerriano, el Coro de la Asociaci\u00f3n Verdiana cerr\u00f3 el acto y se inici\u00f3 el primer recorrido por los cuatro lados del monumento, del que particip\u00f3 el gobernador, la intendente y el p\u00fablico en general.<\/p>\n\n\n\n<figure class=\"wp-block-image\"><img loading=\"lazy\" decoding=\"async\" width=\"1600\" height=\"1065\" src=\"https:\/\/www.entrerios.gov.ar\/cultura\/wp-content\/uploads\/2024\/03\/image-2.jpeg\" alt=\"\" class=\"wp-image-10194\" srcset=\"https:\/\/www.entrerios.gov.ar\/cultura\/wp-content\/uploads\/2024\/03\/image-2.jpeg 1600w, https:\/\/www.entrerios.gov.ar\/cultura\/wp-content\/uploads\/2024\/03\/image-2-1280x852.jpeg 1280w, https:\/\/www.entrerios.gov.ar\/cultura\/wp-content\/uploads\/2024\/03\/image-2-980x652.jpeg 980w, https:\/\/www.entrerios.gov.ar\/cultura\/wp-content\/uploads\/2024\/03\/image-2-480x320.jpeg 480w\" sizes=\"auto, (min-width: 0px) and (max-width: 480px) 480px, (min-width: 481px) and (max-width: 980px) 980px, (min-width: 981px) and (max-width: 1280px) 1280px, (min-width: 1281px) 1600px, 100vw\" \/><\/figure>\n\n\n\n<p><strong>Poner en valor en la memoria<\/strong><\/p>\n\n\n\n<p>\u201cDesde la Secretar\u00eda de Cultura tenemos el proyecto de poner en valor etapas y lugares hist\u00f3ricos que no se tienen tan presentes como, por ejemplo, que Paran\u00e1 fue la Capital de la Confederaci\u00f3n, que la provincia de Entre R\u00edos fue el centro de la reorganizaci\u00f3n nacional\u201d, expres\u00f3 el secretario de Cultura. Sin embargo, agreg\u00f3, que \u201cen el paisaje ciudadano perviven algunos hitos\u201d. Al respecto, mencion\u00f3 la sede del primer Senado Nacional, que es el actual Colegio del Huerto. Otros edificios no corrieron la misma suerte y fueron desapareciendo como la casa del general Urquiza. \u201cNuestra idea es poder seguir mostrando y valorizando estos lugares, poni\u00e9ndolos en valor en nuestra memoria\u201d, concluy\u00f3.<\/p>\n","protected":false},"excerpt":{"rendered":"<p>El acto fue por los 170 a\u00f1os de la presidencia de la Confederaci\u00f3n Argentina del vencedor de Caseros y estuvo organizado por la Secretar\u00eda de Cultura de Entre R\u00edos. Se inaugur\u00f3 un ciclo gratuito de recorridos en torno del monumento de Urquiza.&nbsp; El pr\u00f3ximo ser\u00e1 el mi\u00e9rcoles 13, a las 18 horas. Al pie del [&hellip;]<\/p>\n","protected":false},"author":5,"featured_media":10193,"comment_status":"open","ping_status":"open","sticky":false,"template":"","format":"standard","meta":{"_et_pb_use_builder":"off","_et_pb_old_content":"","_et_gb_content_width":"","footnotes":""},"categories":[1,28],"tags":[],"class_list":["post-10192","post","type-post","status-publish","format-standard","has-post-thumbnail","hentry","category-destacado","category-noticias"],"_links":{"self":[{"href":"https:\/\/www.entrerios.gov.ar\/cultura\/wp-json\/wp\/v2\/posts\/10192","targetHints":{"allow":["GET"]}}],"collection":[{"href":"https:\/\/www.entrerios.gov.ar\/cultura\/wp-json\/wp\/v2\/posts"}],"about":[{"href":"https:\/\/www.entrerios.gov.ar\/cultura\/wp-json\/wp\/v2\/types\/post"}],"author":[{"embeddable":true,"href":"https:\/\/www.entrerios.gov.ar\/cultura\/wp-json\/wp\/v2\/users\/5"}],"replies":[{"embeddable":true,"href":"https:\/\/www.entrerios.gov.ar\/cultura\/wp-json\/wp\/v2\/comments?post=10192"}],"version-history":[{"count":1,"href":"https:\/\/www.entrerios.gov.ar\/cultura\/wp-json\/wp\/v2\/posts\/10192\/revisions"}],"predecessor-version":[{"id":10196,"href":"https:\/\/www.entrerios.gov.ar\/cultura\/wp-json\/wp\/v2\/posts\/10192\/revisions\/10196"}],"wp:featuredmedia":[{"embeddable":true,"href":"https:\/\/www.entrerios.gov.ar\/cultura\/wp-json\/wp\/v2\/media\/10193"}],"wp:attachment":[{"href":"https:\/\/www.entrerios.gov.ar\/cultura\/wp-json\/wp\/v2\/media?parent=10192"}],"wp:term":[{"taxonomy":"category","embeddable":true,"href":"https:\/\/www.entrerios.gov.ar\/cultura\/wp-json\/wp\/v2\/categories?post=10192"},{"taxonomy":"post_tag","embeddable":true,"href":"https:\/\/www.entrerios.gov.ar\/cultura\/wp-json\/wp\/v2\/tags?post=10192"}],"curies":[{"name":"wp","href":"https:\/\/api.w.org\/{rel}","templated":true}]}}