{"id":10216,"date":"2024-03-08T18:39:56","date_gmt":"2024-03-08T18:39:56","guid":{"rendered":"https:\/\/www.entrerios.gov.ar\/cultura\/?p=10216"},"modified":"2024-03-09T10:35:54","modified_gmt":"2024-03-09T10:35:54","slug":"emma-barrandeguy-la-escritora-entrerriana-brillante-y-picara-con-vocacion-de-irrupcion","status":"publish","type":"post","link":"https:\/\/www.entrerios.gov.ar\/cultura\/emma-barrandeguy-la-escritora-entrerriana-brillante-y-picara-con-vocacion-de-irrupcion\/","title":{"rendered":"Emma Barrand\u00e9guy, la escritora entrerriana brillante y p\u00edcara con vocaci\u00f3n de irrupci\u00f3n"},"content":{"rendered":"\n<p>La editorial independiente Camalote y la Secretar\u00eda de Cultura de la Provincia se convocaron para homenajear la vida, obra y legado de la escritora. A sala llena, la asistencia se emocion\u00f3 con lecturas dram\u00e1ticas y po\u00e9ticas. Tambi\u00e9n hubo invitaciones a escribir y conocer la obra de la gran escritora entrerriana.<\/p>\n\n\n\n<p>El recinto de lectura de la Biblioteca Provincial de Entre R\u00edos fue el escenario ideal para compartir la jornada homenaje al natalicio de Emma Barrand\u00e9guy. Se trat\u00f3 del primer encuentro, el otro ser\u00e1 el s\u00e1bado en Gualeguay, la ciudad de origen de la escritora nacida el 8 de marzo de 1914.<\/p>\n\n\n\n<p>Antes de las 20 ya la concurrencia comenz\u00f3 a ocupar lugares en los asientos del organismo provincial centenario..&nbsp;<\/p>\n\n\n\n<p>La actividad comenz\u00f3 con la presentaci\u00f3n del libro de poemas, recientemente editado por la Editorial de Entre R\u00edos (EDER),<em>&nbsp;Dialecto de la noche<\/em>. Para tal prop\u00f3sito, el secretario de Cultura de la provincia Fabi\u00e1n Reato, junto a Manuel Arlettaz, director de la Biblioteca Provincial y de la EDER, y Graciela Dobanton, integrante del equipo de la Editorial de Entre R\u00edos, brindaron al p\u00fablico unas palabras introductorias.&nbsp;<\/p>\n\n\n\n<p>Fabi\u00e1n Reato comenz\u00f3 remarcando la coincidencia de poder homenajear, celebrar y&nbsp; reconocer a las mujeres de una manera extraordinaria en el d\u00eda del nacimiento de Barrand\u00e9guy. \u201cLa literatura de Emma era su relaci\u00f3n con la vida en s\u00ed, un v\u00ednculo sin matices que llegaba por igual a todos sin estructuras. Ella escrib\u00eda en base a sus recuerdos; y viv\u00eda como escrib\u00eda\u201d, dijo el secretario de Cultura, qui\u00e9n tambi\u00e9n habl\u00f3 sobre&nbsp;<em>Amor Saca Amor<\/em>, la obra de teatro ganadora del Premio Fray Mocho en 1970 que las editoriales Agua Viva y Camalote felizmente reeditaron a finales del 2023, y que presentaron tambi\u00e9n el jueves por la noche.&nbsp;&nbsp;<\/p>\n\n\n\n<figure class=\"wp-block-image size-large\"><img loading=\"lazy\" decoding=\"async\" width=\"1024\" height=\"683\" src=\"https:\/\/www.entrerios.gov.ar\/cultura\/wp-content\/uploads\/2024\/03\/Emma-Barrandeguy_2024-1-1024x683.jpeg\" alt=\"\" class=\"wp-image-10217\" srcset=\"https:\/\/www.entrerios.gov.ar\/cultura\/wp-content\/uploads\/2024\/03\/Emma-Barrandeguy_2024-1-980x653.jpeg 980w, https:\/\/www.entrerios.gov.ar\/cultura\/wp-content\/uploads\/2024\/03\/Emma-Barrandeguy_2024-1-480x320.jpeg 480w\" sizes=\"auto, (min-width: 0px) and (max-width: 480px) 480px, (min-width: 481px) and (max-width: 980px) 980px, (min-width: 981px) 1024px, 100vw\" \/><\/figure>\n\n\n\n<p><strong>Virtuosa y atrevida&nbsp;&nbsp;<\/strong><\/p>\n\n\n\n<p>Antes de convertirse en una publicaci\u00f3n, el poemario&nbsp;<em>Dialecto de la noche,<\/em>&nbsp;fue un proyecto diagramado por la gesti\u00f3n anterior de la EDER. Integra actualmente la colecci\u00f3n Antolog\u00eda Esencial de Poes\u00eda Entrerriana junto a obras de Juan L. Ort\u00edz, Gaspar Benavento y Guillermo Sarav\u00ed, siendo Barrandeguy ahora la primera autora mujer en la colecci\u00f3n que ya tiene 15 a\u00f1os. Este libro tambi\u00e9n es la primera obra po\u00e9tica publicada de la autora que realiza la Editorial de la Provincia.<\/p>\n\n\n\n<p>Graciela Dobanton -en nombre del equipo de la EDER y cumpliendo tareas de selecci\u00f3n y correcci\u00f3n- brind\u00f3 detalles acerca de la nueva publicaci\u00f3n y tambi\u00e9n record\u00f3 su relaci\u00f3n personal con Emma. \u201cLos entrerrianos nos merecemos este acercamiento con esta poeta maravillosa. Que lo lleve a cabo un organismo del Estado, como guardi\u00e1n del acervo cultural de la provincia, es un hecho valorable porque libre es aquel pueblo que conserva su identidad, y el arte es la mejor herramienta para eso\u201d, manifest\u00f3 la trabajadora, licenciada en letras modernas y gestora cultural.&nbsp;<\/p>\n\n\n\n<p>En otro momento Dobanton tambi\u00e9n se refiri\u00f3 al universo literario de la autora: \u201cSi bien Emma es una poeta atrevida e innovadora -quiz\u00e1 por eso tambi\u00e9n conquista tanto a las generaciones nuevas-, es una poeta virtuosa. Sus versos en la lectura obligan a cambiar la respiraci\u00f3n, a apropiarse de los ritmos\u201d.<\/p>\n\n\n\n<p>Sobre el ejemplar reci\u00e9n salido de imprenta, Dobanton expres\u00f3 que permite una lectura en tr\u00e1nsito, ya que su formato es amigable para llevar a todas partes.&nbsp;<\/p>\n\n\n\n<p>Durante las intervenciones no faltaron las an\u00e9cdotas sobre la cotidianeidad de la escritora gualeya, due\u00f1a de un car\u00e1cter \u00fanico y moderno, y tambi\u00e9n sobre c\u00f3mo se forj\u00f3 una obra genuina, con una mirada donde cabe el paisaje cultural entrerriano y una \u00e9poca.&nbsp; Muchos remarcaron la no casualidad de que sea Gualeguay, capital cultural tan fuertemente arraigada, la que se lee entre l\u00edneas y acompa\u00f1a el pulso de algunos de los mundos creados en la literatura.&nbsp;<\/p>\n\n\n\n<p>Emma escribi\u00f3 como vivi\u00f3 y donde vivi\u00f3. Por casi veinte a\u00f1os dirigi\u00f3 la p\u00e1gina cultural de El Debate Preg\u00f3n (Gualeguay), desde all\u00ed hizo militancia po\u00e9tica para dar a conocer las voces de la provincia. En 1937 se estableci\u00f3 en Buenos Aires, y entre 1938 y 1956 trabaj\u00f3 en el diario Cr\u00edtica. Emma Barrand\u00e9guy fue dos veces ganadora del premio \u201cFray Mocho\u201d con&nbsp;<em>Amor saca amor<\/em>&nbsp;en 1970; y con la novela&nbsp;<em>Cr\u00f3nica de medio siglo<\/em>&nbsp;en 1984.&nbsp;<\/p>\n\n\n\n<p><strong><em>Barrand\u00e9guistas<\/em><\/strong><\/p>\n\n\n\n<p>Para continuar con el desarrollo del homenaje, Fernando Kosiak, director de la editorial Camalote, organiz\u00f3 una animada ronda de lecturas ocupando la sala. 15 mujeres actrices y escritoras de Paran\u00e1 fueron tomando una a una el micr\u00f3fono para compartir un poema de Barrand\u00e9guy. Muchas introdujeron asociando la conmemoraci\u00f3n el 8 de marzo D\u00eda Internacional de la Mujer Trabajadora (8M). Otras, en cambio, relataron brevemente qu\u00e9 encontraron de conmovedor en la obra de Barrand\u00e9guy y por qu\u00e9 tiene actualidad.<\/p>\n\n\n\n<p>A su turno, la poeta Laura S\u00e1nchez se mostr\u00f3 movilizada por el homenaje y dijo: \u201cNo solamente estamos en la v\u00edspera del cumplea\u00f1os de Emma y del 8M, sino que hoy tambi\u00e9n es 7 de marzo, D\u00eda de la Visibilidad L\u00e9sbica, por eso me vine vestida con mi traje de torta para leer a Emma Barrand\u00e9guy\u201d.<\/p>\n\n\n\n<p>\u201cMe encanta ser una de estas bichas raras gualeyas, tal cual como la vieron a Emma\u201d, dijo Macarena Cornejo antes de compartir el poema&nbsp;<em>Habitaci\u00f3n donde a veces duermo<\/em>.&nbsp;<\/p>\n\n\n\n<figure class=\"wp-block-image size-large\"><img loading=\"lazy\" decoding=\"async\" width=\"1024\" height=\"683\" src=\"https:\/\/www.entrerios.gov.ar\/cultura\/wp-content\/uploads\/2024\/03\/Emma-Barrandeguy_2024-3-1024x683.jpeg\" alt=\"\" class=\"wp-image-10218\" srcset=\"https:\/\/www.entrerios.gov.ar\/cultura\/wp-content\/uploads\/2024\/03\/Emma-Barrandeguy_2024-3-980x653.jpeg 980w, https:\/\/www.entrerios.gov.ar\/cultura\/wp-content\/uploads\/2024\/03\/Emma-Barrandeguy_2024-3-480x320.jpeg 480w\" sizes=\"auto, (min-width: 0px) and (max-width: 480px) 480px, (min-width: 481px) and (max-width: 980px) 980px, (min-width: 981px) 1024px, 100vw\" \/><\/figure>\n\n\n\n<p>Jor Rodr\u00edguez eligi\u00f3 presentar su lectura diciendo que la autora le hab\u00eda cambiado la vida. \u201cLe\u00ed&nbsp;<em>Habitaciones<\/em>&nbsp;en esta sala de esta biblioteca\u201d, cont\u00f3 antes de compartir los versos de&nbsp;<em>Etapa vital.<\/em><\/p>\n\n\n\n<p>Tomaron la palabra tambi\u00e9n Bel\u00e9n Zavallo, Mariana Bolz\u00e1n, Fernanda \u00c1lvarez, Graciela Gianetti, Graciela Chisty, Sof\u00eda Arnaud\u00edn y Mechita Daneri.&nbsp;<\/p>\n\n\n\n<p>Antes de dar paso a la lectura dram\u00e1tica, Fernando Kosiak invit\u00f3 a una nueva iniciativa para escribir&nbsp;<em>Aqu\u00ed nos re\u00fane la poes\u00eda<\/em>. La convocatoria de alcance nacional es para&nbsp; poemas en homenaje a Barrand\u00e9guy, que ser\u00e1n antologados en el libro a publicarse a mitad de a\u00f1o por las editoriales entrerrianas Camalote y Monte.&nbsp;<\/p>\n\n\n\n<p>El encuentro sigui\u00f3 transcurriendo con atenta escucha. En ese marco, las actrices Charo Montiel, Gloria Mathern y Mar\u00eda Mercado Doval interpretaron fragmentos de la dramaturgia&nbsp;<em>Amor saca amor.<\/em><\/p>\n\n\n\n<p>En palabras de Kosiak la obra, que puede ser entendida como m\u00e1s convencional en su estructura, aborda el personaje de Santa Teresa de \u00c1vila -una santa que sent\u00eda su coraz\u00f3n atravesado por dios. \u201cBarrand\u00e9guy cuenta sobre esa mujer. Es una obra bell\u00edsima\u201d, dijo el profesor quien tambi\u00e9n intervino leyendo alguna escena.&nbsp;<\/p>\n\n\n\n<p>Para broche final, la poeta Roc\u00edo Lanfranco y la bailarina y artista, Victoria Rold\u00e1n, convidaron una performance exquisita. Se trat\u00f3 de un poema que Emma Barrand\u00e9guy escribi\u00f3 a los 20 a\u00f1os:<\/p>\n\n\n\n<p><em>Tropero,<\/em><\/p>\n\n\n\n<p><em>vengo a decirte que sabemos<\/em><\/p>\n\n\n\n<p><em>luchar ya por dos cosas:<\/em><\/p>\n\n\n\n<p><em>\u00a1Pan y Tierra!<\/em><\/p>\n\n\n\n<p><em>\u00a1Y es cierto que hacen falta,<\/em><\/p>\n\n\n\n<p><em>gaucho viejo!<\/em><\/p>\n\n\n\n<p>Ciudadana de las palabras, contestadora de su tiempo, militante, Emma maestra, periodista, escritora y traductora gualeya, falleci\u00f3 19 de diciembre de 2006, en su ciudad natal, pero se siembra completa en el orgullo entrerriano.<\/p>\n\n\n\n<p>Al apagarse los movimientos del poema ya los presentes se prepararon a contestar con un cerrado aplauso, visiblemente conmovidos. Los versos, la obra de Barrand\u00e9guy -que hoy cumplir\u00eda 110 a\u00f1os- irrumpe en lo est\u00e9tico y en lo pol\u00edtico. Irrumpe silvestre y sencilla, como el paisaje, pero imparable, irreversible.&nbsp;<\/p>\n\n\n\n<p><strong>Para agendar&nbsp;<\/strong><\/p>\n\n\n\n<p>En Gualeguay, el encuentro homenaje ser\u00e1 el s\u00e1bado 9 a las 20 en la Casa de la Cultura Museo Quir\u00f3s (Alem 157). Con el apoyo de la Secretar\u00eda de Turismo, Cultura y Deportes de la Municipalidad de Gualeguay y la librer\u00eda Papelucho.\u00a0<\/p>\n\n\n\n<p><strong>M\u00e1s informaci\u00f3n para adquirir los libros:<\/strong><\/p>\n\n\n\n<p>EDER<\/p>\n\n\n\n<p>Direcci\u00f3n: 25 de Junio 39 \u2013 Paran\u00e1<\/p>\n\n\n\n<p>Tel\u00e9fono: (54-0343) 42<\/p>\n\n\n\n<p>Correo:&nbsp;<a href=\"mailto:editorialentrerios@gmail.com\" target=\"_blank\" rel=\"noreferrer noopener\">editorialentrerios@gmail.com<\/a><\/p>\n\n\n\n<p>CAMALOTE<\/p>\n\n\n\n<p>IG: @camalote.ed<\/p>\n\n\n\n<p>AGUA VIVA<\/p>\n\n\n\n<p>IG: aguaviva.ediciones<\/p>\n","protected":false},"excerpt":{"rendered":"<p>La editorial independiente Camalote y la Secretar\u00eda de Cultura de la Provincia se convocaron para homenajear la vida, obra y legado de la escritora. A sala llena, la asistencia se emocion\u00f3 con lecturas dram\u00e1ticas y po\u00e9ticas. Tambi\u00e9n hubo invitaciones a escribir y conocer la obra de la gran escritora entrerriana. El recinto de lectura de [&hellip;]<\/p>\n","protected":false},"author":5,"featured_media":10219,"comment_status":"open","ping_status":"open","sticky":false,"template":"","format":"standard","meta":{"_et_pb_use_builder":"off","_et_pb_old_content":"","_et_gb_content_width":"","footnotes":""},"categories":[1,28,5,6],"tags":[],"class_list":["post-10216","post","type-post","status-publish","format-standard","has-post-thumbnail","hentry","category-destacado","category-noticias","category-biblioteca-provincial","category-editorial-de-entre-rios"],"_links":{"self":[{"href":"https:\/\/www.entrerios.gov.ar\/cultura\/wp-json\/wp\/v2\/posts\/10216","targetHints":{"allow":["GET"]}}],"collection":[{"href":"https:\/\/www.entrerios.gov.ar\/cultura\/wp-json\/wp\/v2\/posts"}],"about":[{"href":"https:\/\/www.entrerios.gov.ar\/cultura\/wp-json\/wp\/v2\/types\/post"}],"author":[{"embeddable":true,"href":"https:\/\/www.entrerios.gov.ar\/cultura\/wp-json\/wp\/v2\/users\/5"}],"replies":[{"embeddable":true,"href":"https:\/\/www.entrerios.gov.ar\/cultura\/wp-json\/wp\/v2\/comments?post=10216"}],"version-history":[{"count":1,"href":"https:\/\/www.entrerios.gov.ar\/cultura\/wp-json\/wp\/v2\/posts\/10216\/revisions"}],"predecessor-version":[{"id":10220,"href":"https:\/\/www.entrerios.gov.ar\/cultura\/wp-json\/wp\/v2\/posts\/10216\/revisions\/10220"}],"wp:featuredmedia":[{"embeddable":true,"href":"https:\/\/www.entrerios.gov.ar\/cultura\/wp-json\/wp\/v2\/media\/10219"}],"wp:attachment":[{"href":"https:\/\/www.entrerios.gov.ar\/cultura\/wp-json\/wp\/v2\/media?parent=10216"}],"wp:term":[{"taxonomy":"category","embeddable":true,"href":"https:\/\/www.entrerios.gov.ar\/cultura\/wp-json\/wp\/v2\/categories?post=10216"},{"taxonomy":"post_tag","embeddable":true,"href":"https:\/\/www.entrerios.gov.ar\/cultura\/wp-json\/wp\/v2\/tags?post=10216"}],"curies":[{"name":"wp","href":"https:\/\/api.w.org\/{rel}","templated":true}]}}