{"id":10303,"date":"2024-03-18T14:49:49","date_gmt":"2024-03-18T14:49:49","guid":{"rendered":"https:\/\/www.entrerios.gov.ar\/cultura\/?p=10303"},"modified":"2024-03-18T14:49:50","modified_gmt":"2024-03-18T14:49:50","slug":"se-inaugura-huellas-de-desapariciones-una-muestra-fotografica-de-helen-zout","status":"publish","type":"post","link":"https:\/\/www.entrerios.gov.ar\/cultura\/se-inaugura-huellas-de-desapariciones-una-muestra-fotografica-de-helen-zout\/","title":{"rendered":"Se inaugura Huellas de desapariciones, una muestra fotogr\u00e1fica de Helen Zout"},"content":{"rendered":"\n<p>En el marco de la conmemoraci\u00f3n de un nuevo aniversario del golpe c\u00edvico &#8211; militar, el Museo Provincial de Bellas Artes \u201cDr. Pedro E. Mart\u00ednez\u201d da inicio a su temporada 2024 con una muestra de la artista Helen Zout. La inauguraci\u00f3n ser\u00e1 el viernes 22 de marzo a las 20, con entrada libre y gratuita.<\/p>\n\n\n\n<p>Como cada a\u00f1o, el Museo Provincial de Bellas Artes -declarado Sitio Nacional de Memoria por haber funcionado en su actual edificio uno de los centros clandestinos de detenci\u00f3n y torturas que existieron en la provincia durante la \u00faltima dictadura- renueva su compromiso de Memoria, Verdad y Justicia con la inauguraci\u00f3n de la muestra <em>Huellas de desapariciones<\/em>.<\/p>\n\n\n\n<p>La exhibici\u00f3n re\u00fane 26 fotograf\u00edas de Helen Zout, un trabajo realizado entre el 2000 y el 2006, que busca revelar las huellas indelebles en las personas que vivieron el horror en este oscuro per\u00edodo de la historia argentina. Ver, observar y fotografiar una desaparici\u00f3n.&nbsp;<\/p>\n\n\n\n<p>En este ensayo fotogr\u00e1fico de corte documental, Zout recorre ex centros clandestinos, aviones utilizados en los vuelos de la muerte, descampados donde se hallaron restos de desaparecidos, y se acerca a los sobrevivientes durante los juicios a genocidas. Entre sus fotos m\u00e1s reconocidas se encuentra el retrato de Julio L\u00f3pez, desaparecido en democracia.<\/p>\n\n\n\n<figure class=\"wp-block-image\"><img decoding=\"async\" src=\"https:\/\/lh7-us.googleusercontent.com\/VDIx_oIIlJzrXq6nWaRN9B8JVM6aL2eQ-UqQSC1dPzfLKDiyDO6_Gmy-coUr45NDerz4sZaAj8pSGNmcAY4Fs9RStKnFGTF2YGCtBor6bp4NZfoTLiZwRj6mcGkoWkX9SgOAY-V24K-Y_IMMknv6Wh4\" alt=\"\" style=\"aspect-ratio:16\/9;object-fit:contain\"\/><\/figure>\n\n\n\n<p>\u201cDesaparici\u00f3n, vocablo argentino. La Muerte Argentina. Para siempre, en la historia del mundo. Ver el rostro de la desaparici\u00f3n. Eso es lo que se ha propuesto Helen Zout.\u201d As\u00ed presenta Osvaldo Bayer esta muestra que fue producida y organizada originalmente por el Centro Cultural de la Memoria \u201cHaroldo Conti\u201d en 2015.<\/p>\n\n\n\n<p>Cargadas de una impronta on\u00edrica, Zout se vale de distintas t\u00e9cnicas para imprimir en las fotograf\u00edas lo que ella percibe de los sobrevivientes y sus testimonios. Superposici\u00f3n de negativos, fuera de foco y trabajo de archivo se mezclan para construir un relato de los da\u00f1os, del intento de destrucci\u00f3n, de desaparici\u00f3n.&nbsp;<\/p>\n\n\n\n<p>La muestra podr\u00e1 visitarse con entrada libre y gratuita hasta el domingo 30 de junio. La temporada de visitas guiadas comenzar\u00e1 en el mes de abril.<\/p>\n\n\n\n<p><strong>Sobre la artista<\/strong><\/p>\n\n\n\n<p>Helen Zout naci\u00f3 en Carcara\u00f1\u00e1, Santa Fe, en 1957. Curs\u00f3 estudios de Antropolog\u00eda Cultural y Pintura en la Universidad Nacional de la Plata, Provincia de Buenos Aires. Se desempe\u00f1\u00f3 como fot\u00f3grafa en la C\u00e1mara de Senadores de la Provincia de Buenos Aires (1990 \/ 2008). Desde 1999 realiza una investigaci\u00f3n sobre la tem\u00e1tica de ex detenidos desaparecidos, padres e hijos de desaparecidos, lugares usados como centros clandestinos de detenci\u00f3n y los llamados vuelos de la muerte, realizados sobre el R\u00edo de la Plata durante la \u00faltima dictadura militar en Argentina. Con este proyecto recibi\u00f3 la Beca John Simon Guggenheim Foundation en el a\u00f1o 2002. Su muestra <em>Huellas de desapariciones<\/em> se ha exhibido en diversos puntos del pa\u00eds y en el exterior. Sus obras se encuentran en colecciones de Argentina, EEUU, Italia y Brasil.<\/p>\n","protected":false},"excerpt":{"rendered":"<p>En el marco de la conmemoraci\u00f3n de un nuevo aniversario del golpe c\u00edvico &#8211; militar, el Museo Provincial de Bellas Artes \u201cDr. Pedro E. Mart\u00ednez\u201d da inicio a su temporada 2024 con una muestra de la artista Helen Zout. La inauguraci\u00f3n ser\u00e1 el viernes 22 de marzo a las 20, con entrada libre y gratuita. [&hellip;]<\/p>\n","protected":false},"author":5,"featured_media":10304,"comment_status":"open","ping_status":"open","sticky":false,"template":"","format":"standard","meta":{"_et_pb_use_builder":"off","_et_pb_old_content":"","_et_gb_content_width":"","footnotes":""},"categories":[1,28,9],"tags":[],"class_list":["post-10303","post","type-post","status-publish","format-standard","has-post-thumbnail","hentry","category-destacado","category-noticias","category-museo-bellas-artes"],"_links":{"self":[{"href":"https:\/\/www.entrerios.gov.ar\/cultura\/wp-json\/wp\/v2\/posts\/10303","targetHints":{"allow":["GET"]}}],"collection":[{"href":"https:\/\/www.entrerios.gov.ar\/cultura\/wp-json\/wp\/v2\/posts"}],"about":[{"href":"https:\/\/www.entrerios.gov.ar\/cultura\/wp-json\/wp\/v2\/types\/post"}],"author":[{"embeddable":true,"href":"https:\/\/www.entrerios.gov.ar\/cultura\/wp-json\/wp\/v2\/users\/5"}],"replies":[{"embeddable":true,"href":"https:\/\/www.entrerios.gov.ar\/cultura\/wp-json\/wp\/v2\/comments?post=10303"}],"version-history":[{"count":1,"href":"https:\/\/www.entrerios.gov.ar\/cultura\/wp-json\/wp\/v2\/posts\/10303\/revisions"}],"predecessor-version":[{"id":10305,"href":"https:\/\/www.entrerios.gov.ar\/cultura\/wp-json\/wp\/v2\/posts\/10303\/revisions\/10305"}],"wp:featuredmedia":[{"embeddable":true,"href":"https:\/\/www.entrerios.gov.ar\/cultura\/wp-json\/wp\/v2\/media\/10304"}],"wp:attachment":[{"href":"https:\/\/www.entrerios.gov.ar\/cultura\/wp-json\/wp\/v2\/media?parent=10303"}],"wp:term":[{"taxonomy":"category","embeddable":true,"href":"https:\/\/www.entrerios.gov.ar\/cultura\/wp-json\/wp\/v2\/categories?post=10303"},{"taxonomy":"post_tag","embeddable":true,"href":"https:\/\/www.entrerios.gov.ar\/cultura\/wp-json\/wp\/v2\/tags?post=10303"}],"curies":[{"name":"wp","href":"https:\/\/api.w.org\/{rel}","templated":true}]}}