{"id":10336,"date":"2024-03-20T18:44:09","date_gmt":"2024-03-20T18:44:09","guid":{"rendered":"https:\/\/www.entrerios.gov.ar\/cultura\/?p=10336"},"modified":"2024-03-20T18:46:38","modified_gmt":"2024-03-20T18:46:38","slug":"fray-mocho-2021-maria-esther-bulacios-presento-la-verdad-en-parana","status":"publish","type":"post","link":"https:\/\/www.entrerios.gov.ar\/cultura\/fray-mocho-2021-maria-esther-bulacios-presento-la-verdad-en-parana\/","title":{"rendered":"Fray Mocho 2021: Mar\u00eda Esther Bulacios present\u00f3 La Verdad en Paran\u00e1"},"content":{"rendered":"\n<p>\u00a0En cumplimiento con lo establecido por la normativa legal del Premio Literario Fray Mocho, la Secretar\u00eda de Cultura de Entre R\u00edos entreg\u00f3 ejemplares a la autora. La obra premiada se present\u00f3 en un ameno encuentro realizado en la Biblioteca Provincial.\u00a0<\/p>\n\n\n\n<p>Un emotivo encuentro tuvo lugar el martes en la Biblioteca Provincial de Entre R\u00edos en Paran\u00e1, con un importante acompa\u00f1amiento institucional. Se llev\u00f3 a cabo tambi\u00e9n la entrega formal de libros a la autora ganadora del Premio Literario Fray Mocho 2021, Mar\u00eda Esther Bulacios.&nbsp;<\/p>\n\n\n\n<p>Con su obra dram\u00e1tica La Verdad, Bulacios recibi\u00f3 en 2022 la noticia de haber resultado ganadora del importante certamen literario. La obra fue destacada, en aquella oportunidad, por autoridades y por el propio jurado del premio -integrado por&nbsp; Mar\u00eda Elena Lothringer (Paran\u00e1), Patricia Su\u00e1rez (CABA) y Gabriel Cosoy (Paran\u00e1)-, que resalt\u00f3&nbsp;su destreza para plantear los acontecimientos.&nbsp;Los jurados tambi\u00e9n destacaron&nbsp;el&nbsp;&nbsp;\u201clenguaje conciso y claro que le otorga verosimilitud a una trama que adem\u00e1s ofrece el efecto de la denuncia que esta obra contiene\u201d.<\/p>\n\n\n\n<p>En la tarde del viernes, Bulacios recibi\u00f3 de manos de la Secretar\u00eda de Cultura provincial los 200 ejemplares impresos que indica la ley en la cual se ampara la m\u00e1xima distinci\u00f3n literaria de la regi\u00f3n, otorgada por el gobierno provincial. En el mismo acto, la Editorial de Entre R\u00edos recibi\u00f3 en custodia los restantes 800 libros para distribuir en instituciones educativas y culturales.&nbsp;<\/p>\n\n\n\n<figure class=\"wp-block-image\"><img decoding=\"async\" src=\"https:\/\/lh7-us.googleusercontent.com\/5G1SAXLGlI7Pah3wC_wmjlRhognweJLoxmGr4hMgqb8xWl0rTzVtK3y2gPf91u55Inp4lQHcSWVc9G8QYSQLno1kdyb2MCduMJvNW35V3VfDC29eEYFS_ob3GzzB2xu1Rq9lSKFdD0KShONhuhGzh4Y\" alt=\"\"\/><\/figure>\n\n\n\n<p>Con visible emoci\u00f3n, la autora de&nbsp;La Verdad&nbsp;agradeci\u00f3 a las instituciones de Cultura involucradas en la publicaci\u00f3n del libro. \u201cGracias por haber hecho realidad esto que est\u00e1bamos esperando desde hace un par de a\u00f1os, gracias a Alejandro Gonz\u00e1lez Pav\u00f3n que fue quien escribi\u00f3 el pr\u00f3logo y qui\u00e9n me alent\u00f3 a presentarme al concurso y a mi familia que me apoy\u00f3 en este proceso\u201d.<\/p>\n\n\n\n<p>Al referirse a la trama, la autora cont\u00f3: \u201cLa Verdad&nbsp;es una obra de teatro basada en hechos reales: la historia de un sacerdote acusado de pedofilia. La trama transcurre mientras el protagonista se encuentra preso. El final de la obra apela a la inteligencia del p\u00fablico y del espectador, cada cual decidir\u00e1 cu\u00e1l es la verdad\u201d.&nbsp;&nbsp;<\/p>\n\n\n\n<figure class=\"wp-block-image\"><img decoding=\"async\" src=\"https:\/\/lh7-us.googleusercontent.com\/gxbCnFAQORRvNdEVOknmgA2dsonb1kNmhfHk6xZ-x2G6y6REpayjLnHS1BOT7G2FdNIhhQm7kaf-6JYsIVCm0Frz7vZKQE3OJGjYcGfuHVEXtUmstS1sY3eQlgl-9SZbFdx-c7TnrJVOQW4H6qiSr1g\" alt=\"\"\/><\/figure>\n\n\n\n<p>Por su parte, el secretario de Cultura de la Provincia, Fabi\u00e1n Reato manifest\u00f3 que \u201ces un orgullo recibir este nuevo libro que se suma a la colecci\u00f3n de grandes obras de la literatura entrerriana. El premio Fray Mocho tiene una larga trayectoria y ha sido jerarquizado por los autores que han participado. Tambi\u00e9n es un est\u00edmulo para los escritores\u201d. En el caso de la nueva publicaci\u00f3n, el funcionario provincial dijo que los ejemplares ser\u00e1n destinados a bibliotecas populares y se repartir\u00e1n en grupos y elencos de teatro.<\/p>\n\n\n\n<p>Antes de finalizar su saludo, el secretario de Cultura mencion\u00f3 la importante labor de la Editorial de la Provincial y de la Imprenta Oficial para imprimir con rapidez y dedicaci\u00f3n la cantidad de ejemplares que indica la ley. \u201cEsto es para destacar y para sentirnos orgullosos ya que son organismos del Estado que funcionan y que cuentan con el valioso recurso de sus trabajadores, que se dedican con amor a lo que hacen; sobre todo en tiempos en que eso no est\u00e1 valorizado y que tenemos que cuidar cada vez m\u00e1s\u201d, dijo Reato.&nbsp;<\/p>\n\n\n\n<p>El director de la Biblioteca Provincial y la Editorial de Entre R\u00edos, Manuel Arlettaz Derudder tambi\u00e9n estuvo presente, felicit\u00f3 a la autora e invit\u00f3 a participar de la presentaci\u00f3n de&nbsp;La Verdad&nbsp;en Col\u00f3n que se realizar\u00e1 el viernes 22 a las 20.30 en La Casona (12 de Abril y Juan Jos\u00e9 Paso).&nbsp;<\/p>\n\n\n\n<p>El premio literario Fray Mocho tiene ediciones anuales (a a\u00f1o vencido), con rotaci\u00f3n de g\u00e9neros literarios como teatro, poes\u00eda, cuento, novela y ensayo. Las convocatorias se realizan en el marco de la Ley N\u00ba 7.823 y su Decreto Reglamentario N\u00ba 2.967\/87 GOB.&nbsp;<\/p>\n\n\n\n<p>Actualmente, la convocatoria vigente (2023) se encuentra abierta para participar con cuentos. Las obras se reciben hasta el viernes 28 de junio de 2024, y las bases se pueden conocer visitando el sitio web de la Secretar\u00eda de Cultura de Entre R\u00edos ingresando en Convocatorias:&nbsp;<a href=\"https:\/\/www.entrerios.gov.ar\/cultura\/convocatoria-literaria-premio-fray-mocho-para-el-genero-cuento\/\" target=\"_blank\" rel=\"noreferrer noopener\">https:\/\/www.entrerios.gov.ar\/cultura\/convocatoria-literaria-premio-fray-mocho-para-el-genero-cuento\/<\/a>)<\/p>\n","protected":false},"excerpt":{"rendered":"<p>\u00a0En cumplimiento con lo establecido por la normativa legal del Premio Literario Fray Mocho, la Secretar\u00eda de Cultura de Entre R\u00edos entreg\u00f3 ejemplares a la autora. La obra premiada se present\u00f3 en un ameno encuentro realizado en la Biblioteca Provincial.\u00a0 Un emotivo encuentro tuvo lugar el martes en la Biblioteca Provincial de Entre R\u00edos en [&hellip;]<\/p>\n","protected":false},"author":5,"featured_media":10326,"comment_status":"open","ping_status":"open","sticky":false,"template":"","format":"standard","meta":{"_et_pb_use_builder":"","_et_pb_old_content":"","_et_gb_content_width":"","footnotes":""},"categories":[1,28,5,6],"tags":[],"class_list":["post-10336","post","type-post","status-publish","format-standard","has-post-thumbnail","hentry","category-destacado","category-noticias","category-biblioteca-provincial","category-editorial-de-entre-rios"],"_links":{"self":[{"href":"https:\/\/www.entrerios.gov.ar\/cultura\/wp-json\/wp\/v2\/posts\/10336","targetHints":{"allow":["GET"]}}],"collection":[{"href":"https:\/\/www.entrerios.gov.ar\/cultura\/wp-json\/wp\/v2\/posts"}],"about":[{"href":"https:\/\/www.entrerios.gov.ar\/cultura\/wp-json\/wp\/v2\/types\/post"}],"author":[{"embeddable":true,"href":"https:\/\/www.entrerios.gov.ar\/cultura\/wp-json\/wp\/v2\/users\/5"}],"replies":[{"embeddable":true,"href":"https:\/\/www.entrerios.gov.ar\/cultura\/wp-json\/wp\/v2\/comments?post=10336"}],"version-history":[{"count":3,"href":"https:\/\/www.entrerios.gov.ar\/cultura\/wp-json\/wp\/v2\/posts\/10336\/revisions"}],"predecessor-version":[{"id":10339,"href":"https:\/\/www.entrerios.gov.ar\/cultura\/wp-json\/wp\/v2\/posts\/10336\/revisions\/10339"}],"wp:featuredmedia":[{"embeddable":true,"href":"https:\/\/www.entrerios.gov.ar\/cultura\/wp-json\/wp\/v2\/media\/10326"}],"wp:attachment":[{"href":"https:\/\/www.entrerios.gov.ar\/cultura\/wp-json\/wp\/v2\/media?parent=10336"}],"wp:term":[{"taxonomy":"category","embeddable":true,"href":"https:\/\/www.entrerios.gov.ar\/cultura\/wp-json\/wp\/v2\/categories?post=10336"},{"taxonomy":"post_tag","embeddable":true,"href":"https:\/\/www.entrerios.gov.ar\/cultura\/wp-json\/wp\/v2\/tags?post=10336"}],"curies":[{"name":"wp","href":"https:\/\/api.w.org\/{rel}","templated":true}]}}