{"id":10460,"date":"2024-03-30T16:55:01","date_gmt":"2024-03-30T16:55:01","guid":{"rendered":"https:\/\/www.entrerios.gov.ar\/cultura\/?p=10460"},"modified":"2025-02-20T21:56:01","modified_gmt":"2025-02-20T21:56:01","slug":"orquestas-infanto-juveniles-participaron-del-cierre-de-los-ensayos-en-la-biblioteca-provincial","status":"publish","type":"post","link":"https:\/\/www.entrerios.gov.ar\/cultura\/orquestas-infanto-juveniles-participaron-del-cierre-de-los-ensayos-en-la-biblioteca-provincial\/","title":{"rendered":"Orquestas infanto juveniles participaron del cierre de los ensayos en la Biblioteca Provincial"},"content":{"rendered":"\n<p>Las pr\u00e1cticas y aprendizajes contin\u00faan en escuelas. Estudiantes de las orquestas Cunumi y Romina Iturain fueron parte del encuentro que incluy\u00f3 despliegue de instrumentos y m\u00fasica. Hay once agrupaciones musicales en la provincia. Las inscripciones est\u00e1n abiertas.<\/p>\n\n\n\n<p>.<\/p>\n\n\n\n<p>\u201cSuena la Biblioteca\u201d fue la denominaci\u00f3n de un ciclo que inici\u00f3 la Secretar\u00eda de Cultura provincial en enero y que posibilit\u00f3 a integrantes de las orquestas infanto juveniles continuar con los ensayos en las vacaciones. Durante el receso y ante la imposibilidad de seguir con las pr\u00e1cticas en establecimientos escolares, los encuentros se realizaron en la sede de la Biblioteca Provincial de Entre R\u00edos.<\/p>\n\n\n\n<p>Integrantes de las orquestas Cunumi y Romina Iturain, que re\u00fanen j\u00f3venes, ni\u00f1os y ni\u00f1as de las zonas de Puerto Nuevo, Escuela Hogar y Bajada Grande, entre otras, participaron esta semana de un nuevo ensayo junto a sus profesores y se despidieron de los encuentros semanales en la biblioteca, ubicada en calle Alameda de la Federaci\u00f3n 278. Hubo despliegue de instrumentos, m\u00fasica y encuentro.<\/p>\n\n\n\n<p>Durante el resto del a\u00f1o, las instancias de aprendizaje y ensayos se realizan escuelas de referencia, en el marco de un programa que instrumenta la Secretar\u00eda de Cultura a trav\u00e9s de la Coordinaci\u00f3n General de Orquestas y Bandas infantiles y juveniles.<\/p>\n\n\n\n<figure class=\"wp-block-image size-large\"><img decoding=\"async\" src=\"https:\/\/www.entrerios.gov.ar\/cultura\/wp-content\/uploads\/2024\/03\/FOTO-MUSEO-1-1024x683.jpg\" alt=\"\" class=\"wp-image-10431\"\/><\/figure>\n\n\n\n<p>Las orquestas participan en distintos actos institucionales en escuelas y organismos p\u00fablicos, invitadas a interpretar sus repertorios.<\/p>\n\n\n\n<p>Los ensayos en la biblioteca permitieron tambi\u00e9n que los estudiantes frecuenten el edificio hist\u00f3rico, disfruten de un espacio abierto a la imaginaci\u00f3n y de las posibilidades de conocer distintas lecturas y autores.<\/p>\n\n\n\n<p>En la provincia hay once agrupaciones musicales: cinco orquestas, dos ensambles, una banda y tres coros. Abarcan a unos 700 integrantes, de entre 7 y 18 a\u00f1os, y se desarrollan en las ciudades de Paran\u00e1, Concordia, Concepci\u00f3n del Uruguay y San Jos\u00e9.<\/p>\n\n\n\n<p>El programa se desarrolla principalmente en zonas vulnerables y el objetivo consiste en brindar la posibilidad de una formaci\u00f3n musical &nbsp;-con instrumentos que son entregados en comodato- a ni\u00f1os y j\u00f3venes, principalmente provenientes de familias de escasos recursos econ\u00f3micos, contemplando las distintas situaciones de los estudiantes.<\/p>\n\n\n\n<p>Las inscripciones est\u00e1n abiertas durante todo el a\u00f1o. No es necesario contar con conocimientos previos en el instrumento de inter\u00e9s o en canto<\/p>\n\n\n\n<p>Las personas interesadas en inscribirse u obtener m\u00e1s informaci\u00f3n se pueden comunicar con el siguiente correo electr\u00f3nico de la Coordinaci\u00f3n Orquestas Bandas Entre R\u00edos: cgobij.er@gmail.com&nbsp; o con las escuelas sedes donde funcionan las distintas agrupaciones musicales.<\/p>\n\n\n\n<p><strong>En Paran\u00e1:<\/strong><\/p>\n\n\n\n<p>Orquesta Cunumi. Sede: Escuela N\u00ba 96 \u201cJos\u00e9 Manuel Estrada&#8221;.<\/p>\n\n\n\n<p>Orquesta Romina Iturain. Sede: Esc. Secundaria N\u00b015 de la Baxada del Paran\u00e1 y Esc. Secundaria N\u00b078 J.C. Esparza.<\/p>\n\n\n\n<p>Orquesta San Agust\u00edn. Sede: Esc. N\u00b0200 \u201cSoldados de Malvinas\u201d.<\/p>\n\n\n\n<p>Ensamble Liga de los Pueblos Libres: Sede: Esc.N\u00b0188 \u201cDr. Ob. Abel Baz\u00e1n y Bustos\u201d y Esc, N\u00b0 28 \u201cNtra. Sra. De Guadalupe\u201d<\/p>\n\n\n\n<p>Ensamble MitaiKoi: Sede: Esc. N\u00b0185 \u201cCoronel \u00c1lvarez Condarco\u201d.<\/p>\n\n\n\n<p>Ensamble Toque Minuan: Sede: Esc N\u00b0 190 \u201cObispo Gelabert y Crespo\u201d y Comisi\u00f3n Vecinal Los Pinos.<\/p>\n\n\n\n<p><strong>En Concordia:<\/strong><\/p>\n\n\n\n<p>Orquesta La Chamarra: Sede Casa del Bicentenario, Barrio Sarmiento.<\/p>\n\n\n\n<p>Coro Discantus: Sede: Escuela N\u00ba 6 \u201cJorge Luis Borges&#8221; y Esc. N\u00b011 \u201cBasavilbaso\u201d<\/p>\n\n\n\n<p>Coro Purahei Eiret\u00e9: Sede: Esc. N\u00b054 \u201cJuan Blasco\u201d<\/p>\n\n\n\n<p><strong>En Concepci\u00f3n del Uruguay:<\/strong><\/p>\n\n\n\n<p>Orquesta Alberto Soriano: Sede: Escuela N\u00ba 30 \u201cR\u00edo de los P\u00e1jaros&#8221;.<\/p>\n\n\n\n<p><strong>En San Jos\u00e9:<\/strong><\/p>\n\n\n\n<p>-Coro El Brillante: Sede: Escuela N\u00b0 32 Pronunciamiento y Centro Integrador Comunitario. B\u00b0 El Brillante<\/p>\n","protected":false},"excerpt":{"rendered":"<p>Las pr\u00e1cticas y aprendizajes contin\u00faan en escuelas. Estudiantes de las orquestas Cunumi y Romina Iturain fueron parte del encuentro que incluy\u00f3 despliegue de instrumentos y m\u00fasica. Hay once agrupaciones musicales en la provincia. Las inscripciones est\u00e1n abiertas. . \u201cSuena la Biblioteca\u201d fue la denominaci\u00f3n de un ciclo que inici\u00f3 la Secretar\u00eda de Cultura provincial en [&hellip;]<\/p>\n","protected":false},"author":50,"featured_media":0,"comment_status":"open","ping_status":"open","sticky":false,"template":"","format":"standard","meta":{"_et_pb_use_builder":"off","_et_pb_old_content":"","_et_gb_content_width":"","footnotes":""},"categories":[1,28,21],"tags":[],"class_list":["post-10460","post","type-post","status-publish","format-standard","hentry","category-destacado","category-noticias","category-coordinacion-de-orquestas-coros-y-bandas"],"_links":{"self":[{"href":"https:\/\/www.entrerios.gov.ar\/cultura\/wp-json\/wp\/v2\/posts\/10460","targetHints":{"allow":["GET"]}}],"collection":[{"href":"https:\/\/www.entrerios.gov.ar\/cultura\/wp-json\/wp\/v2\/posts"}],"about":[{"href":"https:\/\/www.entrerios.gov.ar\/cultura\/wp-json\/wp\/v2\/types\/post"}],"author":[{"embeddable":true,"href":"https:\/\/www.entrerios.gov.ar\/cultura\/wp-json\/wp\/v2\/users\/50"}],"replies":[{"embeddable":true,"href":"https:\/\/www.entrerios.gov.ar\/cultura\/wp-json\/wp\/v2\/comments?post=10460"}],"version-history":[{"count":2,"href":"https:\/\/www.entrerios.gov.ar\/cultura\/wp-json\/wp\/v2\/posts\/10460\/revisions"}],"predecessor-version":[{"id":10513,"href":"https:\/\/www.entrerios.gov.ar\/cultura\/wp-json\/wp\/v2\/posts\/10460\/revisions\/10513"}],"wp:attachment":[{"href":"https:\/\/www.entrerios.gov.ar\/cultura\/wp-json\/wp\/v2\/media?parent=10460"}],"wp:term":[{"taxonomy":"category","embeddable":true,"href":"https:\/\/www.entrerios.gov.ar\/cultura\/wp-json\/wp\/v2\/categories?post=10460"},{"taxonomy":"post_tag","embeddable":true,"href":"https:\/\/www.entrerios.gov.ar\/cultura\/wp-json\/wp\/v2\/tags?post=10460"}],"curies":[{"name":"wp","href":"https:\/\/api.w.org\/{rel}","templated":true}]}}