{"id":10522,"date":"2024-04-09T15:49:51","date_gmt":"2024-04-09T15:49:51","guid":{"rendered":"https:\/\/www.entrerios.gov.ar\/cultura\/?p=10522"},"modified":"2024-04-09T15:49:53","modified_gmt":"2024-04-09T15:49:53","slug":"canto-y-musica-en-la-escuela-gelabert-y-crespo-al-ritmo-del-ensamble-toque-minuan","status":"publish","type":"post","link":"https:\/\/www.entrerios.gov.ar\/cultura\/canto-y-musica-en-la-escuela-gelabert-y-crespo-al-ritmo-del-ensamble-toque-minuan\/","title":{"rendered":"Canto y m\u00fasica en la Escuela Gelabert y Crespo al ritmo del ensamble Toque Minuan"},"content":{"rendered":"\n<p>Este lunes se realiz\u00f3 la apertura de las actividades de las agrupaciones musicales dependientes de la Secretar\u00eda de Cultura de Entre R\u00edos. En la provincia hay once que re\u00fanen a ni\u00f1os y j\u00f3venes de entre 7 y 21 a\u00f1os.&nbsp; Los talleres y ensayos se desarrollan en escuelas.<\/p>\n\n\n\n<p>Integrantes del ensamble Toque Minuan se encontraron por primera vez, despu\u00e9s de las vacaciones, cantaron, tocaron sus instrumentos, se divirtieron y hubo reencuentros afectuosos. As\u00ed, con m\u00fasica y voces de ni\u00f1os invadiendo los espacios de la Escuela N\u00b0 190 Obispo Gelabert y Crespo de Paran\u00e1, el lunes por la tarde se dio por iniciado el ciclo de actividades de las agrupaciones musicales, dependientes de la Secretar\u00eda de Cultura de Entre R\u00edos. Son once en la provincia -cinco orquestas, dos ensambles, una banda y tres coros-. Abarcan a ni\u00f1os y j\u00f3venes de entre 7 y 21 a\u00f1os y funcionan en las ciudades de Paran\u00e1, Concordia, Concepci\u00f3n del Uruguay y San Jos\u00e9. Las actividades de aprendizaje en talleres y ensayos se realizan en escuelas.&nbsp;<\/p>\n\n\n\n<p>Jazm\u00edn tiene nueve a\u00f1os y hace tres que es parte de Toque Minuan. Aferrada a su charango, dice que fue a la orquesta siguiendo a su hermano, que enseguida le interes\u00f3 y se qued\u00f3 con ese instrumento de casualidad. No sab\u00eda mucho de qu\u00e9 se trataba, pero le gust\u00f3 y ahora es charanguista. \u201cEs lindo\u201d, asegura y habla de que tiene amigos y que le gusta cantar con ellos. Braian es un ni\u00f1o que hace cinco a\u00f1os que integra la orquesta y toca el piano. Sobre el futuro, afirma que es posible que siga estudiando m\u00fasica, aunque dice que le gusta la astronom\u00eda.<\/p>\n\n\n\n<figure class=\"wp-block-image size-large\"><img loading=\"lazy\" decoding=\"async\" width=\"1024\" height=\"683\" src=\"https:\/\/www.entrerios.gov.ar\/cultura\/wp-content\/uploads\/2024\/04\/FotoCulturaER-10-1024x683.jpg\" alt=\"\" class=\"wp-image-10524\" srcset=\"https:\/\/www.entrerios.gov.ar\/cultura\/wp-content\/uploads\/2024\/04\/FotoCulturaER-10-980x653.jpg 980w, https:\/\/www.entrerios.gov.ar\/cultura\/wp-content\/uploads\/2024\/04\/FotoCulturaER-10-480x320.jpg 480w\" sizes=\"auto, (min-width: 0px) and (max-width: 480px) 480px, (min-width: 481px) and (max-width: 980px) 980px, (min-width: 981px) 1024px, 100vw\" \/><\/figure>\n\n\n\n<p>Xiomara pertenece al grupo desde 2021. Tiene 19 a\u00f1os y siempre ha tenido inclinaci\u00f3n por la m\u00fasica. Toca el viol\u00edn y la guitarra. En realidad, cuenta que hab\u00eda empezado guitarra en otra orquesta infanto juvenil y dej\u00f3. Despu\u00e9s de un tiempo se volvi\u00f3 a inscribir y comenz\u00f3 con viol\u00edn. Ahora, estudia tambi\u00e9n este instrumento en la Escuela de M\u00fasica, Danza y Teatro Pof. Constancio Carminio, con la idea de profundizar en el aprendizaje.<\/p>\n\n\n\n<p>Los tres son parte de un grupo de un total de unos sesenta integrantes. El lunes no estaban todos, ya que vienen de los barrios aleda\u00f1os a la escuela ubicada en Avenida de las Am\u00e9ricas y Pronunciamiento y tambi\u00e9n de otros m\u00e1s alejados como Gazzano.<\/p>\n\n\n\n<p>Entre el grupo de profesores que tienen a cargo la ense\u00f1anza de cada instrumento, hay dos j\u00f3venes que estudiaron en orquestas infanto juveniles. Valent\u00edn Garc\u00eda empez\u00f3 en la orquesta Conumi como alumno y ahora es profesor de contrabajo en el ensamble y Priscila Ortiz que fue estudiante de la orquesta San Agust\u00edn y tambi\u00e9n es profesora del mismo instrumento. \u201cLos dos comenzaron a los ocho a\u00f1os y despu\u00e9s de 12 a\u00f1os los pudimos contratar como profesores\u201d, coment\u00f3 Mart\u00edn Carrere,&nbsp; Coordinador del Programa de&nbsp; Orquestas, Ensambles y Coros Infanto Juveniles de la Secretar\u00eda de Cultura de Entre R\u00edos.<\/p>\n\n\n\n<figure class=\"wp-block-image size-large\"><img loading=\"lazy\" decoding=\"async\" width=\"1024\" height=\"683\" src=\"https:\/\/www.entrerios.gov.ar\/cultura\/wp-content\/uploads\/2024\/04\/FotoCulturaER-14-1024x683.jpg\" alt=\"\" class=\"wp-image-10525\" srcset=\"https:\/\/www.entrerios.gov.ar\/cultura\/wp-content\/uploads\/2024\/04\/FotoCulturaER-14-980x653.jpg 980w, https:\/\/www.entrerios.gov.ar\/cultura\/wp-content\/uploads\/2024\/04\/FotoCulturaER-14-480x320.jpg 480w\" sizes=\"auto, (min-width: 0px) and (max-width: 480px) 480px, (min-width: 481px) and (max-width: 980px) 980px, (min-width: 981px) 1024px, 100vw\" \/><\/figure>\n\n\n\n<p>La actividad cont\u00f3 con la presencia de Natalia Prado, Directora General de Programas Socioculturales, quien anunci\u00f3 el inicio de las actividades de las agrupaciones y expres\u00f3 su satisfacci\u00f3n por el trabajo realizado. En tanto, Marta Gab\u00e1s, directora del ensamble inform\u00f3 que actualmente los integrantes tienen entre ocho y 19 a\u00f1os y que en Toque Minuan se aprende viol\u00edn, charango, guitarra, contrabajo, teclado y percusi\u00f3n. \u201cEntre todos hacemos un ensamble\u201d, dijo, tras expresar su alegr\u00eda por el inicio y el reencuentro.<\/p>\n\n\n\n<p>El ensamble ensaya los d\u00edas lunes y jueves de 15.30 a 20. Los interesados en inscribirse pueden&nbsp; hacerlo en esos d\u00edas y horarios en la escuela. M\u00e1s informaci\u00f3n sobre el resto de las agrupaciones en:&nbsp;&nbsp;<a href=\"https:\/\/www.entrerios.gov.ar\/cultura\/inician-las-actividades-en-programa-de-orquestas-ensambles-y-coros-infantiles-y-juveniles\/\" target=\"_blank\" rel=\"noreferrer noopener\">https:\/\/www.entrerios.gov.ar\/cultura\/inician-las-actividades-en-programa-de-orquestas-ensambles-y-coros-infantiles-y-juveniles\/<\/a>&nbsp;<\/p>\n\n\n\n<p>El programa ofrece una formaci\u00f3n instrumental de forma gratuita. Durante el \u00faltimo receso, hubo algunas agrupaciones que continuaron los ensayos durante el verano en la Biblioteca Provincial.\u00a0\u00a0<\/p>\n\n\n\n<figure class=\"wp-block-image size-large\"><img loading=\"lazy\" decoding=\"async\" width=\"1024\" height=\"683\" src=\"https:\/\/www.entrerios.gov.ar\/cultura\/wp-content\/uploads\/2024\/04\/FotoCulturaER-4-1024x683.jpg\" alt=\"\" class=\"wp-image-10526\" srcset=\"https:\/\/www.entrerios.gov.ar\/cultura\/wp-content\/uploads\/2024\/04\/FotoCulturaER-4-980x653.jpg 980w, https:\/\/www.entrerios.gov.ar\/cultura\/wp-content\/uploads\/2024\/04\/FotoCulturaER-4-480x320.jpg 480w\" sizes=\"auto, (min-width: 0px) and (max-width: 480px) 480px, (min-width: 481px) and (max-width: 980px) 980px, (min-width: 981px) 1024px, 100vw\" \/><\/figure>\n","protected":false},"excerpt":{"rendered":"<p>Este lunes se realiz\u00f3 la apertura de las actividades de las agrupaciones musicales dependientes de la Secretar\u00eda de Cultura de Entre R\u00edos. En la provincia hay once que re\u00fanen a ni\u00f1os y j\u00f3venes de entre 7 y 21 a\u00f1os.&nbsp; Los talleres y ensayos se desarrollan en escuelas. Integrantes del ensamble Toque Minuan se encontraron por [&hellip;]<\/p>\n","protected":false},"author":5,"featured_media":10523,"comment_status":"open","ping_status":"open","sticky":false,"template":"","format":"standard","meta":{"_et_pb_use_builder":"off","_et_pb_old_content":"","_et_gb_content_width":"","footnotes":""},"categories":[1,28,21],"tags":[],"class_list":["post-10522","post","type-post","status-publish","format-standard","has-post-thumbnail","hentry","category-destacado","category-noticias","category-coordinacion-de-orquestas-coros-y-bandas"],"_links":{"self":[{"href":"https:\/\/www.entrerios.gov.ar\/cultura\/wp-json\/wp\/v2\/posts\/10522","targetHints":{"allow":["GET"]}}],"collection":[{"href":"https:\/\/www.entrerios.gov.ar\/cultura\/wp-json\/wp\/v2\/posts"}],"about":[{"href":"https:\/\/www.entrerios.gov.ar\/cultura\/wp-json\/wp\/v2\/types\/post"}],"author":[{"embeddable":true,"href":"https:\/\/www.entrerios.gov.ar\/cultura\/wp-json\/wp\/v2\/users\/5"}],"replies":[{"embeddable":true,"href":"https:\/\/www.entrerios.gov.ar\/cultura\/wp-json\/wp\/v2\/comments?post=10522"}],"version-history":[{"count":1,"href":"https:\/\/www.entrerios.gov.ar\/cultura\/wp-json\/wp\/v2\/posts\/10522\/revisions"}],"predecessor-version":[{"id":10527,"href":"https:\/\/www.entrerios.gov.ar\/cultura\/wp-json\/wp\/v2\/posts\/10522\/revisions\/10527"}],"wp:featuredmedia":[{"embeddable":true,"href":"https:\/\/www.entrerios.gov.ar\/cultura\/wp-json\/wp\/v2\/media\/10523"}],"wp:attachment":[{"href":"https:\/\/www.entrerios.gov.ar\/cultura\/wp-json\/wp\/v2\/media?parent=10522"}],"wp:term":[{"taxonomy":"category","embeddable":true,"href":"https:\/\/www.entrerios.gov.ar\/cultura\/wp-json\/wp\/v2\/categories?post=10522"},{"taxonomy":"post_tag","embeddable":true,"href":"https:\/\/www.entrerios.gov.ar\/cultura\/wp-json\/wp\/v2\/tags?post=10522"}],"curies":[{"name":"wp","href":"https:\/\/api.w.org\/{rel}","templated":true}]}}