{"id":10544,"date":"2024-04-12T12:00:53","date_gmt":"2024-04-12T12:00:53","guid":{"rendered":"https:\/\/www.entrerios.gov.ar\/cultura\/?p=10544"},"modified":"2024-04-16T11:54:56","modified_gmt":"2024-04-16T11:54:56","slug":"habra-un-homenaje-a-la-gesta-de-malvinas-en-concordia","status":"publish","type":"post","link":"https:\/\/www.entrerios.gov.ar\/cultura\/habra-un-homenaje-a-la-gesta-de-malvinas-en-concordia\/","title":{"rendered":"Habr\u00e1 un homenaje a la gesta de Malvinas en Concordia"},"content":{"rendered":"\n<p>La Secretar\u00eda de Cultura de Entre R\u00edos realizar\u00e1 un homenaje en conmemoraci\u00f3n de los 42 a\u00f1os de la Guerra de Malvinas. La actividad ser\u00e1 en Concordia el lunes 15. Consistir\u00e1 en un acto institucional, una proyecci\u00f3n y una obra teatral para recordar a los h\u00e9roes de la gesta.<\/p>\n\n\n\n<p>La actividad se realiza en conjunto con el Municipio, a trav\u00e9s de la Subsecretar\u00eda de Cultura, y la Federaci\u00f3n Combatientes de Malvinas de Entre R\u00edos.<\/p>\n\n\n\n<p>Ser\u00e1 en el centro de Convenciones de Concordia -ubicado en San Lorenzo Oeste 101 de esa ciudad- el lunes 15 de abril a las 17.30, abierta a toda la comunidad. Se desarrollar\u00e1 con la presencia de la Banda Militar del Regimiento de Caballer\u00eda Tanque N\u00b0 6 &#8220;Blandengues&#8221; quienes interpretar\u00e1n el Himno Nacional.<\/p>\n\n\n\n<p>Durante la jornada, y luego del acto institucional se proyectar\u00e1 un audiovisual&nbsp;Sacha, combatiendo el silencio, del realizador Gustavo Kaesbach, quien al finalizar la proyecci\u00f3n contar\u00e1 sobre la producci\u00f3n.&nbsp;<\/p>\n\n\n\n<p>La pel\u00edcula es el documento audiovisual del testimonio de Luis Alberto <em>Sacha<\/em> Almeida, nacido en Concepci\u00f3n del Uruguay, quien se desempe\u00f1\u00f3 como enfermero rescatista durante el conflicto b\u00e9lico de 1982 en el Atl\u00e1ntico Sur. \u201cLuis es un entrerriano de coraz\u00f3n abierto, sincero y dispuesto a contar todas sus experiencias para que no caigan en el olvido. Es evidente que hay un antes y un despu\u00e9s en la vida de cada combatiente de Malvinas, y escuchando a <em>Sacha<\/em> entenderemos que todos ellos a\u00fan, despu\u00e9s de tantos a\u00f1os, tienen mucho para contar\u201d, narra el texto de la presentaci\u00f3n del video.<\/p>\n\n\n\n<p>Kaesbach es realizador audiovisual independiente y sus trabajos tambi\u00e9n han estado vinculados a la comunicaci\u00f3n institucional y de medios. Para esta producci\u00f3n que presentar\u00e1 el lunes recibi\u00f3 apoyos de la Secretar\u00eda de Cultura, del Instituto Audiovisual de Entre R\u00edos (IAER), el Sindicato Argentino de Televisi\u00f3n y la Escuela Nacional de Experimentaci\u00f3n y Realizaci\u00f3n Cinematogr\u00e1fica (ENERC) . \u201cRecuerdo que empezamos a grabar en el a\u00f1o 2016 y terminamos en el 2018\u201d, cuenta el realizador. \u201cEl documental se present\u00f3 en abril de 2019 en el IAER, y lo llevamos a distintas ciudades que nos recibieron junto con Luis (Almeida). En esas proyecciones con charlas las personas siempre se quedan con ganas de conocer m\u00e1s y de preguntar. Es muy interesante ese ida y vuelta con la gente\u201d, dijo.&nbsp;&nbsp;&nbsp;<\/p>\n\n\n\n<p>\u201cEn 2019 para la Semana de la Soberan\u00eda fuimos a Tierra del Fuego, lo proyectamos en R\u00edo Grande y en Ushuaia. Ese era el lugar al que m\u00e1s quer\u00edamos ir, justamente porque Ushuaia es capital de Malvinas. En esa oportunidad recibimos la copia de un decreto donde el documental hab\u00eda sido declarado de inter\u00e9s provincial para Tierra del Fuego. Fue una gran alegr\u00eda\u201d cont\u00f3 Kaesbach.&nbsp;<\/p>\n\n\n\n<p>En los mismos recuerdos de esos viajes presentando la pel\u00edcula, Kaesbach se refiere a su amigo Luis Almeida, quien el a\u00f1o pasado falleci\u00f3: \u201cContinuando con ese legado malvinizador que Luis nos dej\u00f3,&#8230; seguir pasando el documental es un hermoso homenaje\u201d.<\/p>\n\n\n\n<p>Seguidamente, se presentar\u00e1 la obra teatral&nbsp;Murmullos&nbsp;puesta en escena por un elenco de j\u00f3venes de la escuela Los Naranjos, de Concordia. La direcci\u00f3n es de la docente Brisa Leonardelli, quien adem\u00e1s escribi\u00f3 la obra en colaboraci\u00f3n con j\u00f3venes de sexto a\u00f1o del colegio. La iniciativa esc\u00e9nica surge por la participaci\u00f3n del grupo en los Juegos Culturales Entrerrianos Evita de la edici\u00f3n 2022; m\u00e1s tarde fue declarada de inter\u00e9s cultural por el municipio. La trama hilvana relatos que brind\u00f3 Rodolfo Cristian Bermudez, un veterano de Malvinas de Concordia, compartidos con los j\u00f3venes. La obra tiene dos personajes y busca retratar las vivencias del veterano -que fueron ficcionalizadas para la obra-. Actualmente los actores son M\u00eda Puntieri y Milo Izaguirre.<\/p>\n\n\n\n<p>El cierre estar\u00e1 a cargo del ballet \u201cLas Folcl\u00f3ricas\u201d de esa ciudad, que presentar\u00e1 un cuadro alusivo a la fecha.<\/p>\n\n\n\n<p>De la actividad participar\u00e1 el subsecretario de Cultura de Concordia, Jorge Wally Garc\u00eda. En representaci\u00f3n de la Secretar\u00eda de Cultura estar\u00e1 presente el secretario Fabi\u00e1n Reato, junto a su equipo integrado por: Juan Carlos Meillard, director general de Gesti\u00f3n Cultural; Natalia Prado, directora general de Programas Socioculturales; y Manuel Arlettaz Derudder, director de la Biblioteca Provincial y Editorial de Entre R\u00edos.&nbsp;<\/p>\n\n\n\n<p>Cabe destacar que la Federaci\u00f3n Combatientes de Malvinas Entre R\u00edos congrega al Centro de Veteranos de Guerra de Malvinas de Paran\u00e1, Centro de Veteranos de Malvinas Concordia y al Centro de ex Combatientes Islas Malvinas de Entre R\u00edos (CECIMER)<\/p>\n\n\n\n<p>Foto de portada: Luis Almeida en&nbsp;Sacha, combatiendo el silencio<\/p>\n","protected":false},"excerpt":{"rendered":"<p>La Secretar\u00eda de Cultura de Entre R\u00edos realizar\u00e1 un homenaje en conmemoraci\u00f3n de los 42 a\u00f1os de la Guerra de Malvinas. La actividad ser\u00e1 en Concordia el lunes 15. Consistir\u00e1 en un acto institucional, una proyecci\u00f3n y una obra teatral para recordar a los h\u00e9roes de la gesta. La actividad se realiza en conjunto con [&hellip;]<\/p>\n","protected":false},"author":5,"featured_media":10543,"comment_status":"open","ping_status":"open","sticky":false,"template":"","format":"standard","meta":{"_et_pb_use_builder":"","_et_pb_old_content":"","_et_gb_content_width":"","footnotes":""},"categories":[1,28],"tags":[],"class_list":["post-10544","post","type-post","status-publish","format-standard","has-post-thumbnail","hentry","category-destacado","category-noticias"],"_links":{"self":[{"href":"https:\/\/www.entrerios.gov.ar\/cultura\/wp-json\/wp\/v2\/posts\/10544","targetHints":{"allow":["GET"]}}],"collection":[{"href":"https:\/\/www.entrerios.gov.ar\/cultura\/wp-json\/wp\/v2\/posts"}],"about":[{"href":"https:\/\/www.entrerios.gov.ar\/cultura\/wp-json\/wp\/v2\/types\/post"}],"author":[{"embeddable":true,"href":"https:\/\/www.entrerios.gov.ar\/cultura\/wp-json\/wp\/v2\/users\/5"}],"replies":[{"embeddable":true,"href":"https:\/\/www.entrerios.gov.ar\/cultura\/wp-json\/wp\/v2\/comments?post=10544"}],"version-history":[{"count":3,"href":"https:\/\/www.entrerios.gov.ar\/cultura\/wp-json\/wp\/v2\/posts\/10544\/revisions"}],"predecessor-version":[{"id":10550,"href":"https:\/\/www.entrerios.gov.ar\/cultura\/wp-json\/wp\/v2\/posts\/10544\/revisions\/10550"}],"wp:featuredmedia":[{"embeddable":true,"href":"https:\/\/www.entrerios.gov.ar\/cultura\/wp-json\/wp\/v2\/media\/10543"}],"wp:attachment":[{"href":"https:\/\/www.entrerios.gov.ar\/cultura\/wp-json\/wp\/v2\/media?parent=10544"}],"wp:term":[{"taxonomy":"category","embeddable":true,"href":"https:\/\/www.entrerios.gov.ar\/cultura\/wp-json\/wp\/v2\/categories?post=10544"},{"taxonomy":"post_tag","embeddable":true,"href":"https:\/\/www.entrerios.gov.ar\/cultura\/wp-json\/wp\/v2\/tags?post=10544"}],"curies":[{"name":"wp","href":"https:\/\/api.w.org\/{rel}","templated":true}]}}