{"id":10571,"date":"2024-04-13T15:20:03","date_gmt":"2024-04-13T15:20:03","guid":{"rendered":"https:\/\/www.entrerios.gov.ar\/cultura\/?p=10571"},"modified":"2024-04-13T15:20:05","modified_gmt":"2024-04-13T15:20:05","slug":"la-secretaria-de-cultura-inicia-un-nuevo-ciclo-sobre-artistas-entrerrianos-y-sus-obras","status":"publish","type":"post","link":"https:\/\/www.entrerios.gov.ar\/cultura\/la-secretaria-de-cultura-inicia-un-nuevo-ciclo-sobre-artistas-entrerrianos-y-sus-obras\/","title":{"rendered":"La Secretar\u00eda de Cultura inicia un nuevo ciclo sobre artistas entrerrianos y sus obras\u00a0"},"content":{"rendered":"\n<p><strong><em>En primera persona <\/em><\/strong>se denomina la actividad que busca reconocer a artistas de la provincia a trav\u00e9s de su trayectoria y obras. Comienza el 20 de abril con una agenda que muestra la diversidad y la potencia de la cultura local. En el inicio estar\u00e1 la cantante Mar\u00eda Silva. Ser\u00e1 en la Vieja Usina, a las 21, con acceso gratuito.<\/p>\n\n\n\n<p>El primer encuentro del nuevo ciclo ser\u00e1 en el Centro Cultural y de Convenciones La Vieja Usina, en calle Gregoria Matorras 861 de Paran\u00e1, a las 21, con la presentaci\u00f3n de la cantora paranaense con m\u00e1s de 50 a\u00f1os de trayectoria, Mar\u00eda Silva. La velada inaugural tendr\u00e1 m\u00e1s de quince m\u00fasicos invitados y contar\u00e1 con una pieza audiovisual en la que Silva se referir\u00e1 a su historia y carrera musical.&nbsp;&nbsp;<\/p>\n\n\n\n<p><em>En primera persona<\/em><em> <\/em>es la denominaci\u00f3n del ciclo que se extender\u00e1 durante cuatro meses, con una presentaci\u00f3n mensual. El objetivo consiste en destacar la importancia de los artistas y la industria cultural en la provincia, acercando el arte a la sociedad como una forma de disfrutar el talento de los hacedores.<\/p>\n\n\n\n<p>El reconocimiento a artistas entrerrianos por sus obras y trayectoria es la idea central de la propuesta. La invitaci\u00f3n ser\u00e1 tanto para quienes sobresalen por su originalidad y creatividad en sus composiciones o interpretaciones, ofreciendo nuevas perspectivas, como tambi\u00e9n para aquellos que trabajan activamente para promover y difundir el arte en su comunidad o m\u00e1s all\u00e1, fomentando el acceso a la cultura entrerriana.<\/p>\n\n\n\n<p><strong>Desde ni\u00f1a con el canto<\/strong><\/p>\n\n\n\n<p>Mar\u00eda Silva comenz\u00f3 a cantar desde ni\u00f1a en la radio de Paran\u00e1. En estos a\u00f1os muchas personas la oyeron cantar en patios de escuelas, clubes, radios, calles a inaugurar, plazas, espejos de r\u00edos, teatros, reductos porte\u00f1os, canales de televisi\u00f3n y escenarios &#8220;mayores&#8221;, los que le sirvieron para depurar su t\u00e9cnica de comunicaci\u00f3n y entrega con el p\u00fablico. En el a\u00f1o 1984, gan\u00f3 en el Pre-Cosqu\u00edn &#8211; con el mejor puntaje en muchos a\u00f1os &#8211; y comenz\u00f3 a realizar presentaciones en diferentes lugares del pa\u00eds, como Tucum\u00e1n, Bariloche, Santa Fe, C\u00f3rdoba y una desarrollada incursi\u00f3n por tierras brasileras.<\/p>\n\n\n\n<p>En 1992, luego de una selecci\u00f3n en el teatro Presidente Alvear, sale finalista del concurso que organiz\u00f3 la municipalidad de Buenos Aires, donde obtiene como parte del premio la posibilidad de participar del Festival Oeste del Canto Popular, junto a figuras de la talla de Juan Carlos Baglietto, Victor Velazquez, Teresa Parodi, Antonio Tormo, Markama, y Le\u00f3n Gieco entre otros.<\/p>\n\n\n\n<p>Mar\u00eda Silva recorri\u00f3 diferentes escenarios de la provincia, con singular acercamiento y comunicaci\u00f3n, lo que le ha conferido un ganado reconocimiento del p\u00fablico. Tiene en su haber, actuaciones junto a artistas como Dino Saluzzi, Armando Tejada Gomez, Los Andariegos, Jaime Lima Quintana, Antonio Tarrag\u00f3 Ros, C\u00e9sar Isella, Los Tucu.Tucu, Anibal Sampayo, Ramon Ayala, Carlos Pino, Moncho Mierez, Juan Fal\u00fa, Lito Nebbia, Jorge Fandermole, Ra\u00fal Carnota etc. en recitales compartidos.<\/p>\n\n\n\n<p>En abril del a\u00f1o 2004, concret\u00f3 con producci\u00f3n del sello Pretal, su segundo trabajo discogr\u00e1fico: Cantora (y primero como solista en su totalidad).<\/p>\n\n\n\n<p><strong>Promoci\u00f3n<\/strong><\/p>\n\n\n\n<p>Con una loable tarea del Instituto Audiovisual de Entre R\u00edos (IAER), organismo dependiente de la Secretar\u00eda de Cultura, se proyectar\u00e1 en cada presentaci\u00f3n una grabaci\u00f3n con el artista invitado para dar a conocer su trayectoria y su obra. Los videos ser\u00e1n compartidos a trav\u00e9s de las plataformas de comunicaci\u00f3n de la Secretar\u00eda de Cultura de Entre R\u00edos.<\/p>\n\n\n\n<p><em>Foto: Melina Yuros<\/em><\/p>\n","protected":false},"excerpt":{"rendered":"<p>En primera persona se denomina la actividad que busca reconocer a artistas de la provincia a trav\u00e9s de su trayectoria y obras. Comienza el 20 de abril con una agenda que muestra la diversidad y la potencia de la cultura local. En el inicio estar\u00e1 la cantante Mar\u00eda Silva. Ser\u00e1 en la Vieja Usina, a [&hellip;]<\/p>\n","protected":false},"author":5,"featured_media":10572,"comment_status":"open","ping_status":"open","sticky":false,"template":"","format":"standard","meta":{"_et_pb_use_builder":"off","_et_pb_old_content":"","_et_gb_content_width":"","footnotes":""},"categories":[1,28,18],"tags":[],"class_list":["post-10571","post","type-post","status-publish","format-standard","has-post-thumbnail","hentry","category-destacado","category-noticias","category-centro-cultural-la-vieja-usina"],"_links":{"self":[{"href":"https:\/\/www.entrerios.gov.ar\/cultura\/wp-json\/wp\/v2\/posts\/10571","targetHints":{"allow":["GET"]}}],"collection":[{"href":"https:\/\/www.entrerios.gov.ar\/cultura\/wp-json\/wp\/v2\/posts"}],"about":[{"href":"https:\/\/www.entrerios.gov.ar\/cultura\/wp-json\/wp\/v2\/types\/post"}],"author":[{"embeddable":true,"href":"https:\/\/www.entrerios.gov.ar\/cultura\/wp-json\/wp\/v2\/users\/5"}],"replies":[{"embeddable":true,"href":"https:\/\/www.entrerios.gov.ar\/cultura\/wp-json\/wp\/v2\/comments?post=10571"}],"version-history":[{"count":1,"href":"https:\/\/www.entrerios.gov.ar\/cultura\/wp-json\/wp\/v2\/posts\/10571\/revisions"}],"predecessor-version":[{"id":10573,"href":"https:\/\/www.entrerios.gov.ar\/cultura\/wp-json\/wp\/v2\/posts\/10571\/revisions\/10573"}],"wp:featuredmedia":[{"embeddable":true,"href":"https:\/\/www.entrerios.gov.ar\/cultura\/wp-json\/wp\/v2\/media\/10572"}],"wp:attachment":[{"href":"https:\/\/www.entrerios.gov.ar\/cultura\/wp-json\/wp\/v2\/media?parent=10571"}],"wp:term":[{"taxonomy":"category","embeddable":true,"href":"https:\/\/www.entrerios.gov.ar\/cultura\/wp-json\/wp\/v2\/categories?post=10571"},{"taxonomy":"post_tag","embeddable":true,"href":"https:\/\/www.entrerios.gov.ar\/cultura\/wp-json\/wp\/v2\/tags?post=10571"}],"curies":[{"name":"wp","href":"https:\/\/api.w.org\/{rel}","templated":true}]}}