{"id":10575,"date":"2024-04-14T13:33:02","date_gmt":"2024-04-14T13:33:02","guid":{"rendered":"https:\/\/www.entrerios.gov.ar\/cultura\/?p=10575"},"modified":"2025-02-20T21:57:43","modified_gmt":"2025-02-20T21:57:43","slug":"se-extiende-el-horario-de-visitas-al-templo-donde-esta-el-mausoleo-del-general-urquiza","status":"publish","type":"post","link":"https:\/\/www.entrerios.gov.ar\/cultura\/se-extiende-el-horario-de-visitas-al-templo-donde-esta-el-mausoleo-del-general-urquiza\/","title":{"rendered":"Se extiende el horario para las visitas al templo donde est\u00e1 el Mausoleo del General Urquiza"},"content":{"rendered":"\n<p>La Bas\u00edlica de la Inmaculada Concepci\u00f3n, de Concepci\u00f3n del Uruguay, es uno de los lugares hist\u00f3ricos destacados de la provincia con notable afluencia de visitantes. Hasta esta semana, manten\u00eda sus puertas abiertas en horario discontinuo por falta de custodia policial. Tras gestiones realizadas por la Secretar\u00eda de Cultura de Entre R\u00edos, se logr\u00f3 ampliar el horario de 8 a 20, todos los d\u00edas.&nbsp;<\/p>\n\n\n\n<p>.<\/p>\n\n\n\n<p>La Bas\u00edlica de la Inmaculada Concepci\u00f3n, de Concepci\u00f3n del Uruguay, es uno de los sitios destacados de la provincia por su valor religioso, sus caracter\u00edsticas arquitect\u00f3nicas y, principalmente, por su trascendencia hist\u00f3rica. El templo alberga los restos del General Urquiza en un mausoleo, declarado Monumento Hist\u00f3rico Nacional.<\/p>\n\n\n\n<p>Por ello, el templo es, entre los lugares de Concepci\u00f3n del Uruguay y la zona, de visita obligada por parte de delegaciones educativas y del p\u00fablico en general. Sin embargo desde hac\u00eda tiempo, la posibilidad de ingreso estaba limitada debido a la falta de custodia policial, un requisito indispensable para mantener abiertas las puertas de la bas\u00edlica declarada Monumento Hist\u00f3rico Nacional en 1942. Hasta esta semana, s\u00f3lo se pod\u00eda ingresar durante la ma\u00f1ana y en horario reducido por la tarde, siendo un impedimento para grupos de escuelas de distintos puntos de la provincia que realizan un circuito de lugares hist\u00f3ricos de la zona y para la actividad tur\u00edstica, que contemplaba la bas\u00edlica y el mausoleo como un punto esencial en las visitas guiadas.<\/p>\n\n\n\n<figure class=\"wp-block-image size-large\"><img decoding=\"async\" src=\"https:\/\/www.entrerios.gov.ar\/cultura\/wp-content\/uploads\/2024\/04\/Mausoleo-Urquiza-1-1024x683.jpeg\" alt=\"\" class=\"wp-image-10579\"\/><\/figure>\n\n\n\n<p>Ante la situaci\u00f3n, y mediante una nota enviada por el presb\u00edtero p\u00e1rroco Gregorio Nadal Salazar a la Secretar\u00eda de Cultura Provincial, se iniciaron gestiones tendientes a buscar una soluci\u00f3n. Carlos Iriarte, Director General de Museos y Patrimonio Cultural de la Secretar\u00eda, realiz\u00f3 tratativas ante la Polic\u00eda de la provincia que permitieron extender el horario de 8 a 20, de lunes a lunes. El servicio de custodia ser\u00e1 brindado de manera gratuita por la fuerza policial.<\/p>\n\n\n\n<p>.<\/p>\n\n\n\n<p><strong>Bas\u00edlica hist\u00f3rica<\/strong><\/p>\n\n\n\n<p>.<\/p>\n\n\n\n<p>Justo Jos\u00e9 de Urquiza, durante su presidencia de la Confederaci\u00f3n Argentina, encomend\u00f3 la construcci\u00f3n del templo al arquitecto Pedro Fossati. La piedra fundamental fue colocada el 8 de diciembre de 1857. El 25 de marzo de 1859, fecha en que se celebra la Anunciaci\u00f3n de la Virgen Mar\u00eda, fue bendecido el edificio de la actual Bas\u00edlica filial de San Juan de Letr\u00e1n de Roma. Por entonces, era el templo m\u00e1s grande de las provincias del litoral mesopot\u00e1mico. Desde 1942, el templo fue declarado Monumento Hist\u00f3rico Nacional y, en su interior, el Mausoleo del General Urquiza con esa misma declaratoria desde 1946. En el lugar descansan los restos de Urquiza, de sus padres y su esposa Dolores Costa.\u00a0<\/p>\n","protected":false},"excerpt":{"rendered":"<p>La Bas\u00edlica de la Inmaculada Concepci\u00f3n, de Concepci\u00f3n del Uruguay, es uno de los lugares hist\u00f3ricos destacados de la provincia con notable afluencia de visitantes. Hasta esta semana, manten\u00eda sus puertas abiertas en horario discontinuo por falta de custodia policial. Tras gestiones realizadas por la Secretar\u00eda de Cultura de Entre R\u00edos, se logr\u00f3 ampliar el [&hellip;]<\/p>\n","protected":false},"author":50,"featured_media":0,"comment_status":"open","ping_status":"open","sticky":false,"template":"","format":"standard","meta":{"_et_pb_use_builder":"off","_et_pb_old_content":"","_et_gb_content_width":"","footnotes":""},"categories":[1,28],"tags":[],"class_list":["post-10575","post","type-post","status-publish","format-standard","hentry","category-destacado","category-noticias"],"_links":{"self":[{"href":"https:\/\/www.entrerios.gov.ar\/cultura\/wp-json\/wp\/v2\/posts\/10575","targetHints":{"allow":["GET"]}}],"collection":[{"href":"https:\/\/www.entrerios.gov.ar\/cultura\/wp-json\/wp\/v2\/posts"}],"about":[{"href":"https:\/\/www.entrerios.gov.ar\/cultura\/wp-json\/wp\/v2\/types\/post"}],"author":[{"embeddable":true,"href":"https:\/\/www.entrerios.gov.ar\/cultura\/wp-json\/wp\/v2\/users\/50"}],"replies":[{"embeddable":true,"href":"https:\/\/www.entrerios.gov.ar\/cultura\/wp-json\/wp\/v2\/comments?post=10575"}],"version-history":[{"count":1,"href":"https:\/\/www.entrerios.gov.ar\/cultura\/wp-json\/wp\/v2\/posts\/10575\/revisions"}],"predecessor-version":[{"id":12707,"href":"https:\/\/www.entrerios.gov.ar\/cultura\/wp-json\/wp\/v2\/posts\/10575\/revisions\/12707"}],"wp:attachment":[{"href":"https:\/\/www.entrerios.gov.ar\/cultura\/wp-json\/wp\/v2\/media?parent=10575"}],"wp:term":[{"taxonomy":"category","embeddable":true,"href":"https:\/\/www.entrerios.gov.ar\/cultura\/wp-json\/wp\/v2\/categories?post=10575"},{"taxonomy":"post_tag","embeddable":true,"href":"https:\/\/www.entrerios.gov.ar\/cultura\/wp-json\/wp\/v2\/tags?post=10575"}],"curies":[{"name":"wp","href":"https:\/\/api.w.org\/{rel}","templated":true}]}}