{"id":10594,"date":"2024-04-16T14:54:43","date_gmt":"2024-04-16T14:54:43","guid":{"rendered":"https:\/\/www.entrerios.gov.ar\/cultura\/?p=10594"},"modified":"2024-04-16T14:54:44","modified_gmt":"2024-04-16T14:54:44","slug":"se-reprograma-el-homenaje-a-la-gesta-de-malvinas-en-concordia","status":"publish","type":"post","link":"https:\/\/www.entrerios.gov.ar\/cultura\/se-reprograma-el-homenaje-a-la-gesta-de-malvinas-en-concordia\/","title":{"rendered":"Se reprograma el homenaje a la gesta de Malvinas en Concordia"},"content":{"rendered":"\n<p>Por razones clim\u00e1ticas, el homenaje por los 42 a\u00f1os de la Guerra de Malvinas en Concordia, se realizar\u00e1 el 22 de abril. La actividad consistir\u00e1 en un acto institucional y actividades art\u00edsticas para recordar a los h\u00e9roes de la gesta.<br>La actividad, que en principio estaba programada para el lunes pasado y que se suspendi\u00f3 por el mal tiempo, se realiza en conjunto entre la Secretar\u00eda de Cultura de la Provincia y el Municipio de Concordia -a trav\u00e9s de la Subsecretar\u00eda de Cultura-, y la Federaci\u00f3n Combatientes de Malvinas de Entre R\u00edos. Cabe destacar que la Federaci\u00f3n Combatientes de Malvinas Entre R\u00edos congrega al Centro de Veteranos de Guerra de Malvinas de Paran\u00e1, Centro de Veteranos de Malvinas Concordia y al Centro de ex Combatientes Islas Malvinas de Entre R\u00edos (CECIMER).<br>El homenaje ser\u00e1 en el centro de Convenciones de Concordia -ubicado en San Lorenzo Oeste 101 de esa ciudad- el lunes 22 de abril a las 17.30. Se desarrollar\u00e1 con la presencia de la Banda Militar del Regimiento de Caballer\u00eda Tanque N\u00b0 6 &#8220;Blandengues&#8221; quienes interpretar\u00e1n el Himno Nacional.<br>Durante la jornada, y luego del acto institucional se proyectar\u00e1 un audiovisual Sacha, combatiendo el silencio, del realizador Gustavo Kaesbach, quien al finalizar la proyecci\u00f3n contar\u00e1 sobre la producci\u00f3n.&nbsp; La pel\u00edcula es el documento audiovisual del testimonio de Luis Alberto Sacha Almeida, de Concepci\u00f3n del Uruguay, quien se desempe\u00f1\u00f3 como enfermero rescatista durante el conflicto b\u00e9lico de 1982 en el Atl\u00e1ntico Sur.<br>Seguidamente, se presentar\u00e1 la obra teatral Murmullos puesta en escena por un elenco de j\u00f3venes de la escuela Los Naranjos, de Concordia.<br>El cierre estar\u00e1 a cargo del ballet \u201cLas Folkl\u00f3ricas\u201d de esa ciudad, que presentar\u00e1 un cuadro alusivo a la fecha.<br>En representaci\u00f3n de la Secretar\u00eda de Cultura de Entre R\u00edos estar\u00e1 presente el secretario Fabi\u00e1n Reato, junto a su equipo integrado por Juan Carlos Meillard, director general de Gesti\u00f3n Cultural; Natalia Prado, directora general de Programas Socioculturales; y Manuel Arlettaz Derudder, director de la Biblioteca Provincial y Editorial de Entre R\u00edos.<\/p>\n\n\n\n<p style=\"font-size:11px\"><em>Foto de portada: Veterano de Malvinas Luis Almeida en \u201cSacha, combatiendo el silencio\u201d.<\/em><\/p>\n","protected":false},"excerpt":{"rendered":"<p>Por razones clim\u00e1ticas, el homenaje por los 42 a\u00f1os de la Guerra de Malvinas en Concordia, se realizar\u00e1 el 22 de abril. La actividad consistir\u00e1 en un acto institucional y actividades art\u00edsticas para recordar a los h\u00e9roes de la gesta.La actividad, que en principio estaba programada para el lunes pasado y que se suspendi\u00f3 por [&hellip;]<\/p>\n","protected":false},"author":5,"featured_media":10543,"comment_status":"open","ping_status":"open","sticky":false,"template":"","format":"standard","meta":{"_et_pb_use_builder":"off","_et_pb_old_content":"","_et_gb_content_width":"","footnotes":""},"categories":[1,28],"tags":[],"class_list":["post-10594","post","type-post","status-publish","format-standard","has-post-thumbnail","hentry","category-destacado","category-noticias"],"_links":{"self":[{"href":"https:\/\/www.entrerios.gov.ar\/cultura\/wp-json\/wp\/v2\/posts\/10594","targetHints":{"allow":["GET"]}}],"collection":[{"href":"https:\/\/www.entrerios.gov.ar\/cultura\/wp-json\/wp\/v2\/posts"}],"about":[{"href":"https:\/\/www.entrerios.gov.ar\/cultura\/wp-json\/wp\/v2\/types\/post"}],"author":[{"embeddable":true,"href":"https:\/\/www.entrerios.gov.ar\/cultura\/wp-json\/wp\/v2\/users\/5"}],"replies":[{"embeddable":true,"href":"https:\/\/www.entrerios.gov.ar\/cultura\/wp-json\/wp\/v2\/comments?post=10594"}],"version-history":[{"count":1,"href":"https:\/\/www.entrerios.gov.ar\/cultura\/wp-json\/wp\/v2\/posts\/10594\/revisions"}],"predecessor-version":[{"id":10595,"href":"https:\/\/www.entrerios.gov.ar\/cultura\/wp-json\/wp\/v2\/posts\/10594\/revisions\/10595"}],"wp:featuredmedia":[{"embeddable":true,"href":"https:\/\/www.entrerios.gov.ar\/cultura\/wp-json\/wp\/v2\/media\/10543"}],"wp:attachment":[{"href":"https:\/\/www.entrerios.gov.ar\/cultura\/wp-json\/wp\/v2\/media?parent=10594"}],"wp:term":[{"taxonomy":"category","embeddable":true,"href":"https:\/\/www.entrerios.gov.ar\/cultura\/wp-json\/wp\/v2\/categories?post=10594"},{"taxonomy":"post_tag","embeddable":true,"href":"https:\/\/www.entrerios.gov.ar\/cultura\/wp-json\/wp\/v2\/tags?post=10594"}],"curies":[{"name":"wp","href":"https:\/\/api.w.org\/{rel}","templated":true}]}}