{"id":10629,"date":"2024-04-19T18:14:31","date_gmt":"2024-04-19T18:14:31","guid":{"rendered":"https:\/\/www.entrerios.gov.ar\/cultura\/?p=10629"},"modified":"2024-04-19T18:14:32","modified_gmt":"2024-04-19T18:14:32","slug":"se-presento-el-festival-de-teatro-encuentro-shakespeare-entre-rios","status":"publish","type":"post","link":"https:\/\/www.entrerios.gov.ar\/cultura\/se-presento-el-festival-de-teatro-encuentro-shakespeare-entre-rios\/","title":{"rendered":"Se present\u00f3 el festival de teatro Encuentro Shakespeare Entre R\u00edos"},"content":{"rendered":"\n<p>El equipo a cargo de la organizaci\u00f3n de la tercera edici\u00f3n Encuentro Shakespeare Entre R\u00edos y autoridades de la Secretar\u00eda de Cultura provincial adelantaron los detalles de la actividad que comienza el martes pr\u00f3ximo. Hubo un encuentro con los medios de comunicaci\u00f3n en la Sala Antequeda.&nbsp;&nbsp;<\/p>\n\n\n\n<p>Este viernes se realiz\u00f3 una reuni\u00f3n en la Sala Manuel Antequeda de Paran\u00e1 para presentar la actividad y los detalles de la agenda que se desarrollar\u00e1 entre el 23 y el 26 de abril. Estuvieron integrantes del Equipo Chefpeare \u2013agrupaci\u00f3n art\u00edstica de Paran\u00e1-, y autoridades de la Secretar\u00eda de Cultura de Entre R\u00edos.&nbsp;<\/p>\n\n\n\n<p>El Encuentro tiene como objetivo fomentar el inter\u00e9s por la literatura, la poes\u00eda y el teatro a trav\u00e9s de la figura de William Shakespeare. A partir del martes, habr\u00e1 teatro, actividades para escuelas secundarias, talleres y una variet\u00e9 shakesperiana. As\u00ed lo adelantaron en conferencia de prensa este viernes.&nbsp;<\/p>\n\n\n\n<p>Juan Carlos Meillard, Director de Gesti\u00f3n Cultural de la Secretar\u00eda de Cultura de Entre R\u00edos, en calidad de anfitri\u00f3n, destac\u00f3 el trabajo del Equipo Chefpeare, y adem\u00e1s agreg\u00f3: \u201cConsideramos que es important\u00edsimo para la provincia contar con este festival. Queremos remarcar la relevancia de la figura de William Shakespeare que se ha transformado en un exponente universal de la cultura -y no solamente de la cultura inglesa-, con 40 obras que se han transformado en cl\u00e1sicos de la literatura universal. Se trata de un personaje muy transgresor para la \u00e9poca en que vivi\u00f3. Estamos hablando de uno de los primeros literatos del teatro que trat\u00f3 tem\u00e1ticas de la vida cotidiana que nos atraviesan a todos. Ojal\u00e1 este festival crezca, traspase las fronteras y llegue a ser un festival regional\u201d.<\/p>\n\n\n\n<p>Pedro Peterson, promotor y organizador del encuentro, repas\u00f3 la grilla de actividades: \u201cHabr\u00e1 diferentes formatos destinados a&nbsp; todo p\u00fablico. Habr\u00e1 tambi\u00e9n talleres e instancias en las que vamos a trabajar sobre la fotograf\u00eda literaria y la escritura. Tambi\u00e9n hay una variet\u00e9 prevista como cierre\u201d.<\/p>\n\n\n\n<p>Finalmente Ver\u00f3nica Pete\u00e1n, otra de las involucradas en la organizaci\u00f3n, expres\u00f3: \u201cEste a\u00f1o apuntamos fuertemente a poder traer por primera vez \u201cHabitaci\u00f3n Macbeth\u201d de Pompeyo Audivert para la inauguraci\u00f3n con mucho esfuerzo y apostando a que el p\u00fablico de Paran\u00e1 y de la regi\u00f3n nos apoye\u201d.&nbsp; En otro momento de su intervenci\u00f3n, la actriz tambi\u00e9n dijo:&nbsp; \u201cEl encuentro busca ver de qu\u00e9 manera otras compa\u00f1\u00edas y otros actores y actrices trabajan con estos textos y tem\u00e1ticas hoy, con temas que nos atraviesan a los seres humanos en todas las \u00e9pocas y en todos los tiempos\u201d.&nbsp;<\/p>\n\n\n\n<p>La actividad es organizada por el Equipo Chefpeare, y con apoyo del Instituto Nacional del Teatro (INT) y en articulaci\u00f3n conjunta con la Secretar\u00eda de Cultura de Entre R\u00edos, la Facultad de Humanidades, Artes y Ciencias Sociales \u2013Uader-, y la Municipalidad de Paran\u00e1. Este proyecto cuenta adem\u00e1s con el aval de la Biblioteca Provincial, del Concejo Deliberante de Paran\u00e1 y la Honorable C\u00e1mara de Diputados de la Provincia.<\/p>\n\n\n\n<p>La actividad tiene como com\u00fan denominador el v\u00ednculo directo con la vida y obra de William Shakespeare, dramaturgo, actor y poeta ingl\u00e9s, de gran legado hist\u00f3rico cultural.<\/p>\n\n\n\n<p><strong>Funci\u00f3n de apertura<\/strong><\/p>\n\n\n\n<p>Dentro de la grilla, fue destacada la presentaci\u00f3n de la obra&nbsp; \u201cHabitaci\u00f3n Macbeth\u201d. Las entradas anticipadas pueden adquirirse en boleter\u00eda del Teatro Municipal 3 de Febrero o por&nbsp;<a href=\"http:\/\/passline.com\/\" target=\"_blank\" rel=\"noreferrer noopener\">passline.com<\/a>.&nbsp;&nbsp;<\/p>\n\n\n\n<p>La obra de Pompeyo Audivert sobre Macbeth de W. Shakespeare cuenta con la actuaci\u00f3n y direcci\u00f3n de Pompeyo Audivert y la m\u00fasica original de Claudio Pe\u00f1a.&nbsp; La cita es el martes 23 de abril a las 21 hs, en el Teatro Municipal 3 de Febrero.&nbsp;<\/p>\n\n\n\n<p><strong>Especial para instituciones educativas<\/strong><\/p>\n\n\n\n<p>Dentro de las actividades previstas tambi\u00e9n se presentar\u00e1 Romeo y Julieta a punto caramelo! (Equipo Shakespeare). Ser\u00e1 de manera exclusiva para escuelas secundarias de la ciudad, en el Teatro 3 de Febrero. El espect\u00e1culo del Equipo Chefpeare se presentar\u00e1 el martes 23 de abril a las 10. Las escuelas interesadas en reservar lugares, pueden hacerlo desde el perfil de Instagram del Encuentro @<a href=\"http:\/\/encuentro.shakespeare.er\/\" target=\"_blank\" rel=\"noreferrer noopener\">encuentro.shakespeare.er<\/a>&nbsp;o en el siguiente enlace: para reservas<\/p>\n\n\n\n<p><strong>Talleres<\/strong>&nbsp;<\/p>\n\n\n\n<p>El encuentro tambi\u00e9n llevar\u00e1 adelante diversos espacios de formaci\u00f3n, como en el caso del taller de fotograf\u00eda a cargo de Mar\u00eda Jes\u00fas Thoove; el taller de creaci\u00f3n de material esc\u00e9nico a cargo de Nadia Grand\u00f3n; y un workshop biling\u00fce para la lectura y an\u00e1lisis de El Mercader de Venecia a cargo de Maite Luna \u2013Moonlit Stage.<\/p>\n\n\n\n<p>La inscripci\u00f3n a los talleres se realiza desde el enlace de la biograf\u00eda de Instagram del encuentro: @<a href=\"http:\/\/encuentro.shakespeare.er\/\" target=\"_blank\" rel=\"noreferrer noopener\">encuentro.shakespeare.er<\/a>&nbsp;o por whatsapp al: 3434689434<\/p>\n\n\n\n<p>El cronograma general del evento puede consultarse en: @encuentro.shakespeare<\/p>\n\n\n\n<p><strong>Contacto y redes sociales<\/strong><\/p>\n\n\n\n<p>Contacto: 3434689434<\/p>\n\n\n\n<p>Correo electr\u00f3nico:&nbsp;<a href=\"mailto:encuentro.shakespeare.er@gmail.com\" target=\"_blank\" rel=\"noreferrer noopener\">encuentro.shakespeare.er@gmail.com<\/a><\/p>\n","protected":false},"excerpt":{"rendered":"<p>El equipo a cargo de la organizaci\u00f3n de la tercera edici\u00f3n Encuentro Shakespeare Entre R\u00edos y autoridades de la Secretar\u00eda de Cultura provincial adelantaron los detalles de la actividad que comienza el martes pr\u00f3ximo. Hubo un encuentro con los medios de comunicaci\u00f3n en la Sala Antequeda.&nbsp;&nbsp; Este viernes se realiz\u00f3 una reuni\u00f3n en la Sala [&hellip;]<\/p>\n","protected":false},"author":5,"featured_media":10630,"comment_status":"open","ping_status":"open","sticky":false,"template":"","format":"standard","meta":{"_et_pb_use_builder":"off","_et_pb_old_content":"","_et_gb_content_width":"","footnotes":""},"categories":[1,28],"tags":[],"class_list":["post-10629","post","type-post","status-publish","format-standard","has-post-thumbnail","hentry","category-destacado","category-noticias"],"_links":{"self":[{"href":"https:\/\/www.entrerios.gov.ar\/cultura\/wp-json\/wp\/v2\/posts\/10629","targetHints":{"allow":["GET"]}}],"collection":[{"href":"https:\/\/www.entrerios.gov.ar\/cultura\/wp-json\/wp\/v2\/posts"}],"about":[{"href":"https:\/\/www.entrerios.gov.ar\/cultura\/wp-json\/wp\/v2\/types\/post"}],"author":[{"embeddable":true,"href":"https:\/\/www.entrerios.gov.ar\/cultura\/wp-json\/wp\/v2\/users\/5"}],"replies":[{"embeddable":true,"href":"https:\/\/www.entrerios.gov.ar\/cultura\/wp-json\/wp\/v2\/comments?post=10629"}],"version-history":[{"count":1,"href":"https:\/\/www.entrerios.gov.ar\/cultura\/wp-json\/wp\/v2\/posts\/10629\/revisions"}],"predecessor-version":[{"id":10631,"href":"https:\/\/www.entrerios.gov.ar\/cultura\/wp-json\/wp\/v2\/posts\/10629\/revisions\/10631"}],"wp:featuredmedia":[{"embeddable":true,"href":"https:\/\/www.entrerios.gov.ar\/cultura\/wp-json\/wp\/v2\/media\/10630"}],"wp:attachment":[{"href":"https:\/\/www.entrerios.gov.ar\/cultura\/wp-json\/wp\/v2\/media?parent=10629"}],"wp:term":[{"taxonomy":"category","embeddable":true,"href":"https:\/\/www.entrerios.gov.ar\/cultura\/wp-json\/wp\/v2\/categories?post=10629"},{"taxonomy":"post_tag","embeddable":true,"href":"https:\/\/www.entrerios.gov.ar\/cultura\/wp-json\/wp\/v2\/tags?post=10629"}],"curies":[{"name":"wp","href":"https:\/\/api.w.org\/{rel}","templated":true}]}}