{"id":10640,"date":"2024-04-21T12:53:16","date_gmt":"2024-04-21T12:53:16","guid":{"rendered":"https:\/\/www.entrerios.gov.ar\/cultura\/?p=10640"},"modified":"2025-02-20T21:57:56","modified_gmt":"2025-02-20T21:57:56","slug":"comienza-esta-semana-una-agenda-de-cine-en-escuelas-del-departamento-tala","status":"publish","type":"post","link":"https:\/\/www.entrerios.gov.ar\/cultura\/comienza-esta-semana-una-agenda-de-cine-en-escuelas-del-departamento-tala\/","title":{"rendered":"Comienza esta semana una agenda de cine en escuelas del departamento Tala"},"content":{"rendered":"\n<p>La Secretar\u00eda de Cultura de la provincia, a trav\u00e9s del Instituto Audiovisual de Entre R\u00edos (IAER), contin\u00faa la implementaci\u00f3n del programa&nbsp;<em>Cine en la Escuela<\/em>&nbsp;en establecimientos de los 17 departamentos entrerrianos. Las pr\u00f3ximas visitas ser\u00e1n a Guardamonte, Durazno y Gdor. Mansilla, del departamento Tala.<\/p>\n\n\n\n<p>La agenda del programa&nbsp;<em>Cine en la Escuela<\/em>&nbsp;sigue el pr\u00f3ximo mi\u00e9rcoles 24 de abril, con una proyecci\u00f3n matutina junto a la comunidad educativa de la Escuela N\u00b0 34 Jos\u00e9 de San Mart\u00edn, de la localidad de Guardamonte. Por la tarde, la programaci\u00f3n se retoma en la vecina comunidad de Durazno, con un encuentro coordinado con la escuela N\u00b0 35 Juan Bautista Alberdi, en el sal\u00f3n de la Comuna. El jueves 25 de abril, el IAER impulsa un encuentro de las unidades acad\u00e9micas N\u00b0 8 Rom\u00e1n Deheza, N\u00b06 H\u00e9roes de Malvinas y el Instituto Parroquial Mansilla.&nbsp;Estos tres establecimientos son de la localidad de Gobernador Mansilla.<\/p>\n\n\n\n<p>En los dos primeros distritos, el IAER efect\u00faa funciones de cine despu\u00e9s de 10 a\u00f1os de su \u00faltimo recorrido en la zona.<\/p>\n\n\n\n<figure class=\"wp-block-image size-large\"><img decoding=\"async\" src=\"https:\/\/www.entrerios.gov.ar\/cultura\/wp-content\/uploads\/2024\/04\/cine-en-la-escuela-2-1-1024x673.jpg\" alt=\"\" class=\"wp-image-10641\"\/><\/figure>\n\n\n\n<p><strong>La maravilla del asombro no tiene precio<\/strong><\/p>\n\n\n\n<p>Fabi\u00e1n Muteverr\u00eda es integrante del equipo del Instituto Audiovisual de Entre R\u00edos desde el a\u00f1o 2000, con 24 a\u00f1os en el organismo cumpliendo diversas tareas entre las que se destaca la de formar parte del equipo t\u00e9cnico de las proyecciones de cine, primero con el&nbsp;<em>Cinem\u00f3vil<\/em>&nbsp;de Naci\u00f3n y ahora con este programa provincial,&nbsp;<em>Cine en la Escuela.&nbsp;<\/em>Sobre su experiencia, explica: \u201cHacer este trabajo me ense\u00f1\u00f3 un mont\u00f3n de cosas. Llegar a una localidad y encontrarte con que en la escuela te esperaban una cantidad de chicos para ver por primera vez cine, no tiene precio. Para ellos era una novedad, y es cierto que hoy los tiempos han cambiado, con la llegada de las plataformas y otras tecnolog\u00edas, sin embargo en el interior todav\u00eda la impronta de llegar a un lugar y que te est\u00e9 esperando un grupo de ni\u00f1os y maestras es muy gratificante\u201d. Y agrega que \u201cla expectativa que ves en todos ellos es algo que no se ve en las grandes ciudades; en los pueblos, los parajes rurales y las escuelitas de campo es algo distinto, y para m\u00ed dar cine es algo placentero, me gusta ver las pel\u00edculas por m\u00e1s que ya las haya visto muchas veces, porque esa experiencia est\u00e1 ligada a los rostros maravillados de las nenas y nenes que no despegan la mirada de la pantalla; y por otra parte las amistades que se generan en cada lugar con docentes, referentes comunales y tantos otros\u201d.<\/p>\n\n\n\n<p>Muteverr\u00eda destaca que este trabajo le ha dado la satisfacci\u00f3n m\u00e1s de una vez, de cruzarse actualmente con alg\u00fan joven de casi 30 a\u00f1os y que le dice, que uno de los mejores recuerdos que tiene de su paso por la escuela primaria es la alegr\u00eda que sinti\u00f3 cuando pas\u00f3 el Cinem\u00f3vil proyectando las pel\u00edculas. \u201cEl IAER es un equipo de gente que est\u00e1 integrado, unido, que siempre tiene propuestas para ofrecer y est\u00e1 comprometido con las tareas que llevamos adelante. \u00c9sta es una de ellas, quiz\u00e1 la m\u00e1s emotiva\u201d, dice.<\/p>\n\n\n\n<p><strong>Objetivos del programa<\/strong><\/p>\n\n\n\n<p>La iniciativa oficial, ejecutada con fondos provinciales, promueve la difusi\u00f3n de pel\u00edculas nacionales, regionales e internacionales, en escuelas rurales y semi urbanas. Tambi\u00e9n son objetivos de la propuesta federalizar el acceso a la cultura; difundir el amplio patrimonio audiovisual de Entre R\u00edos; reconstruir el h\u00e1bito colectivo de una funci\u00f3n de cine; y contribuir a las trayectorias escolares y las continuidades pedag\u00f3gicas de ni\u00f1os, adolescentes y adultos.<\/p>\n\n\n\n<p>Esta pol\u00edtica p\u00fablica dispone de un veh\u00edculo equipado con pantallas, proyectores, sonido y cientos de t\u00edtulos audiovisuales, con el objetivo de recorrer los caminos de la provincia, acercando propuestas culturales en zonas alejadas de salas de cine, que cuentan con escasa conectividad o se encuentran ubicadas en zonas rurales.<\/p>\n\n\n\n<p>El programa es instrumentado por el IAER, organismo dependiente de la Secretar\u00eda de Cultura provincial.<\/p>\n\n\n\n<figure class=\"wp-block-image size-large\"><img decoding=\"async\" src=\"https:\/\/www.entrerios.gov.ar\/cultura\/wp-content\/uploads\/2024\/04\/cine-en-la-escuela-1-1-1024x576.jpg\" alt=\"\" class=\"wp-image-10642\"\/><\/figure>\n\n\n\n<p><strong>Visitas ya concretadas y pr\u00f3ximos viajes<\/strong><\/p>\n\n\n\n<p>En su primer mes de implementaci\u00f3n,&nbsp;<em>Cine en la Escuela<\/em>&nbsp;realiz\u00f3 ocho funciones para diez establecimientos rurales de las localidades de Colonia Merou, del departamento Paran\u00e1; y Aldea Asunci\u00f3n, Estaci\u00f3n Lazo y General Galarza, del distrito Gualeguay. Tres de esas comunidades fueron visitadas por primera vez en la historia del IAER, que es uno de los prop\u00f3sitos dise\u00f1ados en la formulaci\u00f3n del Programa. En el mes de mayo, la pol\u00edtica educativa y cultural visitar\u00e1 unidades acad\u00e9micas de Arroyo Burgos y Pueblo Brugo, del Departamento Paran\u00e1; Lucas Sud Primera, del distrito Villaguay; y Alcaraz Segundo Sur y Puerto Algarrobo, del Departamento La Paz.<\/p>\n\n\n\n<p><strong>(Prensa IAER)<\/strong><\/p>\n","protected":false},"excerpt":{"rendered":"<p>La Secretar\u00eda de Cultura de la provincia, a trav\u00e9s del Instituto Audiovisual de Entre R\u00edos (IAER), contin\u00faa la implementaci\u00f3n del programa&nbsp;Cine en la Escuela&nbsp;en establecimientos de los 17 departamentos entrerrianos. Las pr\u00f3ximas visitas ser\u00e1n a Guardamonte, Durazno y Gdor. Mansilla, del departamento Tala. La agenda del programa&nbsp;Cine en la Escuela&nbsp;sigue el pr\u00f3ximo mi\u00e9rcoles 24 de [&hellip;]<\/p>\n","protected":false},"author":50,"featured_media":0,"comment_status":"open","ping_status":"open","sticky":false,"template":"","format":"standard","meta":{"_et_pb_use_builder":"off","_et_pb_old_content":"","_et_gb_content_width":"","footnotes":""},"categories":[1,28,4],"tags":[],"class_list":["post-10640","post","type-post","status-publish","format-standard","hentry","category-destacado","category-noticias","category-iaaer"],"_links":{"self":[{"href":"https:\/\/www.entrerios.gov.ar\/cultura\/wp-json\/wp\/v2\/posts\/10640","targetHints":{"allow":["GET"]}}],"collection":[{"href":"https:\/\/www.entrerios.gov.ar\/cultura\/wp-json\/wp\/v2\/posts"}],"about":[{"href":"https:\/\/www.entrerios.gov.ar\/cultura\/wp-json\/wp\/v2\/types\/post"}],"author":[{"embeddable":true,"href":"https:\/\/www.entrerios.gov.ar\/cultura\/wp-json\/wp\/v2\/users\/50"}],"replies":[{"embeddable":true,"href":"https:\/\/www.entrerios.gov.ar\/cultura\/wp-json\/wp\/v2\/comments?post=10640"}],"version-history":[{"count":1,"href":"https:\/\/www.entrerios.gov.ar\/cultura\/wp-json\/wp\/v2\/posts\/10640\/revisions"}],"predecessor-version":[{"id":12705,"href":"https:\/\/www.entrerios.gov.ar\/cultura\/wp-json\/wp\/v2\/posts\/10640\/revisions\/12705"}],"wp:attachment":[{"href":"https:\/\/www.entrerios.gov.ar\/cultura\/wp-json\/wp\/v2\/media?parent=10640"}],"wp:term":[{"taxonomy":"category","embeddable":true,"href":"https:\/\/www.entrerios.gov.ar\/cultura\/wp-json\/wp\/v2\/categories?post=10640"},{"taxonomy":"post_tag","embeddable":true,"href":"https:\/\/www.entrerios.gov.ar\/cultura\/wp-json\/wp\/v2\/tags?post=10640"}],"curies":[{"name":"wp","href":"https:\/\/api.w.org\/{rel}","templated":true}]}}