{"id":10647,"date":"2024-04-22T13:58:03","date_gmt":"2024-04-22T13:58:03","guid":{"rendered":"https:\/\/www.entrerios.gov.ar\/cultura\/?p=10647"},"modified":"2024-04-22T14:13:48","modified_gmt":"2024-04-22T14:13:48","slug":"la-cantora-maria-silva-abrio-el-ciclo-en-primera-persona-frente-a-una-sala-llena","status":"publish","type":"post","link":"https:\/\/www.entrerios.gov.ar\/cultura\/la-cantora-maria-silva-abrio-el-ciclo-en-primera-persona-frente-a-una-sala-llena\/","title":{"rendered":"La cantora Mar\u00eda Silva abri\u00f3 el ciclo En primera persona frente a una sala llena"},"content":{"rendered":"\n<p>Encargada de dar comienzo al ciclo, Silva ofreci\u00f3 m\u00e1s de 20 canciones a una platea repleta que la aclam\u00f3. La actividad fue organizada por la Secretar\u00eda de Cultura de Entre R\u00edos en La Vieja Usina, y continuar\u00e1 con modalidad mensual.&nbsp;<\/p>\n\n\n\n<p>El s\u00e1bado por la noche y con entrada gratuita, en el Centro Cultural y de Convenciones La Vieja Usina, ubicado en la capital entrerriana, se vivi\u00f3 un emotivo encuentro musical de la mano de la cantora paranaense Mar\u00eda Silva, quien fue protagonista de una majestuosa velada inaugural, acompa\u00f1ada de m\u00e1s de quince m\u00fasicos.&nbsp;<\/p>\n\n\n\n<p>El ciclo <em>En Primera persona<\/em> es una nueva iniciativa de la Secretar\u00eda de Cultura que busca reconocer a artistas de la provincia a trav\u00e9s de su trayectoria y obras. Desde la organizaci\u00f3n anunciaron que\u00a0 se extender\u00e1 con una presentaci\u00f3n mensual.<\/p>\n\n\n\n<p><strong>M\u00e1s de 20 canciones&nbsp;<\/strong><\/p>\n\n\n\n<p>Antes de las 21, la mitad de la sala ya estaba repleta, tendencia que se reforz\u00f3 hacia el inicio del espect\u00e1culo. Entre los asistentes estuvieron presentes m\u00fasicos de la regi\u00f3n, periodistas, t\u00e9cnicos, artistas referentes de distintas disciplinas y p\u00fablico en general. Los admiradores m\u00e1s fieles de Mar\u00eda Silva se ubicaron entre las primeras butacas para, desde esa proximidad, poder intercambiar breves di\u00e1logos con la cantora.<\/p>\n\n\n\n<p>Al ser anunciada, la anfitriona, vestida de colores azules y flores hasta el suelo, y su caracter\u00edstico cabello claro en rebeld\u00eda, ingres\u00f3 saludando a los suyos de brazos abiertos. Fue recibida con un ramo de flores de bienvenida. All\u00ed tuvo lugar el primer aplauso interminable de la noche.&nbsp;<\/p>\n\n\n\n<figure class=\"wp-block-image\"><img loading=\"lazy\" decoding=\"async\" width=\"1600\" height=\"1067\" src=\"https:\/\/www.entrerios.gov.ar\/cultura\/wp-content\/uploads\/2024\/04\/image-5.jpeg\" alt=\"\" class=\"wp-image-10651\" srcset=\"https:\/\/www.entrerios.gov.ar\/cultura\/wp-content\/uploads\/2024\/04\/image-5.jpeg 1600w, https:\/\/www.entrerios.gov.ar\/cultura\/wp-content\/uploads\/2024\/04\/image-5-1280x854.jpeg 1280w, https:\/\/www.entrerios.gov.ar\/cultura\/wp-content\/uploads\/2024\/04\/image-5-980x654.jpeg 980w, https:\/\/www.entrerios.gov.ar\/cultura\/wp-content\/uploads\/2024\/04\/image-5-480x320.jpeg 480w\" sizes=\"auto, (min-width: 0px) and (max-width: 480px) 480px, (min-width: 481px) and (max-width: 980px) 980px, (min-width: 981px) and (max-width: 1280px) 1280px, (min-width: 1281px) 1600px, 100vw\" \/><\/figure>\n\n\n\n<p>Introduciendo al clima, la cantante expres\u00f3: \u201cCantar es tener coherencia con el ser\u201d y se mostr\u00f3 muy agradecida. Sin m\u00e1s, la m\u00fasica inund\u00f3 la sala Ver\u00f3nica Kuttel y son\u00f3 la primera canci\u00f3n <em>Caballo y Carro<\/em>, de Daniel Rochi, compositor tambi\u00e9n -junto a Carlos Alberto Alvarez- de la segunda canci\u00f3n entonada. Junto a Las Guitarras Gualeyas y acompa\u00f1ada en canto por Patricia Cohen, Silva interpret\u00f3 la tercera canci\u00f3n. &#8220;Sobre Puerto S\u00e1nchez la tarde se acuesta&#8221;, dec\u00eda en uno de los versos y tomadas de la mano acompa\u00f1aron la melod\u00eda hasta el final.<\/p>\n\n\n\n<p><em>Lejos del pueblo<\/em> con letra de la propia cantora<em> <\/em>hizo emocionar a los asistentes. El ritmo dulz\u00f3n del caj\u00f3n cautiv\u00f3 en <em>La Flor de la Canela<\/em>, un vals peruano compuesto por la cantautora Chabuca Granda. En esta intervenci\u00f3n, Silva fue acompa\u00f1ada por Alejandro Calvi. <em>Hablar de ti, es querer pelear la paz<\/em> expresa la <em>Oraci\u00f3n a la vida <\/em>(Quimera)<em> <\/em>y ocup\u00f3 el sexto lugar en el repertorio. Luego se sucedieron una interpretaci\u00f3n en portugu\u00e9s, y otra con recitado sobre poes\u00eda de Roberto Jorge Santoro. <em>El Pobre Gallo Bataraz <\/em>fue la elegida para cerrar el primer bloque de tan exquisita jornada.&nbsp;<\/p>\n\n\n\n<p>Para la aparici\u00f3n de la segunda parte, hubo un notorio cambio de vestuario en la protagonista, quien eligi\u00f3 la sobriedad del negro en esta oportunidad. Junto a Pablo Centuri\u00f3n, Mar\u00eda Silva interpret\u00f3 un tango.<\/p>\n\n\n\n<p>En 1984 con<em> Tonada de luna y agosto, <\/em>Silva ganaba el Pre Cosqu\u00edn nacional. La canci\u00f3n al tomar forma en el aire tambi\u00e9n recre\u00f3 ese momento tan grato para la cantante.&nbsp;<\/p>\n\n\n\n<p><em>Ese arar en el mar<\/em> (Chabuca Granda) y<em> Huella de agua<\/em> con poes\u00eda de Maria Silva fueron otras de las joyas compartidas que la platea celebr\u00f3 entusiasmada.&nbsp;<\/p>\n\n\n\n<p>El canto compartido tambi\u00e9n tuvo su momento en el espect\u00e1culo con la participaci\u00f3n de Mar\u00eda Cuevas, Electra Barbagelata y Fernanda Roselli; y tambi\u00e9n a d\u00fao junto a Adriana Luca cantando <em>El 180<\/em>.<\/p>\n\n\n\n<p>\u201cEl canto es parte de mi historia, de mi tiempo y de mi vida\u201d, dijo en un momento Silvia y seguidamente comenzaron a sonar acordes de<em> Yesterday,<\/em> la balada de la dupla Lennon\u2013McCartney.&nbsp;<\/p>\n\n\n\n<p>En la recta final del concierto no faltaron <em>Cacique Cat\u00e1n<\/em>, y la chacarera reversionada en letra de<em> La Otra Vieja <\/em>que fue interpretada dos veces a partir del pedido del p\u00fablico y de un grupo de bailarines que se anim\u00f3 al baile. Despu\u00e9s de los aplausos, incluso cuando ya parec\u00eda que todo conclu\u00eda, muy cerca de la medianoche, empez\u00f3 a sonar una \u00faltima canci\u00f3n acompa\u00f1ada por todos los m\u00fasicos y cantantes invitados: <em>R\u00edo rebelde<\/em>.<\/p>\n\n\n\n<p><strong>Recorrido en andas del canto<\/strong><\/p>\n\n\n\n<p>P\u00edcara para el gesto de complicidad, pero tambi\u00e9n profunda en sus reflexiones -que fue desgajando de las canciones, poes\u00edas y de su vida misma-, Mar\u00eda Silva fue haciendo un pasaje de clima y de momentos epocales de su camino en la m\u00fasica. En sus intervenciones no faltaron las an\u00e9cdotas y tambi\u00e9n explicaciones sobre el repertorio. El humor usado como una llave maestra y la gracia para sostener el ritmo con el cuerpo completo acompa\u00f1\u00f3 toda la presentaci\u00f3n.&nbsp;&nbsp;<\/p>\n\n\n\n<p>\u201cYo siempre busqu\u00e9 el cari\u00f1o de la gente, de mi hijo, de mi gato, de mi perro. El cari\u00f1o es lo que me ha movido, y la canci\u00f3n lo que me ha soportado. Nunca cant\u00e9 lo que no quer\u00eda, si a m\u00ed no me gusta lo que canto, no puedo transmitir y no puedo llegar a ustedes. Yo quiero cantar canciones hermosas y con fundamento; y espero que eso les haya llegado\u201d, dijo la cantante en di\u00e1logo con su p\u00fablico.<\/p>\n\n\n\n<figure class=\"wp-block-image\"><img loading=\"lazy\" decoding=\"async\" width=\"1600\" height=\"1067\" src=\"https:\/\/www.entrerios.gov.ar\/cultura\/wp-content\/uploads\/2024\/04\/image-4.jpeg\" alt=\"\" class=\"wp-image-10650\" srcset=\"https:\/\/www.entrerios.gov.ar\/cultura\/wp-content\/uploads\/2024\/04\/image-4.jpeg 1600w, https:\/\/www.entrerios.gov.ar\/cultura\/wp-content\/uploads\/2024\/04\/image-4-1280x854.jpeg 1280w, https:\/\/www.entrerios.gov.ar\/cultura\/wp-content\/uploads\/2024\/04\/image-4-980x654.jpeg 980w, https:\/\/www.entrerios.gov.ar\/cultura\/wp-content\/uploads\/2024\/04\/image-4-480x320.jpeg 480w\" sizes=\"auto, (min-width: 0px) and (max-width: 480px) 480px, (min-width: 481px) and (max-width: 980px) 980px, (min-width: 981px) and (max-width: 1280px) 1280px, (min-width: 1281px) 1600px, 100vw\" \/><\/figure>\n\n\n\n<p>Menci\u00f3n especial merece el constante el agradecimiento de Mar\u00eda Silva a los artistas que la acompa\u00f1aron en el escenario durante casi tres horas de concierto. Adem\u00e1s, tambi\u00e9n agradeci\u00f3 especialmente a los organizadores del ciclo y a funcionarios de la Secretar\u00eda de Cultura, a los t\u00e9cnicos y colaboradores.<\/p>\n\n\n\n<p><strong>Rodeada de afecto y celebrando la vida<\/strong><\/p>\n\n\n\n<p>Deleite, merecimiento y orgullo regional fueron las valoraciones recurrentes entre los comentarios de los asistentes.&nbsp;<\/p>\n\n\n\n<p>Pamela Villarraza, artista visual, se refiri\u00f3 a su experiencia sobre el concierto y la propuesta, y dijo: \u201cLo primero que me aparece es la emoci\u00f3n por verla as\u00ed plantada en el escenario. Ella trae su verdad. Me parece maravilloso como fue contando sobre su historia. Noto en ella un gran agradecimiento a lo musical\u201d.&nbsp;<\/p>\n\n\n\n<p>Tambi\u00e9n un amigo de muchos a\u00f1os de la cantora -Carlos Fern\u00e1ndez- se refiri\u00f3 a ella con mucha admiraci\u00f3n. \u201cSiento que ahora Mar\u00eda disfruta m\u00e1s relajadamente de su canto, de su arte y de su talento. Hoy la veo madura y disfrutando plenamente de lo que hace y brinda. Mar\u00eda se nutre much\u00edsimo de las peque\u00f1as cosas, de las sensibilidades peque\u00f1as y expresivas\u201d.<\/p>\n\n\n\n<p>\u201cMar\u00eda tiene que ver mucho con nuestra identidad del Litoral, Mar\u00eda es de todo el Litoral; en Mar\u00eda yo puedo ver la expresi\u00f3n de ese paisaje\u201d, agreg\u00f3 tambi\u00e9n Fern\u00e1ndez.&nbsp;<\/p>\n\n\n\n<p>\u201cCalculo que hace unos 40 a\u00f1os que conozco a Mar\u00eda\u201d, cont\u00f3 Adriana Luca una de las cantantes que fueron parte del espect\u00e1culo. \u201cCuando recal\u00e9 en Paran\u00e1 (desde Rosario del Tala) con 17 o 18 a\u00f1os, Mar\u00eda fue la primera persona que conoc\u00ed. Yo cantaba, y cuando encontr\u00e9 a Mar\u00eda en la Secretar\u00eda de Cultura de la Municipalidad, ella me dijo: <em>venite<\/em>. Ah\u00ed empezamos una amistad que nos herman\u00f3. La m\u00fasica nos herman\u00f3. Mar\u00eda es interminable; como una caja de Pandora. Todos los d\u00edas hay algo nuevo en ella; y no es solo la cantora. Es una buena y bella persona con todo el mundo. Ella va y canta, canta en un ranchito perdido de la costa, y despu\u00e9s va al escenario m\u00e1s grande; eso es Mar\u00eda, es todo dar. Ella, es de todos\u201d.&nbsp;&nbsp;<\/p>\n\n\n\n<p>Adem\u00e1s, Silvia, una espectadora tambi\u00e9n se refiri\u00f3 a su experiencia en la velada del ciclo. \u201cEstos artistas son lo mejor. Realmente me voy muy emocionada con las canciones, incluso con algunos temas de autor\u00eda de Mar\u00eda que no conoc\u00eda. Tambi\u00e9n nos vamos felices al ver la emoci\u00f3n de ella, que nos rindi\u00f3 un tributo a nosotros\u201d.<\/p>\n\n\n\n<p>En el interior del centro cultural, el concierto concluy\u00f3 con la sala repleta coreando el feliz cumplea\u00f1os a la cantante, ya que el 21 de abril Mar\u00eda Silva celebraba sus 66 a\u00f1os.&nbsp;<\/p>\n\n\n\n<figure class=\"wp-block-image\"><img loading=\"lazy\" decoding=\"async\" width=\"1600\" height=\"1067\" src=\"https:\/\/www.entrerios.gov.ar\/cultura\/wp-content\/uploads\/2024\/04\/image-3.jpeg\" alt=\"\" class=\"wp-image-10649\" srcset=\"https:\/\/www.entrerios.gov.ar\/cultura\/wp-content\/uploads\/2024\/04\/image-3.jpeg 1600w, https:\/\/www.entrerios.gov.ar\/cultura\/wp-content\/uploads\/2024\/04\/image-3-1280x854.jpeg 1280w, https:\/\/www.entrerios.gov.ar\/cultura\/wp-content\/uploads\/2024\/04\/image-3-980x654.jpeg 980w, https:\/\/www.entrerios.gov.ar\/cultura\/wp-content\/uploads\/2024\/04\/image-3-480x320.jpeg 480w\" sizes=\"auto, (min-width: 0px) and (max-width: 480px) 480px, (min-width: 481px) and (max-width: 980px) 980px, (min-width: 981px) and (max-width: 1280px) 1280px, (min-width: 1281px) 1600px, 100vw\" \/><\/figure>\n\n\n\n<p><strong>Entre m\u00fasicos, colegas y amigos<\/strong><\/p>\n\n\n\n<p>El grupo de m\u00fasicos y cantantes invitados al espect\u00e1culo fue integrado por Pico Rubio; Flavio Vald\u00e9z; Adriana Luca; Juan M. Caraballo; Daniel Rochi; Juli\u00e1n Ramos; Gustavo Reynoso; Juan Pablo Centuri\u00f3n; Nicol\u00e1s Monta\u00f1a; Hern\u00e1n Carnero; Luis Far\u00edas; Juanjo C\u00e1ceres; Mar\u00eda Cuevas; Electra Barbagelata; Fernanda Roselli; Patricia Cohen; Alejandro Colores Calvi; Arito Cardoso; Mart\u00edn Aquilini y Las Guitarras Gualeyas.&nbsp;<\/p>\n\n\n\n<p>***<\/p>\n","protected":false},"excerpt":{"rendered":"<p>Encargada de dar comienzo al ciclo, Silva ofreci\u00f3 m\u00e1s de 20 canciones a una platea repleta que la aclam\u00f3. La actividad fue organizada por la Secretar\u00eda de Cultura de Entre R\u00edos en La Vieja Usina, y continuar\u00e1 con modalidad mensual.&nbsp; El s\u00e1bado por la noche y con entrada gratuita, en el Centro Cultural y de [&hellip;]<\/p>\n","protected":false},"author":5,"featured_media":10648,"comment_status":"open","ping_status":"open","sticky":false,"template":"","format":"standard","meta":{"_et_pb_use_builder":"off","_et_pb_old_content":"","_et_gb_content_width":"","footnotes":""},"categories":[1,28,18],"tags":[],"class_list":["post-10647","post","type-post","status-publish","format-standard","has-post-thumbnail","hentry","category-destacado","category-noticias","category-centro-cultural-la-vieja-usina"],"_links":{"self":[{"href":"https:\/\/www.entrerios.gov.ar\/cultura\/wp-json\/wp\/v2\/posts\/10647","targetHints":{"allow":["GET"]}}],"collection":[{"href":"https:\/\/www.entrerios.gov.ar\/cultura\/wp-json\/wp\/v2\/posts"}],"about":[{"href":"https:\/\/www.entrerios.gov.ar\/cultura\/wp-json\/wp\/v2\/types\/post"}],"author":[{"embeddable":true,"href":"https:\/\/www.entrerios.gov.ar\/cultura\/wp-json\/wp\/v2\/users\/5"}],"replies":[{"embeddable":true,"href":"https:\/\/www.entrerios.gov.ar\/cultura\/wp-json\/wp\/v2\/comments?post=10647"}],"version-history":[{"count":2,"href":"https:\/\/www.entrerios.gov.ar\/cultura\/wp-json\/wp\/v2\/posts\/10647\/revisions"}],"predecessor-version":[{"id":10653,"href":"https:\/\/www.entrerios.gov.ar\/cultura\/wp-json\/wp\/v2\/posts\/10647\/revisions\/10653"}],"wp:featuredmedia":[{"embeddable":true,"href":"https:\/\/www.entrerios.gov.ar\/cultura\/wp-json\/wp\/v2\/media\/10648"}],"wp:attachment":[{"href":"https:\/\/www.entrerios.gov.ar\/cultura\/wp-json\/wp\/v2\/media?parent=10647"}],"wp:term":[{"taxonomy":"category","embeddable":true,"href":"https:\/\/www.entrerios.gov.ar\/cultura\/wp-json\/wp\/v2\/categories?post=10647"},{"taxonomy":"post_tag","embeddable":true,"href":"https:\/\/www.entrerios.gov.ar\/cultura\/wp-json\/wp\/v2\/tags?post=10647"}],"curies":[{"name":"wp","href":"https:\/\/api.w.org\/{rel}","templated":true}]}}