{"id":10654,"date":"2024-04-22T15:42:01","date_gmt":"2024-04-22T15:42:01","guid":{"rendered":"https:\/\/www.entrerios.gov.ar\/cultura\/?p=10654"},"modified":"2024-04-22T15:42:03","modified_gmt":"2024-04-22T15:42:03","slug":"habra-actividades-de-divulgacion-en-nogoya-en-el-marco-de-la-semana-de-los-pueblos-originarios","status":"publish","type":"post","link":"https:\/\/www.entrerios.gov.ar\/cultura\/habra-actividades-de-divulgacion-en-nogoya-en-el-marco-de-la-semana-de-los-pueblos-originarios\/","title":{"rendered":"Habr\u00e1 actividades de divulgaci\u00f3n en Nogoy\u00e1 en el marco de la Semana de los Pueblos Originarios"},"content":{"rendered":"\n<p>La Secretar\u00eda de Cultura de la Provincia y el municipio de Nogoy\u00e1 invitan a una charla sobre la cultura del Pueblo Chan\u00e1. Ser\u00e1 el mi\u00e9rcoles 24, con entrada libre y gratuita. En la jornada estar\u00e1 presente Blas Jaime, uno de los referentes de la comunidad.&nbsp;<\/p>\n\n\n\n<p>Blas Jaime, el \u00faltimo chan\u00e1 parlante junto a su hija Evangelina Jaime, la mujer guarda memoria, compartir\u00e1n sus saberes en una actividad que est\u00e1 programada para el mi\u00e9rcoles 24 en el Teatro Sociedad Italiana a las 16, en la ciudad de Nogoy\u00e1. La actividad, organizada en el marco de la Semana de los Pueblos Originarios, es gratuita y abierta a todas las personas interesadas<\/p>\n\n\n\n<p>Blas Wilfredo Omar Jaime naci\u00f3 en El Pueblito, cerca de la ciudad de Nogoy\u00e1, en 1934. Cuando ten\u00eda 12 a\u00f1os su mam\u00e1 le empez\u00f3 a ense\u00f1ar la lengua de sus antepasados: el chan\u00e1. Aunque no termin\u00f3 la escuela primaria, Blas estudi\u00f3 el idioma rigurosamente hasta los 25 a\u00f1os. A fines de 2004, ya jubilado y con 70 a\u00f1os, quiso dar con otros hablantes del chan\u00e1 en Entre R\u00edos pero cay\u00f3 en la cuenta de que \u00e9l era el \u00fanico.<\/p>\n\n\n\n<p>Como \u00faltimo hablante, Blas ten\u00eda un tesoro ancestral y, sin embargo, se enfrent\u00f3 a un dilema de la tradici\u00f3n chan\u00e1: en esa cultura las mujeres son las \u00fanicas que pueden transmitir la lengua; pero si \u00e9l no quebraba la regla, el chan\u00e1 desaparec\u00eda.<\/p>\n\n\n\n<p>La semana dedicada a la valoraci\u00f3n y reflexi\u00f3n de los Pueblos Originarios fue instaurada&nbsp; en 1940 en todo el continente Americano, con el objetivo de recordar las ra\u00edces y visibilizar la realidad de las comunidades de la provincia.&nbsp;<br>&#8212;<\/p>\n","protected":false},"excerpt":{"rendered":"<p>La Secretar\u00eda de Cultura de la Provincia y el municipio de Nogoy\u00e1 invitan a una charla sobre la cultura del Pueblo Chan\u00e1. Ser\u00e1 el mi\u00e9rcoles 24, con entrada libre y gratuita. En la jornada estar\u00e1 presente Blas Jaime, uno de los referentes de la comunidad.&nbsp; Blas Jaime, el \u00faltimo chan\u00e1 parlante junto a su hija [&hellip;]<\/p>\n","protected":false},"author":5,"featured_media":10655,"comment_status":"open","ping_status":"open","sticky":false,"template":"","format":"standard","meta":{"_et_pb_use_builder":"off","_et_pb_old_content":"","_et_gb_content_width":"","footnotes":""},"categories":[1,28],"tags":[],"class_list":["post-10654","post","type-post","status-publish","format-standard","has-post-thumbnail","hentry","category-destacado","category-noticias"],"_links":{"self":[{"href":"https:\/\/www.entrerios.gov.ar\/cultura\/wp-json\/wp\/v2\/posts\/10654","targetHints":{"allow":["GET"]}}],"collection":[{"href":"https:\/\/www.entrerios.gov.ar\/cultura\/wp-json\/wp\/v2\/posts"}],"about":[{"href":"https:\/\/www.entrerios.gov.ar\/cultura\/wp-json\/wp\/v2\/types\/post"}],"author":[{"embeddable":true,"href":"https:\/\/www.entrerios.gov.ar\/cultura\/wp-json\/wp\/v2\/users\/5"}],"replies":[{"embeddable":true,"href":"https:\/\/www.entrerios.gov.ar\/cultura\/wp-json\/wp\/v2\/comments?post=10654"}],"version-history":[{"count":1,"href":"https:\/\/www.entrerios.gov.ar\/cultura\/wp-json\/wp\/v2\/posts\/10654\/revisions"}],"predecessor-version":[{"id":10656,"href":"https:\/\/www.entrerios.gov.ar\/cultura\/wp-json\/wp\/v2\/posts\/10654\/revisions\/10656"}],"wp:featuredmedia":[{"embeddable":true,"href":"https:\/\/www.entrerios.gov.ar\/cultura\/wp-json\/wp\/v2\/media\/10655"}],"wp:attachment":[{"href":"https:\/\/www.entrerios.gov.ar\/cultura\/wp-json\/wp\/v2\/media?parent=10654"}],"wp:term":[{"taxonomy":"category","embeddable":true,"href":"https:\/\/www.entrerios.gov.ar\/cultura\/wp-json\/wp\/v2\/categories?post=10654"},{"taxonomy":"post_tag","embeddable":true,"href":"https:\/\/www.entrerios.gov.ar\/cultura\/wp-json\/wp\/v2\/tags?post=10654"}],"curies":[{"name":"wp","href":"https:\/\/api.w.org\/{rel}","templated":true}]}}