{"id":10673,"date":"2024-04-24T13:09:47","date_gmt":"2024-04-24T13:09:47","guid":{"rendered":"https:\/\/www.entrerios.gov.ar\/cultura\/?p=10673"},"modified":"2024-04-24T13:09:48","modified_gmt":"2024-04-24T13:09:48","slug":"habra-un-festival-en-la-vieja-usina-por-el-dia-de-la-danza","status":"publish","type":"post","link":"https:\/\/www.entrerios.gov.ar\/cultura\/habra-un-festival-en-la-vieja-usina-por-el-dia-de-la-danza\/","title":{"rendered":"Habr\u00e1 un festival en La Vieja Usina por el D\u00eda de la Danza\u00a0"},"content":{"rendered":"\n<p>El Movimiento Entrerriano de Danza prepara un festival para el pr\u00f3ximo domingo con motivo de la celebraci\u00f3n del D\u00eda Internacional de la Danza. La actividad es coorganizada con la Secretar\u00eda de Cultura de Entre R\u00edos, y se realizar\u00e1 con entrada libre y gratuita.<\/p>\n\n\n\n<p>Este domingo 28 de abril, a las 20, en la sala Ver\u00f3nica Kuttel del centro cultural La Vieja Usina, ubicado en Gegoria Matorras 861 de la capital entrerriana, tendr\u00e1 lugar un festival en el que participar\u00e1n m\u00e1s de diez grupos de danza.&nbsp;<\/p>\n\n\n\n<p>El Movimiento Entrerriano de Danza, -nucleado en la Fundaci\u00f3n Movimiento Federal de Danza- , propone una presentaci\u00f3n de danzas con el objetivo de mostrar la diversidad de formas y estilos que se desarrollan en la ciudad de Paran\u00e1 y en la provincia. El espect\u00e1culo tambi\u00e9n se plantea con el prop\u00f3sito de visibilizar la danza como trabajo genuino, en pos de la Ley Nacional de Danza y la Ley Provincial de Danza. La actividad cuenta con el apoyo de la Secretar\u00eda de Cultura de Entre R\u00edos.<\/p>\n\n\n\n<p><strong>Participantes&nbsp;<\/strong><\/p>\n\n\n\n<p>La Compa\u00f1\u00eda Tupan\u00e1, el Estudio Open Ballet, Nuralain Tribu, la Academia de Tango del Litoral, la Compa\u00f1\u00eda Tempo del Instituto Ballerina, el Grupo Alma de R\u00edo, el Ballet del Estudio Viva Espa\u00f1a, Danser Studio, el Espacio El Espinal, Tribality Studio, el Estudio Viviana Rodr\u00edguez, y el Espacio Danza ser\u00e1n los protagonistas de una jornada que promete dar lugar diversas expresiones del campo del movimiento, estilos y g\u00e9neros.&nbsp;<\/p>\n\n\n\n<p><strong>Celebrar la danza<\/strong><\/p>\n\n\n\n<p>En 1982, por iniciativa del Comit\u00e9 Internacional de Danza, fue proclamado por la Organizaci\u00f3n de las Naciones Unidas para la Educaci\u00f3n, la Ciencia y la Cultura (UNESCO) el 29 de abril como D\u00eda Internacional de la Danza. La fecha escogida corresponde al natalicio del bailar\u00edn y core\u00f3grafo Jean-Georges Noverre (1727 \u2013 1810), bailar\u00edn franc\u00e9s y profesor de ballet considerado el creador del ballet moderno.<\/p>\n\n\n\n<p>El objetivo del D\u00eda Internacional de la Danza es homenajear a la danza como una disciplina de arte universal y diversa, reuniendo a todos los que han elegido esta forma de expresi\u00f3n sin barreras culturales, pol\u00edticas ni \u00e9ticas.<\/p>\n\n\n\n<p><em>Foto de portada: Compa\u00f1\u00eda Tupan\u00e1<\/em><\/p>\n","protected":false},"excerpt":{"rendered":"<p>El Movimiento Entrerriano de Danza prepara un festival para el pr\u00f3ximo domingo con motivo de la celebraci\u00f3n del D\u00eda Internacional de la Danza. La actividad es coorganizada con la Secretar\u00eda de Cultura de Entre R\u00edos, y se realizar\u00e1 con entrada libre y gratuita. Este domingo 28 de abril, a las 20, en la sala Ver\u00f3nica [&hellip;]<\/p>\n","protected":false},"author":5,"featured_media":10674,"comment_status":"open","ping_status":"open","sticky":false,"template":"","format":"standard","meta":{"_et_pb_use_builder":"off","_et_pb_old_content":"","_et_gb_content_width":"","footnotes":""},"categories":[1,28,18],"tags":[],"class_list":["post-10673","post","type-post","status-publish","format-standard","has-post-thumbnail","hentry","category-destacado","category-noticias","category-centro-cultural-la-vieja-usina"],"_links":{"self":[{"href":"https:\/\/www.entrerios.gov.ar\/cultura\/wp-json\/wp\/v2\/posts\/10673","targetHints":{"allow":["GET"]}}],"collection":[{"href":"https:\/\/www.entrerios.gov.ar\/cultura\/wp-json\/wp\/v2\/posts"}],"about":[{"href":"https:\/\/www.entrerios.gov.ar\/cultura\/wp-json\/wp\/v2\/types\/post"}],"author":[{"embeddable":true,"href":"https:\/\/www.entrerios.gov.ar\/cultura\/wp-json\/wp\/v2\/users\/5"}],"replies":[{"embeddable":true,"href":"https:\/\/www.entrerios.gov.ar\/cultura\/wp-json\/wp\/v2\/comments?post=10673"}],"version-history":[{"count":1,"href":"https:\/\/www.entrerios.gov.ar\/cultura\/wp-json\/wp\/v2\/posts\/10673\/revisions"}],"predecessor-version":[{"id":10675,"href":"https:\/\/www.entrerios.gov.ar\/cultura\/wp-json\/wp\/v2\/posts\/10673\/revisions\/10675"}],"wp:featuredmedia":[{"embeddable":true,"href":"https:\/\/www.entrerios.gov.ar\/cultura\/wp-json\/wp\/v2\/media\/10674"}],"wp:attachment":[{"href":"https:\/\/www.entrerios.gov.ar\/cultura\/wp-json\/wp\/v2\/media?parent=10673"}],"wp:term":[{"taxonomy":"category","embeddable":true,"href":"https:\/\/www.entrerios.gov.ar\/cultura\/wp-json\/wp\/v2\/categories?post=10673"},{"taxonomy":"post_tag","embeddable":true,"href":"https:\/\/www.entrerios.gov.ar\/cultura\/wp-json\/wp\/v2\/tags?post=10673"}],"curies":[{"name":"wp","href":"https:\/\/api.w.org\/{rel}","templated":true}]}}