{"id":10700,"date":"2024-04-28T13:52:38","date_gmt":"2024-04-28T13:52:38","guid":{"rendered":"https:\/\/www.entrerios.gov.ar\/cultura\/?p=10700"},"modified":"2025-02-20T21:58:17","modified_gmt":"2025-02-20T21:58:17","slug":"mas-de-800-espectadores-disfrutaron-del-cine-en-escuelas-del-departamento-tala","status":"publish","type":"post","link":"https:\/\/www.entrerios.gov.ar\/cultura\/mas-de-800-espectadores-disfrutaron-del-cine-en-escuelas-del-departamento-tala\/","title":{"rendered":"M\u00e1s de 800 espectadores disfrutaron del cine en escuelas del departamento Tala"},"content":{"rendered":"\n<p>En el marco del programa gratuito&nbsp;<em>Cine en la Escuela,<\/em>&nbsp;se realizaron seis funciones en ocho establecimientos rurales y urbanos. La propuesta abarc\u00f3 a ni\u00f1os, ni\u00f1as, j\u00f3venes y docentes, quienes pudieron disfrutar de distintas pel\u00edculas elegidas para cada grupo. &nbsp;<\/p>\n\n\n\n<p>.<\/p>\n\n\n\n<p>La Secretar\u00eda de Cultura de la provincia, a trav\u00e9s del Instituto Audiovisual de Entre R\u00edos (IAER), contin\u00faa desarrollando el programa&nbsp;<em>Cine en la Escuela<\/em>&nbsp;en establecimientos educativos de la provincia.<\/p>\n\n\n\n<p>Esta semana nuevamente deja un balance positivo para el equipo que conform\u00f3 el IAER para recorrer los 17 departamentos de la provincia con la propuesta. Se realizaron seis funciones en dos d\u00edas \u2013mi\u00e9rcoles y jueves pasados- para ocho escuelas rurales y urbanas. El mi\u00e9rcoles puntualmente se trat\u00f3 de una funci\u00f3n conjunta en el sal\u00f3n de la Comuna de Guardamonte para las Escuela N\u00b0 34 San Mart\u00edn de Guardamonte; Escuela N\u00b0 54 Ricardo Guti\u00e9rrez, de Paraje El Talita; y Escuela N\u00b0 18 Manuel Dorrego, de Paraje El Guineo. Tambi\u00e9n, en la misma jornada se sum\u00f3 una funci\u00f3n m\u00e1s para la Escuela N\u00b0 35 Juan Alberdi, de Durazno.<\/p>\n\n\n\n<figure class=\"wp-block-image size-large\"><img decoding=\"async\" src=\"https:\/\/www.entrerios.gov.ar\/cultura\/wp-content\/uploads\/2024\/04\/cine-en-la-escTala2-1024x683.jpg\" alt=\"\" class=\"wp-image-10701\"\/><\/figure>\n\n\n\n<p>En tanto que el jueves, se realiz\u00f3 un encuentro entre las escuelas N\u00b08 Rom\u00e1n Deheza, N\u00b06 H\u00e9roes de Malvinas, la Escuela de Educaci\u00f3n Especial Santa Rita y el Instituto Parroquial Mansilla. Cabe destacar que en Guardamonte y Durazno, el IAER volvi\u00f3 despu\u00e9s de diez a\u00f1os. El balance de esta doble jornada contempla que fueron comprendidos cinco Parajes, Juntas, Comunas y Municipios. Y que m\u00e1s de 800 personas en total disfrutaron de la doble jornada en el departamento Tala. \u00a0<\/p>\n\n\n\n<figure class=\"wp-block-image size-large\"><img decoding=\"async\" src=\"https:\/\/www.entrerios.gov.ar\/cultura\/wp-content\/uploads\/2024\/04\/cine-en-la-esc-Tala1-1024x683.jpg\" alt=\"\" class=\"wp-image-10702\"\/><\/figure>\n\n\n\n<p><strong>Un aporte a las trayectorias pedag\u00f3gicas<\/strong><\/p>\n\n\n\n<p>La iniciativa oficial, ejecutada con fondos provinciales, continuar\u00e1 promoviendo la difusi\u00f3n de pel\u00edculas nacionales, regionales e internacionales, en escuelas rurales y semi urbanas. El objetivo es federalizar el acceso a la cultura; difundir el amplio patrimonio audiovisual de Entre R\u00edos, reconstruyendo as\u00ed el h\u00e1bito colectivo de una funci\u00f3n de cine; y sumando un aporte a las trayectorias escolares y las continuidades pedag\u00f3gicas de ni\u00f1os, adolescentes y adultos.<\/p>\n\n\n\n<p>Cabe recordar que los materiales audiovisuales son elegidos de manera conjunta por los directivos y docentes. La idea es que cortometrajes y largometrajes contribuyan a la recreaci\u00f3n y el entretenimiento y tambi\u00e9n promuevan el di\u00e1logo, el debate y el aprendizaje de ejes tem\u00e1ticos que se encuentran presentes en la vida cotidiana de los ni\u00f1os y adolescentes, sus familias, sus barrios y sus pueblos.<\/p>\n\n\n\n<figure class=\"wp-block-image size-large\"><img decoding=\"async\" src=\"https:\/\/www.entrerios.gov.ar\/cultura\/wp-content\/uploads\/2024\/04\/cine-en-la-esc-Tala3-1024x683.jpg\" alt=\"\" class=\"wp-image-10703\"\/><\/figure>\n\n\n\n<p>La implementaci\u00f3n del Programa&nbsp;<em>Cine en la Escuela<\/em>&nbsp;como una pol\u00edtica p\u00fablica dispone de un veh\u00edculo, equipado con pantallas, proyectores, sonido y cientos de t\u00edtulos audiovisuales, con el objetivo de recorrer los caminos de la provincia. De esta manera, se acercan propuestas culturales en zonas alejadas de salas de cine, que cuentan con escasa conectividad o se encuentran ubicadas en zonas rurales. Mientras tanto el IAER, ya est\u00e1 programando un nuevo recorrido en otra zona estrat\u00e9gica del territorio entrerriano.<\/p>\n\n\n\n<p><strong>(Prensa IAER)<\/strong><\/p>\n","protected":false},"excerpt":{"rendered":"<p>En el marco del programa gratuito&nbsp;Cine en la Escuela,&nbsp;se realizaron seis funciones en ocho establecimientos rurales y urbanos. La propuesta abarc\u00f3 a ni\u00f1os, ni\u00f1as, j\u00f3venes y docentes, quienes pudieron disfrutar de distintas pel\u00edculas elegidas para cada grupo. &nbsp; . La Secretar\u00eda de Cultura de la provincia, a trav\u00e9s del Instituto Audiovisual de Entre R\u00edos (IAER), [&hellip;]<\/p>\n","protected":false},"author":50,"featured_media":0,"comment_status":"open","ping_status":"open","sticky":false,"template":"","format":"standard","meta":{"_et_pb_use_builder":"off","_et_pb_old_content":"","_et_gb_content_width":"","footnotes":""},"categories":[1,28,4],"tags":[],"class_list":["post-10700","post","type-post","status-publish","format-standard","hentry","category-destacado","category-noticias","category-iaaer"],"_links":{"self":[{"href":"https:\/\/www.entrerios.gov.ar\/cultura\/wp-json\/wp\/v2\/posts\/10700","targetHints":{"allow":["GET"]}}],"collection":[{"href":"https:\/\/www.entrerios.gov.ar\/cultura\/wp-json\/wp\/v2\/posts"}],"about":[{"href":"https:\/\/www.entrerios.gov.ar\/cultura\/wp-json\/wp\/v2\/types\/post"}],"author":[{"embeddable":true,"href":"https:\/\/www.entrerios.gov.ar\/cultura\/wp-json\/wp\/v2\/users\/50"}],"replies":[{"embeddable":true,"href":"https:\/\/www.entrerios.gov.ar\/cultura\/wp-json\/wp\/v2\/comments?post=10700"}],"version-history":[{"count":1,"href":"https:\/\/www.entrerios.gov.ar\/cultura\/wp-json\/wp\/v2\/posts\/10700\/revisions"}],"predecessor-version":[{"id":12703,"href":"https:\/\/www.entrerios.gov.ar\/cultura\/wp-json\/wp\/v2\/posts\/10700\/revisions\/12703"}],"wp:attachment":[{"href":"https:\/\/www.entrerios.gov.ar\/cultura\/wp-json\/wp\/v2\/media?parent=10700"}],"wp:term":[{"taxonomy":"category","embeddable":true,"href":"https:\/\/www.entrerios.gov.ar\/cultura\/wp-json\/wp\/v2\/categories?post=10700"},{"taxonomy":"post_tag","embeddable":true,"href":"https:\/\/www.entrerios.gov.ar\/cultura\/wp-json\/wp\/v2\/tags?post=10700"}],"curies":[{"name":"wp","href":"https:\/\/api.w.org\/{rel}","templated":true}]}}