{"id":10718,"date":"2024-04-30T19:59:51","date_gmt":"2024-04-30T19:59:51","guid":{"rendered":"https:\/\/www.entrerios.gov.ar\/cultura\/?p=10718"},"modified":"2024-04-30T19:59:52","modified_gmt":"2024-04-30T19:59:52","slug":"se-presento-la-3-fiesta-del-gaucho-de-san-benito","status":"publish","type":"post","link":"https:\/\/www.entrerios.gov.ar\/cultura\/se-presento-la-3-fiesta-del-gaucho-de-san-benito\/","title":{"rendered":"Se present\u00f3 la 3\u00b0 Fiesta del Gaucho de San Benito\u00a0"},"content":{"rendered":"\n<p>Organizadores de la popular fiesta anunciaron detalles este martes en la Sala Antequeda de Paran\u00e1, acompa\u00f1ados por la Secretar\u00eda de Cultura de la Provincia.<\/p>\n\n\n\n<p>El intendente de la localidad de San Benito, junto a una pareja de danza folcl\u00f3rica, present\u00f3 en Paran\u00e1 el que se anuncia como un gran festejo campero. El evento se llevar\u00e1 a cabo el domingo 5 de mayo durante toda la jornada.&nbsp;<\/p>\n\n\n\n<p>Ariel Voeffray, intendente de San Benito, agradeci\u00f3 a la Secretar\u00eda de Cultura por el acompa\u00f1amiento, y dijo: \u201dEstamos convocando a todos los vecinos, tanto de San Benito, como de las ciudades cercanas que quieran acercarse. Habr\u00e1 mucha destreza criolla, desfile de agrupaciones, patio gastron\u00f3mico, emprendedores y distintos artistas locales\u201d. El funcionario no olvid\u00f3 resaltar que tambi\u00e9n est\u00e1 programado un gran cierre a cargo del m\u00fasico Monchito Merlo.<\/p>\n\n\n\n<p>En el marco de un nuevo aniversario de la localidad, al celebrarse 145 a\u00f1os de historia, el municipio invita a colaborar con alimentos no perecederos que ser\u00e1n destinados a Caritas San Benito como ya se viene haciendo en distintos eventos.<\/p>\n\n\n\n<p>Seg\u00fan adelantaron los protagonistas, este domingo por la ma\u00f1ana habr\u00e1 desfile de agrupaciones, a partir del mediod\u00eda destrezas criollas, y a las 14.30 comenzar\u00e1n los n\u00fameros art\u00edsticos. Los talleres culturales como el de&nbsp;<em>Presagios de mi tierra<\/em>&nbsp;tambi\u00e9n tendr\u00e1n un lugar protag\u00f3nico en el espect\u00e1culo.<\/p>\n\n\n\n<p>\u201cLa idea surgi\u00f3 hace tres a\u00f1os cuando advertimos que no hay otra fiesta que ponga al gaucho en valor. Entonces surgi\u00f3 desde San Benito esa idea de homenajearlo con un d\u00eda\u201d, dijo Voeffray haciendo referencia al surgimiento de la iniciativa.<\/p>\n\n\n\n<p>El secretario de Cultura de la provincia, Fabi\u00e1n Reato a su turno destac\u00f3 que \u201cSan Benito es una comunidad que est\u00e1 muy ligada a la inmigraci\u00f3n, y a la vez, muy vinculada con nuestras mejores tradiciones rurales y campestres. Por esta raz\u00f3n es tan importante est\u00e1 fiesta. La consideramos una reivindicaci\u00f3n de nuestras tradiciones y por eso nos parece tan importante acompa\u00f1ar este tipo de iniciativas\u201d<\/p>\n\n\n\n<figure class=\"wp-block-image\"><img decoding=\"async\" src=\"https:\/\/lh7-us.googleusercontent.com\/K4Y_tR5Oa6UBjGDg9EfuYd3auRNywmn606DHGVcJ8iiIZexB1wyCmm7YtkuIqT3DlZ9DIjtB8czha9MhZq8-JCqvsUQxuEhHAhQvNsHikccln0Ls3UsYRe4TbQxfIJPtdWGaykgBV4xot4-zPdtGNag\" alt=\"\"\/><\/figure>\n\n\n\n<p>Engalanados con atav\u00edos gauchos, los bailarines del grupo&nbsp;<em>Presagios de mi tierra<\/em>, Luis Paveli y Mabel Galli, tambi\u00e9n hicieron declaraciones a la prensa para invitar a ser parte de los festejos de San Benito. \u201cNos estamos preparando muy bien. Esta ser\u00e1 la tercer fiesta en San Benito. Tambi\u00e9n estamos cumpliendo 15 a\u00f1os con&nbsp;<em>Presagios de mi&nbsp;<\/em><em>tierra<\/em>&nbsp;y hemos participado de encuentros de danza de distintas localidades de la provincia\u201d, declar\u00f3 Luis.&nbsp;<\/p>\n\n\n\n<p>Y tambi\u00e9n agreg\u00f3 \u201cEl baile folcl\u00f3rico tiene un estilo propio en cada localidad o provincia. Nosotros tenemos el litorale\u00f1o, todos los bailes enlazados como la chamarrita, el rasguido doble, el chamam\u00e9 tanguito montielero. Lo nuestro es el litoral. El baile folcl\u00f3rico es hermoso&#8221;, finaliz\u00f3.&nbsp;<\/p>\n\n\n\n<p>La fiesta tendr\u00e1 lugar en el Parque Vieytes de San Benito, a partir de las 10.30 de este domingo.<\/p>\n\n\n\n<p><strong>M\u00e1s Informaci\u00f3n:&nbsp;<\/strong><\/p>\n\n\n\n<p><a href=\"https:\/\/sanbenito.gob.ar\">https:\/\/sanbenito.gob.ar<\/a><\/p>\n","protected":false},"excerpt":{"rendered":"<p>Organizadores de la popular fiesta anunciaron detalles este martes en la Sala Antequeda de Paran\u00e1, acompa\u00f1ados por la Secretar\u00eda de Cultura de la Provincia. El intendente de la localidad de San Benito, junto a una pareja de danza folcl\u00f3rica, present\u00f3 en Paran\u00e1 el que se anuncia como un gran festejo campero. El evento se llevar\u00e1 [&hellip;]<\/p>\n","protected":false},"author":5,"featured_media":10719,"comment_status":"open","ping_status":"open","sticky":false,"template":"","format":"standard","meta":{"_et_pb_use_builder":"off","_et_pb_old_content":"","_et_gb_content_width":"","footnotes":""},"categories":[1,28],"tags":[],"class_list":["post-10718","post","type-post","status-publish","format-standard","has-post-thumbnail","hentry","category-destacado","category-noticias"],"_links":{"self":[{"href":"https:\/\/www.entrerios.gov.ar\/cultura\/wp-json\/wp\/v2\/posts\/10718","targetHints":{"allow":["GET"]}}],"collection":[{"href":"https:\/\/www.entrerios.gov.ar\/cultura\/wp-json\/wp\/v2\/posts"}],"about":[{"href":"https:\/\/www.entrerios.gov.ar\/cultura\/wp-json\/wp\/v2\/types\/post"}],"author":[{"embeddable":true,"href":"https:\/\/www.entrerios.gov.ar\/cultura\/wp-json\/wp\/v2\/users\/5"}],"replies":[{"embeddable":true,"href":"https:\/\/www.entrerios.gov.ar\/cultura\/wp-json\/wp\/v2\/comments?post=10718"}],"version-history":[{"count":1,"href":"https:\/\/www.entrerios.gov.ar\/cultura\/wp-json\/wp\/v2\/posts\/10718\/revisions"}],"predecessor-version":[{"id":10720,"href":"https:\/\/www.entrerios.gov.ar\/cultura\/wp-json\/wp\/v2\/posts\/10718\/revisions\/10720"}],"wp:featuredmedia":[{"embeddable":true,"href":"https:\/\/www.entrerios.gov.ar\/cultura\/wp-json\/wp\/v2\/media\/10719"}],"wp:attachment":[{"href":"https:\/\/www.entrerios.gov.ar\/cultura\/wp-json\/wp\/v2\/media?parent=10718"}],"wp:term":[{"taxonomy":"category","embeddable":true,"href":"https:\/\/www.entrerios.gov.ar\/cultura\/wp-json\/wp\/v2\/categories?post=10718"},{"taxonomy":"post_tag","embeddable":true,"href":"https:\/\/www.entrerios.gov.ar\/cultura\/wp-json\/wp\/v2\/tags?post=10718"}],"curies":[{"name":"wp","href":"https:\/\/api.w.org\/{rel}","templated":true}]}}