{"id":10780,"date":"2024-05-07T13:09:03","date_gmt":"2024-05-07T13:09:03","guid":{"rendered":"https:\/\/www.entrerios.gov.ar\/cultura\/?p=10780"},"modified":"2024-05-07T13:09:04","modified_gmt":"2024-05-07T13:09:04","slug":"con-motivo-del-dia-del-himno-el-sabado-habra-celebracion-en-plaza-mansilla","status":"publish","type":"post","link":"https:\/\/www.entrerios.gov.ar\/cultura\/con-motivo-del-dia-del-himno-el-sabado-habra-celebracion-en-plaza-mansilla\/","title":{"rendered":"Con motivo del D\u00eda del Himno, el s\u00e1bado habr\u00e1 celebraci\u00f3n en plaza Mansilla"},"content":{"rendered":"\n<p>El pr\u00f3ximo s\u00e1bado 11 de mayo, por la ma\u00f1ana, se realizar\u00e1 un acto en Paran\u00e1 que contar\u00e1 con m\u00fasica y danza para conmemorar la fecha de la canci\u00f3n patria. La actividad es organizada por las Secretar\u00edas de Cultura y de Comunicaci\u00f3n y Prensa. La participaci\u00f3n es abierta a la comunidad.<\/p>\n\n\n\n<p><a href=\"https:\/\/web.whatsapp.com\/send?text=Con%20motivo%20del%20D%C3%ADa%20del%20Himno,%20el%20s%C3%A1bado%20habr%C3%A1%20celebraci%C3%B3n%20en%20plaza%20Mansilla%20%20-%20https%3A%2F%2Fportal.entrerios.gov.ar%2Fprensa%2Fnoticias%2F7332\" target=\"_blank\" rel=\"noreferrer noopener\"><\/a><a href=\"https:\/\/twitter.com\/intent\/tweet?text=Con%20motivo%20del%20D%C3%ADa%20del%20Himno,%20el%20s%C3%A1bado%20habr%C3%A1%20celebraci%C3%B3n%20en%20plaza%20Mansilla&amp;url=https%3A%2F%2Fportal.entrerios.gov.ar%2Fprensa%2Fnoticias%2F7332\" target=\"_blank\" rel=\"noreferrer noopener\"><\/a><a href=\"https:\/\/www.facebook.com\/sharer\/sharer.php?u=https:\/\/portal.entrerios.gov.ar\/prensa\/noticias\/7332\" target=\"_blank\" rel=\"noreferrer noopener\"><\/a>A las 10.30 del pr\u00f3ximo s\u00e1bado, en la plaza Lucio Norberto Mansilla, est\u00e1 programado un acto con el fin de celebrar un nuevo aniversario del D\u00eda del Himno Nacional Argentino. En la explanada de la Casa de Gobierno, la Orquesta Sinf\u00f3nica Municipal de Crespo, y el Ballet Evocando Tradici\u00f3n y la Asociaci\u00f3n Verdiana, ambos de Paran\u00e1, brindar\u00e1n un espect\u00e1culo de m\u00fasica y danza.\u00a0<\/p>\n\n\n\n<p>El D\u00eda del Himno Nacional Argentino se celebra el 11 de mayo. En esa fecha, pero en 1813, la Asamblea General Constituyente sancion\u00f3 como &#8220;himno&#8221; a la marcha patri\u00f3tica escrita por en 1812 por Vicente L\u00f3pez y Planes, con m\u00fasica de Blas Parera compuesta un a\u00f1o m\u00e1s tarde. La canci\u00f3n patria es uno de los s\u00edmbolos de la soberan\u00eda argentina.<\/p>\n\n\n\n<p>Originalmente, fue denominado Marcha patri\u00f3tica, luego Canci\u00f3n Patri\u00f3tica Nacional y posteriormente fue una Canci\u00f3n Patri\u00f3tica. Reci\u00e9n en 1847, una publicaci\u00f3n lo denomin\u00f3 Himno Nacional Argentino, nombre que ha conservado y con el cual es conocido.<\/p>\n","protected":false},"excerpt":{"rendered":"<p>El pr\u00f3ximo s\u00e1bado 11 de mayo, por la ma\u00f1ana, se realizar\u00e1 un acto en Paran\u00e1 que contar\u00e1 con m\u00fasica y danza para conmemorar la fecha de la canci\u00f3n patria. La actividad es organizada por las Secretar\u00edas de Cultura y de Comunicaci\u00f3n y Prensa. La participaci\u00f3n es abierta a la comunidad. A las 10.30 del pr\u00f3ximo [&hellip;]<\/p>\n","protected":false},"author":5,"featured_media":10782,"comment_status":"open","ping_status":"open","sticky":false,"template":"","format":"standard","meta":{"_et_pb_use_builder":"off","_et_pb_old_content":"","_et_gb_content_width":"","footnotes":""},"categories":[1,28],"tags":[],"class_list":["post-10780","post","type-post","status-publish","format-standard","has-post-thumbnail","hentry","category-destacado","category-noticias"],"_links":{"self":[{"href":"https:\/\/www.entrerios.gov.ar\/cultura\/wp-json\/wp\/v2\/posts\/10780","targetHints":{"allow":["GET"]}}],"collection":[{"href":"https:\/\/www.entrerios.gov.ar\/cultura\/wp-json\/wp\/v2\/posts"}],"about":[{"href":"https:\/\/www.entrerios.gov.ar\/cultura\/wp-json\/wp\/v2\/types\/post"}],"author":[{"embeddable":true,"href":"https:\/\/www.entrerios.gov.ar\/cultura\/wp-json\/wp\/v2\/users\/5"}],"replies":[{"embeddable":true,"href":"https:\/\/www.entrerios.gov.ar\/cultura\/wp-json\/wp\/v2\/comments?post=10780"}],"version-history":[{"count":1,"href":"https:\/\/www.entrerios.gov.ar\/cultura\/wp-json\/wp\/v2\/posts\/10780\/revisions"}],"predecessor-version":[{"id":10783,"href":"https:\/\/www.entrerios.gov.ar\/cultura\/wp-json\/wp\/v2\/posts\/10780\/revisions\/10783"}],"wp:featuredmedia":[{"embeddable":true,"href":"https:\/\/www.entrerios.gov.ar\/cultura\/wp-json\/wp\/v2\/media\/10782"}],"wp:attachment":[{"href":"https:\/\/www.entrerios.gov.ar\/cultura\/wp-json\/wp\/v2\/media?parent=10780"}],"wp:term":[{"taxonomy":"category","embeddable":true,"href":"https:\/\/www.entrerios.gov.ar\/cultura\/wp-json\/wp\/v2\/categories?post=10780"},{"taxonomy":"post_tag","embeddable":true,"href":"https:\/\/www.entrerios.gov.ar\/cultura\/wp-json\/wp\/v2\/tags?post=10780"}],"curies":[{"name":"wp","href":"https:\/\/api.w.org\/{rel}","templated":true}]}}