{"id":10788,"date":"2024-05-08T15:23:34","date_gmt":"2024-05-08T15:23:34","guid":{"rendered":"https:\/\/www.entrerios.gov.ar\/cultura\/?p=10788"},"modified":"2024-05-08T15:23:36","modified_gmt":"2024-05-08T15:23:36","slug":"parana-sera-parte-del-iii-festival-internacional-de-narracion-oral","status":"publish","type":"post","link":"https:\/\/www.entrerios.gov.ar\/cultura\/parana-sera-parte-del-iii-festival-internacional-de-narracion-oral\/","title":{"rendered":"Paran\u00e1 ser\u00e1 parte del III Festival Internacional de Narraci\u00f3n Oral"},"content":{"rendered":"\n<p>El evento se realiza hasta el 11 de mayo, en Entre R\u00edos y Santa Fe. La iniciativa es organizada por el grupo \u201cAbrazo de Agua\u201d y cuenta con el apoyo de la Secretar\u00eda de Cultura de Entre R\u00edos. El viernes y s\u00e1bado habr\u00e1 actividad en la Casa de la Cultura, con entrada libre y gratuita. Tambi\u00e9n ser\u00e1 sede la Biblioteca Provincial.<\/p>\n\n\n\n<p>El festival, que comenz\u00f3 el mi\u00e9rcoles y se extiende hasta el s\u00e1bado con actividades en Entre R\u00edos y Santa Fe, se propone difundir, fortalecer, jerarquizar la narraci\u00f3n oral, a la vez que incentivar a ni\u00f1os, j\u00f3venes y adultos al acercamiento y ejercicio de este arte milenario que propicia la escucha, la oralidad, la lectura, el encuentro con otros y la indagaci\u00f3n en las historias familiares, locales y universales.<\/p>\n\n\n\n<p>Adem\u00e1s tiene como prop\u00f3sito ofrecer a ni\u00f1os y adultos la posibilidad de disfrutar de relatos, historias y leyendas que permitan ampliar su imaginario, descubrir lo fant\u00e1stico como modo de pensar nuevos mundos y a s\u00ed mismos como transformadores de la realidad. De esta manera, el festival pretende propiciar espacios de encuentro, retroalimentaci\u00f3n, aprendizaje, reflexi\u00f3n entre los narradores involucrados.<\/p>\n\n\n\n<p>El grupo organizador es autogestivo, independiente y sin fines de lucro:\u201cAbrazo de Agua\u201d.&nbsp;<\/p>\n\n\n\n<p>Desde la organizaci\u00f3n se inform\u00f3 que est\u00e1 prevista la participaci\u00f3n de narradores internacionales, tambi\u00e9n provenientes de provincias argentinas y 30 referentes locales. Los artistas locales, junto a los visitantes son: Liliana Arroyave (Colombia), Deyanira Ruiz Lopez (M\u00e9xico), Manuel Conde y Miguel Alvarez (Per\u00fa), Laura Ferreyra (Paraguay), Alfredo Gibert Flores (Chile), Alejandra Jimenez (Tucum\u00e1n), Roxana Drucker (La Plata) Alejandro Ayala (Bs As) Mariquita Marquez (C\u00f3rdoba), compartir\u00e1n historias para grandes y chicos.<\/p>\n\n\n\n<p>Las actividades se llevar\u00e1n a cabo en las ciudades de Santa Fe, San Jos\u00e9 del Rinc\u00f3n, Santo Tom\u00e9, Recreo y&nbsp; Monte Vera&nbsp; (Pcia de Santa Fe), y Paran\u00e1.<\/p>\n\n\n\n<p><strong>Actividades<\/strong><\/p>\n\n\n\n<p>Durante el desarrollo del Festival, los narradores orales, visitar\u00e1n diferentes espacios p\u00fablicos, instituciones educativas, bibliotecas, salas y teatros ofreciendo puestas esc\u00e9nicas.<\/p>\n\n\n\n<p>En el marco de este evento se ofrecen tambi\u00e9n talleres de formaci\u00f3n en el arte de narrar y conversatorios destinados a narradores, promotores culturales, promotores de lectura, bibliotecarios, docentes, estudiantes y dem\u00e1s personas interesadas.<\/p>\n\n\n\n<p><strong>En Paran\u00e1<\/strong><\/p>\n\n\n\n<p>El viernes 10, la agenda del festival tiene previstas actividades en organismos que se encuentran bajo la \u00f3rbita de la Secretar\u00eda de Cultura de Entre R\u00edos como la Casa de la Cultura (Carb\u00f3 y 9 de Julio) y la Biblioteca Provincial (Alameda de la Federaci\u00f3n 278) en Paran\u00e1.&nbsp;<\/p>\n\n\n\n<p>A las 9.30 comenzar\u00e1 la Concentraci\u00f3n de narradores en la Casa de la Cultura.&nbsp;<\/p>\n\n\n\n<p>Entre las 10 y las 12 habr\u00e1 funciones para diferentes edades con \u201cLlegan los cuenteros con sus mochilas de historias&#8221;. Se desarrollar\u00e1n en la Casa de la Cultura, la Biblioteca Popular del Paran\u00e1, la Biblioteca Provincial de Entre R\u00edos (cupo cerrado), y en escuelas de Paran\u00e1.&nbsp;<\/p>\n\n\n\n<p>A partir de las 15.30 se dictar\u00e1 un taller \u201cJugar con el cuento para contar desde el juego\u201d con Alejandro Ayala, en la Casa de la Cultura.&nbsp;<\/p>\n\n\n\n<p>Para cerrar el d\u00eda se program\u00f3 una funci\u00f3n para adultos \u201cNoche de cuentos que vienen de lejos\u201d en el mismo centro cultural con la participaci\u00f3n de los maestros narradores Manuel Conde Aldude (Per\u00fa); Alfredo Gibert Flores (Chile); Mar\u00eda del Carmen Marquez (C\u00f3rdoba; Laura Ferreira (Paraguay); Joselina Martinez (Santa Fe); Deyanira Ruiz L\u00f3pez (M\u00e9xico); y Monchi Zonis (Entre R\u00edos). Habr\u00e1 tambi\u00e9n invitados especiales tales como el Coro de la Ciudad de Paran\u00e1, una pareja de danza y artes pl\u00e1sticas.&nbsp;<\/p>\n\n\n\n<p>Para el d\u00eda s\u00e1bado 11 de mayo est\u00e1 programado otro taller junto a Roxana Drucker a las 15; y un encuentro \u201cAbrazo de cuentos en ronda\u201d a las 18, destinado a j\u00f3venes y adultos con cuentos, historias y canciones con artistas. Estas dos \u00faltimas actividades tendr\u00e1n lugar en la Casa de la Cultura.&nbsp;<\/p>\n\n\n\n<p>Las funciones ser\u00e1n gratuitas, pero los talleres tienen arancel y se requiere inscripci\u00f3n previa. Por consultas remitirse al 343- 451382.<\/p>\n\n\n\n<p><strong>Contacto e informaci\u00f3n:<\/strong><\/p>\n\n\n\n<p>Email:&nbsp;<a href=\"mailto:ada.abrazodeagua@gmail.com\" target=\"_blank\" rel=\"noreferrer noopener\">ada.abrazodeagua@gmail.com<\/a><\/p>\n\n\n\n<p>Contacto Tel: 342-5339965&nbsp;<\/p>\n\n\n\n<p>@grupo-abrazo<\/p>\n","protected":false},"excerpt":{"rendered":"<p>El evento se realiza hasta el 11 de mayo, en Entre R\u00edos y Santa Fe. La iniciativa es organizada por el grupo \u201cAbrazo de Agua\u201d y cuenta con el apoyo de la Secretar\u00eda de Cultura de Entre R\u00edos. El viernes y s\u00e1bado habr\u00e1 actividad en la Casa de la Cultura, con entrada libre y gratuita. [&hellip;]<\/p>\n","protected":false},"author":5,"featured_media":10789,"comment_status":"open","ping_status":"open","sticky":false,"template":"","format":"standard","meta":{"_et_pb_use_builder":"off","_et_pb_old_content":"","_et_gb_content_width":"","footnotes":""},"categories":[28,5,19],"tags":[],"class_list":["post-10788","post","type-post","status-publish","format-standard","has-post-thumbnail","hentry","category-noticias","category-biblioteca-provincial","category-casa-de-la-cultura-de-er"],"_links":{"self":[{"href":"https:\/\/www.entrerios.gov.ar\/cultura\/wp-json\/wp\/v2\/posts\/10788","targetHints":{"allow":["GET"]}}],"collection":[{"href":"https:\/\/www.entrerios.gov.ar\/cultura\/wp-json\/wp\/v2\/posts"}],"about":[{"href":"https:\/\/www.entrerios.gov.ar\/cultura\/wp-json\/wp\/v2\/types\/post"}],"author":[{"embeddable":true,"href":"https:\/\/www.entrerios.gov.ar\/cultura\/wp-json\/wp\/v2\/users\/5"}],"replies":[{"embeddable":true,"href":"https:\/\/www.entrerios.gov.ar\/cultura\/wp-json\/wp\/v2\/comments?post=10788"}],"version-history":[{"count":1,"href":"https:\/\/www.entrerios.gov.ar\/cultura\/wp-json\/wp\/v2\/posts\/10788\/revisions"}],"predecessor-version":[{"id":10790,"href":"https:\/\/www.entrerios.gov.ar\/cultura\/wp-json\/wp\/v2\/posts\/10788\/revisions\/10790"}],"wp:featuredmedia":[{"embeddable":true,"href":"https:\/\/www.entrerios.gov.ar\/cultura\/wp-json\/wp\/v2\/media\/10789"}],"wp:attachment":[{"href":"https:\/\/www.entrerios.gov.ar\/cultura\/wp-json\/wp\/v2\/media?parent=10788"}],"wp:term":[{"taxonomy":"category","embeddable":true,"href":"https:\/\/www.entrerios.gov.ar\/cultura\/wp-json\/wp\/v2\/categories?post=10788"},{"taxonomy":"post_tag","embeddable":true,"href":"https:\/\/www.entrerios.gov.ar\/cultura\/wp-json\/wp\/v2\/tags?post=10788"}],"curies":[{"name":"wp","href":"https:\/\/api.w.org\/{rel}","templated":true}]}}