{"id":10792,"date":"2024-05-09T18:35:47","date_gmt":"2024-05-09T18:35:47","guid":{"rendered":"https:\/\/www.entrerios.gov.ar\/cultura\/?p=10792"},"modified":"2025-02-20T21:58:23","modified_gmt":"2025-02-20T21:58:23","slug":"yaguari-guazu-de-gualeguaychu-ya-es-parte-del-programa-provincial-de-orquestas-y-bandas-infanto-juveniles","status":"publish","type":"post","link":"https:\/\/www.entrerios.gov.ar\/cultura\/yaguari-guazu-de-gualeguaychu-ya-es-parte-del-programa-provincial-de-orquestas-y-bandas-infanto-juveniles\/","title":{"rendered":"Yaguar\u00ed Guaz\u00fa de Gualeguaych\u00fa ya es parte del programa provincial de orquestas y bandas infanto juveniles\u00a0"},"content":{"rendered":"\n<p>La agrupaci\u00f3n musical qued\u00f3 formalmente integrada al programa destinado a ni\u00f1as, ni\u00f1os y j\u00f3venes de entre 7 y 21 a\u00f1os, que instrumenta la Secretar\u00eda de Cultura de Entre R\u00edos.&nbsp; Con su ingreso, son 12 los grupos musicales en la provincia. Hac\u00eda diez a\u00f1os que no se produc\u00edan nuevas incorporaciones.<\/p>\n\n\n\n<p><\/p>\n\n\n\n<p>Con un acto realizado el martes en Gualeguaych\u00fa, la ciudad se sum\u00f3 formalmente al programa de Orquestas, Bandas y Coros Infanto Juveniles de la provincia a trav\u00e9s de la incorporaci\u00f3n de la agrupaci\u00f3n musical Yaguar\u00ed Guaz\u00fa.<\/p>\n\n\n\n<p>El programa, instrumentado por la Secretar\u00eda de Cultura de Entre R\u00edos, re\u00fane a 12 agrupaciones musicales en distintos puntos de la provincia\u00a0 y est\u00e1 destinado a ni\u00f1os, ni\u00f1as y j\u00f3venes de entre 7 a 21 a\u00f1os. El objetivo consiste en posibilitar el aprendizaje de m\u00fasica con la gu\u00eda y el acompa\u00f1amiento de docentes a cargo de la ense\u00f1anza de instrumentos, lenguaje musical y tareas integradoras.<\/p>\n\n\n\n<figure class=\"wp-block-image size-large\"><img decoding=\"async\" src=\"https:\/\/www.entrerios.gov.ar\/cultura\/wp-content\/uploads\/2024\/05\/ORQUESTA-GUALEGUAYCHU-8-1024x683.jpg\" alt=\"\" class=\"wp-image-10793\"\/><\/figure>\n\n\n\n<p>Con la nueva incorporaci\u00f3n, suman cinco orquestas, cuatro ensambles y tres coros que funcionan en barrios de las ciudades de Paran\u00e1, Concepci\u00f3n del Uruguay, Concordia, San Jos\u00e9 y Gualeguaych\u00fa. El aprendizaje se concreta mediante talleres que se realizan cada semana en escuelas&nbsp; que son sede del programa.<\/p>\n\n\n\n<p>El ingreso de la orquesta gualeguaychuense al programa provincial se produce tras diez a\u00f1os sin que se sumaran nuevas agrupaciones, por lo que se considera un importante avance. Adem\u00e1s, desde la Secretar\u00eda de Cultura de Entre R\u00edos, se resalta el hecho de que se trata de la primera formaci\u00f3n orquestal puesta en marcha en la ciudad de Gualeguaych\u00fa, en el marco del programa.&nbsp;&nbsp;&nbsp;<\/p>\n\n\n\n<figure class=\"wp-block-image size-large\"><img decoding=\"async\" src=\"https:\/\/www.entrerios.gov.ar\/cultura\/wp-content\/uploads\/2024\/05\/orquesta-Gualeguaychu-cuatro-1-1024x683.jpg\" alt=\"\" class=\"wp-image-10794\"\/><\/figure>\n\n\n\n<p><strong>Presentaci\u00f3n<\/strong><\/p>\n\n\n\n<p><\/p>\n\n\n\n<p>El Teatro Gualeguaych\u00fa fue el escenario de la presentaci\u00f3n de la orquesta local y su inclusi\u00f3n al programa provincial con un marco importante de p\u00fablico. En la bienvenida a la nueva formaci\u00f3n musical, se presentaron las orquestas Alberto Soriano de Concepci\u00f3n del Uruguay y Romina Iturain de Paran\u00e1, y el coro Discantus de Concordia. Las tres agrupaciones integran el programa provincial y con sus actuaciones brindaron un recibimiento oficial a la orquesta de Gualeguaych\u00fa.<\/p>\n\n\n\n<p>En el acto estuvieron presentes la Vice Intendenta Julieta Carraza y H\u00e9ctor Luis Castillo, subsecretario de Cultura, Deportes y Juventud de Gualeguaych\u00fa. En representaci\u00f3n de la Secretar\u00eda de Cultura de Entre R\u00edos, participaron Natalia Prado, directora General de Programas Socioculturales, y&nbsp; Mart\u00edn Carrere, coordinador General del Programa de Orquestas, Bandas y Coros Infanto Juveniles. A su turno, Natalia Prado expres\u00f3 la satisfacci\u00f3n de poder integrar al programa provincial la agrupaci\u00f3n musical de esa ciudad, al tiempo que valor\u00f3 el trabajo realizado.<\/p>\n\n\n\n<p>La convocatoria reuni\u00f3 a m\u00e1s de 200 personas entre colegios, familiares, organizaciones barriales, ciudadanos aficionados a la m\u00fasica.<\/p>\n\n\n\n<figure class=\"wp-block-image size-large\"><img decoding=\"async\" src=\"https:\/\/www.entrerios.gov.ar\/cultura\/wp-content\/uploads\/2024\/05\/orquesta-Gualeguaychu-siete-1024x683.jpg\" alt=\"\" class=\"wp-image-10795\"\/><\/figure>\n\n\n\n<p><strong>\u201cUn sue\u00f1o\u201d<\/strong><\/p>\n\n\n\n<p>Yaguar\u00ed Guaz\u00fa -expresi\u00f3n que proviene del guaran\u00ed y significa jaguar grande- funcionar\u00e1 en primera instancia en el CIC N\u00e9stor Kirchner.&nbsp; La formaci\u00f3n de la orquesta estar\u00e1 abocada a los instrumentos de cuerdas para lo que se brindar\u00e1n talleres de viola, contrabajo, viol\u00edn y violonchelo. El proyecto consiste en incluir, en el futuro, los dem\u00e1s instrumentos de orquesta. Desde el programa provincial se proveyeron, bajo la modalidad de comodato, los instrumentos que se utilizar\u00e1n en las clases.<\/p>\n\n\n\n<p>La idea se pudo concretar gracias al trabajo conjunto de la Secretar\u00eda de Cultura de Entre R\u00edos y la\u00a0 Subsecretar\u00eda de Cultura, Deportes y Juventud de Gualeguaych\u00fa.\u00a0 \u201cParec\u00eda un sue\u00f1o poder concretar la conformaci\u00f3n de una orquesta joven en nuestra ciudad\u201d, expresaron desde la organizaci\u00f3n, al tiempo que anunciaron la convocatoria de Santiago Veronessi, compositor, m\u00fasico y profesor con amplia formaci\u00f3n y trayectoria en proyectos locales y provinciales, quien actualmente es profesor del taller de contrabajo de la orquesta \u201cAlberto Soriano\u201d de Concepci\u00f3n del Uruguay y contrabajista de la orquesta \u201cR\u00edo de los p\u00e1jaros\u201d de la misma ciudad.<\/p>\n\n\n\n<figure class=\"wp-block-image size-large\"><img decoding=\"async\" src=\"https:\/\/www.entrerios.gov.ar\/cultura\/wp-content\/uploads\/2024\/05\/orquesta-Gualeguaychu-seis-1-1024x683.jpg\" alt=\"\" class=\"wp-image-10796\"\/><\/figure>\n\n\n\n<p>Participaron tambi\u00e9n del acto el Jefe de Gabinete, Luciano Garro; Juan Ignacio Olano, secretario de Desarrollo Humano; Marcos Henchoz, director de Desarrollo Social y los concejales de Primero Gualeguaych\u00fa, Maximiliano Lesik, Vanina Basald\u00faa, Juan Pablo Castillo y Micaela Rodr\u00edguez.<\/p>\n","protected":false},"excerpt":{"rendered":"<p>La agrupaci\u00f3n musical qued\u00f3 formalmente integrada al programa destinado a ni\u00f1as, ni\u00f1os y j\u00f3venes de entre 7 y 21 a\u00f1os, que instrumenta la Secretar\u00eda de Cultura de Entre R\u00edos.&nbsp; Con su ingreso, son 12 los grupos musicales en la provincia. Hac\u00eda diez a\u00f1os que no se produc\u00edan nuevas incorporaciones. Con un acto realizado el martes [&hellip;]<\/p>\n","protected":false},"author":50,"featured_media":0,"comment_status":"open","ping_status":"open","sticky":false,"template":"","format":"standard","meta":{"_et_pb_use_builder":"off","_et_pb_old_content":"","_et_gb_content_width":"","footnotes":""},"categories":[1,28,21],"tags":[],"class_list":["post-10792","post","type-post","status-publish","format-standard","hentry","category-destacado","category-noticias","category-coordinacion-de-orquestas-coros-y-bandas"],"_links":{"self":[{"href":"https:\/\/www.entrerios.gov.ar\/cultura\/wp-json\/wp\/v2\/posts\/10792","targetHints":{"allow":["GET"]}}],"collection":[{"href":"https:\/\/www.entrerios.gov.ar\/cultura\/wp-json\/wp\/v2\/posts"}],"about":[{"href":"https:\/\/www.entrerios.gov.ar\/cultura\/wp-json\/wp\/v2\/types\/post"}],"author":[{"embeddable":true,"href":"https:\/\/www.entrerios.gov.ar\/cultura\/wp-json\/wp\/v2\/users\/50"}],"replies":[{"embeddable":true,"href":"https:\/\/www.entrerios.gov.ar\/cultura\/wp-json\/wp\/v2\/comments?post=10792"}],"version-history":[{"count":1,"href":"https:\/\/www.entrerios.gov.ar\/cultura\/wp-json\/wp\/v2\/posts\/10792\/revisions"}],"predecessor-version":[{"id":12701,"href":"https:\/\/www.entrerios.gov.ar\/cultura\/wp-json\/wp\/v2\/posts\/10792\/revisions\/12701"}],"wp:attachment":[{"href":"https:\/\/www.entrerios.gov.ar\/cultura\/wp-json\/wp\/v2\/media?parent=10792"}],"wp:term":[{"taxonomy":"category","embeddable":true,"href":"https:\/\/www.entrerios.gov.ar\/cultura\/wp-json\/wp\/v2\/categories?post=10792"},{"taxonomy":"post_tag","embeddable":true,"href":"https:\/\/www.entrerios.gov.ar\/cultura\/wp-json\/wp\/v2\/tags?post=10792"}],"curies":[{"name":"wp","href":"https:\/\/api.w.org\/{rel}","templated":true}]}}