{"id":10807,"date":"2024-05-11T20:09:27","date_gmt":"2024-05-11T20:09:27","guid":{"rendered":"https:\/\/www.entrerios.gov.ar\/cultura\/?p=10807"},"modified":"2025-02-20T21:58:30","modified_gmt":"2025-02-20T21:58:30","slug":"la-provincia-celebro-el-dia-del-himno-con-diversas-actividades-culturales-en-la-plaza-mansilla","status":"publish","type":"post","link":"https:\/\/www.entrerios.gov.ar\/cultura\/la-provincia-celebro-el-dia-del-himno-con-diversas-actividades-culturales-en-la-plaza-mansilla\/","title":{"rendered":"La provincia celebr\u00f3 el D\u00eda del Himno con diversas actividades culturales en la plaza Mansilla"},"content":{"rendered":"\n<p>Para conmemorar la fecha de la canci\u00f3n patria, este s\u00e1bado las secretar\u00edas de Cultura y de Comunicaci\u00f3n y Prensa de Entre R\u00edos organizaron un acto abierto a la comunidad con m\u00fasica y danza. Fue en la explanada de la Casa de Gobierno en Paran\u00e1.<\/p>\n\n\n\n<p>El espect\u00e1culo estuvo a cargo de la Orquesta Sinf\u00f3nica Municipal de Crespo, el Ballet Evocando Tradici\u00f3n de Paran\u00e1 y la Asociaci\u00f3n Verdiana de Paran\u00e1, adem\u00e1s del Band\u00edn de la Escuela de Suboficiales y la Banda del Comando de la 2da. Brigada Blindada \u201cGeneral Justo Jos\u00e9 de Urquiza\u201d. Un marco importante de p\u00fablico sigui\u00f3 con entusiasmo las distintas presentaciones de m\u00fasica y danza.<\/p>\n\n\n\n<p>Particip\u00f3 el secretario de Cultura, Fabi\u00e1n Reato, junto a parte de su equipo de trabajo. Tambi\u00e9n asisti\u00f3 el intendente de Crespo, Marcelo Cerutti, entre otros funcionarios municipales y provinciales.<\/p>\n\n\n\n<p>Al respecto, el secretario de Cultura, Fabi\u00e1n Reato, dijo que con esta actividad se inauguran los festejos conmemorativos de la Semana de Mayo. &#8220;Es un d\u00eda especial para todos el D\u00eda de Nuestra Canci\u00f3n Patria, el Himno Nacional, que tiene una simbolog\u00eda muy importante para todos los argentinos y que nos une en los momentos m\u00e1s dif\u00edciles, de celebraci\u00f3n y de reivindicaci\u00f3n&#8221;.<\/p>\n\n\n\n<p>Reato consider\u00f3 que &#8220;el himno es el m\u00e1s querido de los s\u00edmbolos patrios, el que est\u00e1 m\u00e1s cercano y transmite m\u00e1s sentimientos. Entonces, nos parec\u00eda que era oportuno honrarlo con un acto especial&#8221;, e indic\u00f3 que &#8220;tenemos como desaf\u00edo desde la Secretar\u00eda abrirnos al territorio, a las poblaciones diversas de la provincia. Diferentes programas apuntan a llegar a los rincones, a las ciudades, a los pueblos y a las comunidades rurales de diferentes maneras. Queremos llegar de manera creativa a los entrerrianos, los verdaderos due\u00f1os de estos lugares e instituciones&#8221;, asegur\u00f3.<\/p>\n\n\n\n<p>Por \u00faltimo, adelant\u00f3 que la agenda conmemorativa para el 25 de mayo prev\u00e9 el 24 de mayo una gala, y que el acto central ser\u00e1 en el Centro Provincial de Convenciones.<\/p>\n\n\n\n<figure class=\"wp-block-image size-large\"><img decoding=\"async\" src=\"https:\/\/www.entrerios.gov.ar\/cultura\/wp-content\/uploads\/2024\/05\/acto-11-b-1024x768.jpg\" alt=\"\" class=\"wp-image-10813\"\/><\/figure>\n\n\n\n<p><\/p>\n\n\n\n<p><strong>Sobre el Himno Nacional<\/strong><\/p>\n\n\n\n<p>El D\u00eda del Himno Nacional Argentino se celebra el 11 de mayo. En esa fecha pero en 1813 la Asamblea General Constituyente sancion\u00f3 como &#8220;Himno&#8221; a la marcha patri\u00f3tica escrita por Vicente L\u00f3pez y Planes con m\u00fasica de Blas Parera. La canci\u00f3n patria es uno de los s\u00edmbolos de la soberan\u00eda argentina.&nbsp;<\/p>\n\n\n\n<p>La letra de la primera versi\u00f3n del himno era marcadamente independentista, acorde con el esp\u00edritu de la \u00e9poca y duraba 20 minutos. En 1924 fue abreviada a 3 minutos 30 segundos.<\/p>\n\n\n\n<p><\/p>\n","protected":false},"excerpt":{"rendered":"<p>Para conmemorar la fecha de la canci\u00f3n patria, este s\u00e1bado las secretar\u00edas de Cultura y de Comunicaci\u00f3n y Prensa de Entre R\u00edos organizaron un acto abierto a la comunidad con m\u00fasica y danza. Fue en la explanada de la Casa de Gobierno en Paran\u00e1. El espect\u00e1culo estuvo a cargo de la Orquesta Sinf\u00f3nica Municipal de [&hellip;]<\/p>\n","protected":false},"author":50,"featured_media":0,"comment_status":"open","ping_status":"open","sticky":false,"template":"","format":"standard","meta":{"_et_pb_use_builder":"off","_et_pb_old_content":"","_et_gb_content_width":"","footnotes":""},"categories":[28],"tags":[],"class_list":["post-10807","post","type-post","status-publish","format-standard","hentry","category-noticias"],"_links":{"self":[{"href":"https:\/\/www.entrerios.gov.ar\/cultura\/wp-json\/wp\/v2\/posts\/10807","targetHints":{"allow":["GET"]}}],"collection":[{"href":"https:\/\/www.entrerios.gov.ar\/cultura\/wp-json\/wp\/v2\/posts"}],"about":[{"href":"https:\/\/www.entrerios.gov.ar\/cultura\/wp-json\/wp\/v2\/types\/post"}],"author":[{"embeddable":true,"href":"https:\/\/www.entrerios.gov.ar\/cultura\/wp-json\/wp\/v2\/users\/50"}],"replies":[{"embeddable":true,"href":"https:\/\/www.entrerios.gov.ar\/cultura\/wp-json\/wp\/v2\/comments?post=10807"}],"version-history":[{"count":1,"href":"https:\/\/www.entrerios.gov.ar\/cultura\/wp-json\/wp\/v2\/posts\/10807\/revisions"}],"predecessor-version":[{"id":12700,"href":"https:\/\/www.entrerios.gov.ar\/cultura\/wp-json\/wp\/v2\/posts\/10807\/revisions\/12700"}],"wp:attachment":[{"href":"https:\/\/www.entrerios.gov.ar\/cultura\/wp-json\/wp\/v2\/media?parent=10807"}],"wp:term":[{"taxonomy":"category","embeddable":true,"href":"https:\/\/www.entrerios.gov.ar\/cultura\/wp-json\/wp\/v2\/categories?post=10807"},{"taxonomy":"post_tag","embeddable":true,"href":"https:\/\/www.entrerios.gov.ar\/cultura\/wp-json\/wp\/v2\/tags?post=10807"}],"curies":[{"name":"wp","href":"https:\/\/api.w.org\/{rel}","templated":true}]}}