{"id":10839,"date":"2024-05-16T12:12:11","date_gmt":"2024-05-16T12:12:11","guid":{"rendered":"https:\/\/www.entrerios.gov.ar\/cultura\/?p=10839"},"modified":"2024-05-16T12:12:13","modified_gmt":"2024-05-16T12:12:13","slug":"luego-de-su-paso-por-parana-la-muestra-sobre-asef-bichilani-llega-a-general-galarza","status":"publish","type":"post","link":"https:\/\/www.entrerios.gov.ar\/cultura\/luego-de-su-paso-por-parana-la-muestra-sobre-asef-bichilani-llega-a-general-galarza\/","title":{"rendered":"Luego de su paso por Paran\u00e1, la muestra sobre Asef Bichilani llega a General Galarza"},"content":{"rendered":"\n<p>Este viernes, a las 18.30 en el Centro Cultural Galarza, se inaugurar\u00e1 la muestra \u201cAsef Bichilani. Un esp\u00edritu sediento del color y de la luz\u201d, dedicada al artista pl\u00e1stico entrerriano. Tambi\u00e9n se presentar\u00e1 el libro de Gast\u00f3n Fleita Moreyra, un estudioso de su vida y obra. El acceso es libre y gratuito.&nbsp;<\/p>\n\n\n\n<p>Por iniciativa de la Secretar\u00eda de Cultura de Entre R\u00edos, la Municipalidad y del Centro Cultural Galarza se llevar\u00e1 a cabo un homenaje especial que revaloriza y visibiliza la obra del artista pl\u00e1stico argentino liban\u00e9s, Asef Bichilani (1918-1988).&nbsp;&nbsp;&nbsp;<\/p>\n\n\n\n<p>La muestra re\u00fane una valiosa serie de sus cuadros, objetos, correspondencia y fotos con Quir\u00f3s. Este valioso repertorio ser\u00e1 la oportunidad para redescubrir y conocer la vida y la obra del pintor. Tambi\u00e9n se realizar\u00e1 la presentaci\u00f3n del libro \u201cAsef Bichilani. El pintor de San Ignacio y los Saltos Misioneros. Vida y obra de un fundador de Museos\u201d, del Lic. Gast\u00f3n Fleita Moreyra, un especialista sobre la biograf\u00eda del artista. La muestra y el libro que se presentan visibilizan a Bichilani como un pincel talentoso de Gualeguay, por un lado, y un entrerriano muy considerado por la cultura misionera. Su obra es un valioso patrimonio de la cultura entrerriana que se pone a disposici\u00f3n de la comunidad.<\/p>\n\n\n\n<p>El Centro Cultural Galarza est\u00e1 ubicado en la ex Estaci\u00f3n del Ferrocarril de la localidad.&nbsp;<\/p>\n\n\n\n<p><strong>Sobre Bichilani<\/strong><\/p>\n\n\n\n<p>Asef Bichilani es un artista pl\u00e1stico del litoral argentino, descendiente de inmigrantes libaneses. Fue retratista y paisajista, de la generaci\u00f3n del \u201940. Naci\u00f3 en Urdinarrain pero enseguida su familia se traslad\u00f3 a Gualeguay, y desarroll\u00f3 una gran obra en la provincia de Misiones, donde es muy reconocido.&nbsp; Fue el \u00fanico disc\u00edpulo del maestro Ces\u00e1reo Bernaldo de Quir\u00f3s, seg\u00fan rezan los testimonios de las diversas cartas existentes entre ellos, que prueban adem\u00e1s de la profunda admiraci\u00f3n rec\u00edproca, una amistad sentida. En este sentido es que Bichilani fue el mentor de la fundaci\u00f3n y concreci\u00f3n del Museo de Bellas Artes \u201cCes\u00e1reo Bernaldo de Quir\u00f3s\u201d, de Gualeguay, que funciona en la casa natal de aquel destacado artista.&nbsp;&nbsp;<\/p>\n\n\n\n<p><strong>Valiosa investigaci\u00f3n&nbsp;<\/strong><\/p>\n\n\n\n<p>El autor del libro, Gast\u00f3n Fleita Moreyra, es Licenciado en Conservaci\u00f3n y Restauraci\u00f3n del Patrimonio, escritor, historiador y gestor cultural, egresado de la UNSAM. Tiene m\u00e1s de 20 publicaciones en donde se puede encontrar toda la pasi\u00f3n y el compromiso no solo con su especialidad que es el arte, sino tambi\u00e9n su mirada de poeta, cuentista y ensayista. Becario del Ministerio de Cultura de la Naci\u00f3n y del Fondo Nacional de las Artes en proyectos de investigaci\u00f3n y publicaci\u00f3n. Miembro del C\u00edrculo de Estudios Hist\u00f3ricos de Castilla, de la Sociedad Argentina de Escritores, del Centro de Estudios Art\u00edsticos de Buenos Aires, de la Junta de Estudios Hist\u00f3ricos de San Ignacio y de la Sociedad de Escritores de Gualeguay.<\/p>\n\n\n\n<figure class=\"wp-block-image\"><img loading=\"lazy\" decoding=\"async\" width=\"1600\" height=\"1067\" src=\"https:\/\/www.entrerios.gov.ar\/cultura\/wp-content\/uploads\/2024\/05\/image-6.jpeg\" alt=\"\" class=\"wp-image-10841\" srcset=\"https:\/\/www.entrerios.gov.ar\/cultura\/wp-content\/uploads\/2024\/05\/image-6.jpeg 1600w, https:\/\/www.entrerios.gov.ar\/cultura\/wp-content\/uploads\/2024\/05\/image-6-1280x854.jpeg 1280w, https:\/\/www.entrerios.gov.ar\/cultura\/wp-content\/uploads\/2024\/05\/image-6-980x654.jpeg 980w, https:\/\/www.entrerios.gov.ar\/cultura\/wp-content\/uploads\/2024\/05\/image-6-480x320.jpeg 480w\" sizes=\"auto, (min-width: 0px) and (max-width: 480px) 480px, (min-width: 481px) and (max-width: 980px) 980px, (min-width: 981px) and (max-width: 1280px) 1280px, (min-width: 1281px) 1600px, 100vw\" \/><\/figure>\n\n\n\n<p><strong>Paso de la muestra por Paran\u00e1<\/strong><\/p>\n\n\n\n<p>En el mes de febrero de este a\u00f1o, y durante el lapso de un mes, el Museo Provincial de Bellas Artes \u201cDr. Pedro E. Mart\u00ednez\u201d -organismo dependiente de la Secretar\u00eda de Cultura de Entre R\u00edos- alberg\u00f3 las&nbsp; 27 pinturas del artista pl\u00e1stico que re\u00fane la muestra. Durante ese per\u00edodo, un importante n\u00famero de visitantes pudo conocerla y se organizaron recorridos guiados para explorar etapas de producci\u00f3n y lenguaje pict\u00f3rico.<\/p>\n","protected":false},"excerpt":{"rendered":"<p>Este viernes, a las 18.30 en el Centro Cultural Galarza, se inaugurar\u00e1 la muestra \u201cAsef Bichilani. Un esp\u00edritu sediento del color y de la luz\u201d, dedicada al artista pl\u00e1stico entrerriano. Tambi\u00e9n se presentar\u00e1 el libro de Gast\u00f3n Fleita Moreyra, un estudioso de su vida y obra. El acceso es libre y gratuito.&nbsp; Por iniciativa de [&hellip;]<\/p>\n","protected":false},"author":5,"featured_media":10840,"comment_status":"open","ping_status":"open","sticky":false,"template":"","format":"standard","meta":{"_et_pb_use_builder":"off","_et_pb_old_content":"","_et_gb_content_width":"","footnotes":""},"categories":[1,28],"tags":[],"class_list":["post-10839","post","type-post","status-publish","format-standard","has-post-thumbnail","hentry","category-destacado","category-noticias"],"_links":{"self":[{"href":"https:\/\/www.entrerios.gov.ar\/cultura\/wp-json\/wp\/v2\/posts\/10839","targetHints":{"allow":["GET"]}}],"collection":[{"href":"https:\/\/www.entrerios.gov.ar\/cultura\/wp-json\/wp\/v2\/posts"}],"about":[{"href":"https:\/\/www.entrerios.gov.ar\/cultura\/wp-json\/wp\/v2\/types\/post"}],"author":[{"embeddable":true,"href":"https:\/\/www.entrerios.gov.ar\/cultura\/wp-json\/wp\/v2\/users\/5"}],"replies":[{"embeddable":true,"href":"https:\/\/www.entrerios.gov.ar\/cultura\/wp-json\/wp\/v2\/comments?post=10839"}],"version-history":[{"count":1,"href":"https:\/\/www.entrerios.gov.ar\/cultura\/wp-json\/wp\/v2\/posts\/10839\/revisions"}],"predecessor-version":[{"id":10842,"href":"https:\/\/www.entrerios.gov.ar\/cultura\/wp-json\/wp\/v2\/posts\/10839\/revisions\/10842"}],"wp:featuredmedia":[{"embeddable":true,"href":"https:\/\/www.entrerios.gov.ar\/cultura\/wp-json\/wp\/v2\/media\/10840"}],"wp:attachment":[{"href":"https:\/\/www.entrerios.gov.ar\/cultura\/wp-json\/wp\/v2\/media?parent=10839"}],"wp:term":[{"taxonomy":"category","embeddable":true,"href":"https:\/\/www.entrerios.gov.ar\/cultura\/wp-json\/wp\/v2\/categories?post=10839"},{"taxonomy":"post_tag","embeddable":true,"href":"https:\/\/www.entrerios.gov.ar\/cultura\/wp-json\/wp\/v2\/tags?post=10839"}],"curies":[{"name":"wp","href":"https:\/\/api.w.org\/{rel}","templated":true}]}}