{"id":10885,"date":"2024-05-20T18:39:34","date_gmt":"2024-05-20T18:39:34","guid":{"rendered":"https:\/\/www.entrerios.gov.ar\/cultura\/?p=10885"},"modified":"2024-05-20T18:39:35","modified_gmt":"2024-05-20T18:39:35","slug":"la-secretaria-de-cultura-destaco-el-rol-de-los-museos-y-brindo-informacion-de-las-nueve-instituciones-provinciales","status":"publish","type":"post","link":"https:\/\/www.entrerios.gov.ar\/cultura\/la-secretaria-de-cultura-destaco-el-rol-de-los-museos-y-brindo-informacion-de-las-nueve-instituciones-provinciales\/","title":{"rendered":"La Secretar\u00eda de Cultura destac\u00f3 el rol de los museos y brind\u00f3 informaci\u00f3n de las nueve instituciones provinciales"},"content":{"rendered":"\n<p>Con un stand ubicado en la Plaza General Francisco Ram\u00edrez de Concepci\u00f3n del Uruguay, la Secretar\u00eda de Cultura de Entre R\u00edos fue parte del III Encuentro Regional de Museos, realizado el s\u00e1bado. La jornada reuni\u00f3 a m\u00e1s de 30 instituciones de los departamentos de Col\u00f3n, Gualeguaych\u00fa y Concepci\u00f3n del Uruguay, con motivo de la conmemoraci\u00f3n del D\u00eda Internacional de los Museos.<\/p>\n\n\n\n<p><br>Desde el stand provincial se brind\u00f3 informaci\u00f3n a los visitantes sobre los nueve museos que funcionan en la \u00f3rbita de la Secretar\u00eda de Cultura de Entre R\u00edos y se difundi\u00f3 material audiovisual referido a la conmemoraci\u00f3n del 18 de mayo y tambi\u00e9n sobre un ciclo que comenz\u00f3 a implementarse este mes. Se trata de Museos abiertos. Una visita que transforma, basado en la comunicaci\u00f3n participativa y de activaci\u00f3n patrimonial, para que la comunidad se integre en la resignificaci\u00f3n del patrimonio que resguardan las instituciones provinciales.<\/p>\n\n\n\n<p><br>Entre los organismo presentes, estuvieron el Museo Provincial de Dibujo y Grabado Artemio Alisio, de Concepci\u00f3n del Uruguay, y el Museo y Monumento Hist\u00f3rico Provincial Molino Forclaz, del departamento Col\u00f3n, ambos dependientes de la Secretar\u00eda de Cultura de Entre R\u00edos. Tambi\u00e9n se realiz\u00f3 difusi\u00f3n espec\u00edfica de estos dos organismos.\u00a0\u00a0<br>Se record\u00f3 que los museos son el resguardo del patrimonio material e inmaterial de las comunidades, de su conservaci\u00f3n y de la transmisi\u00f3n del valor del acervo cultural e hist\u00f3rico.<\/p>\n\n\n\n<p><br>Participaron del encuentro, organizado por el Municipio local y la Universidad Aut\u00f3noma de Entre R\u00edos (Uader), los directores provinciales de Museos y Patrimonio Cultural, Carlos Iriarte, y de Gesti\u00f3n Cultural, Juan Carlos Meillard, quienes tomaron contacto con los referentes de las instituciones presentes.<\/p>\n","protected":false},"excerpt":{"rendered":"<p>Con un stand ubicado en la Plaza General Francisco Ram\u00edrez de Concepci\u00f3n del Uruguay, la Secretar\u00eda de Cultura de Entre R\u00edos fue parte del III Encuentro Regional de Museos, realizado el s\u00e1bado. La jornada reuni\u00f3 a m\u00e1s de 30 instituciones de los departamentos de Col\u00f3n, Gualeguaych\u00fa y Concepci\u00f3n del Uruguay, con motivo de la conmemoraci\u00f3n [&hellip;]<\/p>\n","protected":false},"author":5,"featured_media":10886,"comment_status":"open","ping_status":"open","sticky":false,"template":"","format":"standard","meta":{"_et_pb_use_builder":"off","_et_pb_old_content":"","_et_gb_content_width":"","footnotes":""},"categories":[1,28],"tags":[],"class_list":["post-10885","post","type-post","status-publish","format-standard","has-post-thumbnail","hentry","category-destacado","category-noticias"],"_links":{"self":[{"href":"https:\/\/www.entrerios.gov.ar\/cultura\/wp-json\/wp\/v2\/posts\/10885","targetHints":{"allow":["GET"]}}],"collection":[{"href":"https:\/\/www.entrerios.gov.ar\/cultura\/wp-json\/wp\/v2\/posts"}],"about":[{"href":"https:\/\/www.entrerios.gov.ar\/cultura\/wp-json\/wp\/v2\/types\/post"}],"author":[{"embeddable":true,"href":"https:\/\/www.entrerios.gov.ar\/cultura\/wp-json\/wp\/v2\/users\/5"}],"replies":[{"embeddable":true,"href":"https:\/\/www.entrerios.gov.ar\/cultura\/wp-json\/wp\/v2\/comments?post=10885"}],"version-history":[{"count":1,"href":"https:\/\/www.entrerios.gov.ar\/cultura\/wp-json\/wp\/v2\/posts\/10885\/revisions"}],"predecessor-version":[{"id":10887,"href":"https:\/\/www.entrerios.gov.ar\/cultura\/wp-json\/wp\/v2\/posts\/10885\/revisions\/10887"}],"wp:featuredmedia":[{"embeddable":true,"href":"https:\/\/www.entrerios.gov.ar\/cultura\/wp-json\/wp\/v2\/media\/10886"}],"wp:attachment":[{"href":"https:\/\/www.entrerios.gov.ar\/cultura\/wp-json\/wp\/v2\/media?parent=10885"}],"wp:term":[{"taxonomy":"category","embeddable":true,"href":"https:\/\/www.entrerios.gov.ar\/cultura\/wp-json\/wp\/v2\/categories?post=10885"},{"taxonomy":"post_tag","embeddable":true,"href":"https:\/\/www.entrerios.gov.ar\/cultura\/wp-json\/wp\/v2\/tags?post=10885"}],"curies":[{"name":"wp","href":"https:\/\/api.w.org\/{rel}","templated":true}]}}