{"id":10895,"date":"2024-05-21T19:43:46","date_gmt":"2024-05-21T19:43:46","guid":{"rendered":"https:\/\/www.entrerios.gov.ar\/cultura\/?p=10895"},"modified":"2024-05-21T19:43:47","modified_gmt":"2024-05-21T19:43:47","slug":"habra-un-festival-patrio-de-dos-jornadas-en-la-vieja-usina","status":"publish","type":"post","link":"https:\/\/www.entrerios.gov.ar\/cultura\/habra-un-festival-patrio-de-dos-jornadas-en-la-vieja-usina\/","title":{"rendered":"Habr\u00e1 un Festival Patrio de dos jornadas en la Vieja Usina\u00a0"},"content":{"rendered":"\n<p>El pr\u00f3ximo s\u00e1bado 25 y domingo 26 se realizar\u00e1 un encuentro para celebrar la fecha patria. Habr\u00e1 gastronom\u00eda, entretenimientos, actividades culturales y espacio para concientizar sobre el cuidado del ambiente. El acceso es gratuito y se invita a la comunidad a&nbsp;participar y disfrutar de las distintas propuestas.&nbsp;&nbsp;&nbsp;<\/p>\n\n\n\n<p>Los d\u00edas 25 y 26 de mayo, de 12 a 22 horas, en el Centro Cultural y de Convenciones La Vieja Usina de Paran\u00e1, ubicado en Gregoria Matorra&nbsp;Matorras 861,&nbsp;se realizar\u00e1 un Festival Patrio con la participaci\u00f3n de m\u00e1s de 40 emprendedores artesanos de la Econom\u00eda Social y m\u00e1s de 30 emprendedores gastron\u00f3micos. Tambi\u00e9n est\u00e1 prevista la participaci\u00f3n de bandas locales, dj`s, recreaci\u00f3n para ni\u00f1os, teatro, danza folcl\u00f3rica, entre otras intervenciones culturales para toda la familia. En el predio exterior se ubicaran stand y espacios con diferentes talleres de concientizaci\u00f3n enfocados en el bienestar y el cuidado del ambiente, dictados por las ONG\u00b4s Hacemos Verde y Cauce Ecol\u00f3gico, y diferentes capacitadores y artistas.<\/p>\n\n\n\n<p>\u201cCreemos fuertemente en el uso de estos espacios culturales, para poder trabajar en una educaci\u00f3n m\u00e1s consciente, para poder crear comunidades resilientes, y que se adapten a todas las necesidades del presente y del futuro\u201d, se expresa en la invitaci\u00f3n.&nbsp;<\/p>\n\n\n\n<p>El evento es impulsado por los empresarios privados gastron\u00f3micos y culturales \u201cParan\u00e1 Come\u201d, \u201cFeria S\u00e1enz Pe\u00f1a\u201d, y contar\u00e1 con la coorganizaci\u00f3n de la Secretar\u00eda de Cultura de Entre R\u00edos, dependiente del Ministerio de Desarrollo Humano. La entrada es libre y gratuita.<\/p>\n\n\n\n<p><strong>Danzas tradicionales y teatro<\/strong><\/p>\n\n\n\n<p>El s\u00e1bado 25 a las 15, el grupo musical Yuruma, junto a destacados bailarines, interpretar\u00e1n el Peric\u00f3n Nacional y otras danzas t\u00edpicas en la Sala Ver\u00f3nica Kuttel. La obra coreogr\u00e1fica&nbsp; es una danza que, frecuentada popularmente en el siglo XIX, con referencia documental desde fines del siglo anterior, posee elementos comunes con otras danzas tradicionales.&nbsp;<\/p>\n\n\n\n<p>Los bailarines ser\u00e1n Ricardo Rodriguez, Diana Esquivel, Luciana Salman, Fernando Gorosito, Laureana Romero, Tati Colombo, Virginia Zapata, Andr\u00e9s Vega, Laura&nbsp; Van Dembroucke, Pablo&nbsp; Yfran, Esmeralda de las Mercedes, Losada, y Mario&nbsp; Sosa. Por su parte, el Grupo Yuruma estar\u00e1 integrado por \u00c1ngel Oscar Giles&nbsp; (flauta traversa, guitarra, charango ,voz y aer\u00f3fonos), Ezequiel Almeida (teclados), Ana&nbsp; Ayala (flauta traversa), Cristobal Taborda&nbsp; (bajo), y Walter Fontana (percusi\u00f3n).<\/p>\n\n\n\n<p>La propuesta incluye tambi\u00e9n las obras teatrales&nbsp;<em>\u00a1Romeo y Julieta a punto Caramelo!<\/em>&nbsp;y&nbsp;<em>Turr\u00f3n de Otelo con Rap flamb\u00e9,&nbsp;<\/em>producidas por el Equipo Chefpeare Paran\u00e1, que&nbsp; invitan a toda la familia a espect\u00e1culos de humor, con el objetivo de promover la divulgaci\u00f3n de las obras de William Shakespeare de una manera original, entretenida y accesible para todo el mundo. En la primera, dos divertidos Chefs acompa\u00f1ados de su carro rodante cocinan la receta m\u00e1s popular de &#8220;William The Chef\u201d, que no es otro que William Shakespeare. Haciendo una analog\u00eda entre escribir y cocinar. Estos elementos, arm\u00f3nicamente fusionados entre s\u00ed, invitan a los protagonistas a contar una historia y envuelven a los espectadores en una experiencia sensorial y teatral diferente. En la segunda obra, la cocina ser\u00e1 el escenario perfecto para fusionar la tragedia con la dulzura de un postre exquisito. &#8220;Otelo, el moro de Venecia&#8221;, una jugosa historia reversionada por los chefs, que ser\u00e1 interpretada y degustada en vivo. Las funciones ser\u00e1n el d\u00eda domingo 26, a las 14 y 16.<\/p>\n\n\n\n<p><strong>Programaci\u00f3n&nbsp;<\/strong><\/p>\n\n\n\n<p><strong>&nbsp;<\/strong><strong>S\u00e1bado 25<\/strong><\/p>\n\n\n\n<p><strong>&nbsp;<\/strong>14 Hs.Taller de alimentaci\u00f3n para Infancias &#8220;Aventuras Nutritivas&#8221;.&nbsp;<\/p>\n\n\n\n<p>&nbsp;15 Hs. Taller de compost &#8220;Sembrando Sostenibilidad&#8221;:&nbsp;<\/p>\n\n\n\n<p>&nbsp;15 Hs. Peric\u00f3n Nacional y danzas t\u00edpicas interpretado por el grupo musical Yuruma, y la&nbsp; participaci\u00f3n de destacados bailarines. Sala Ver\u00f3nica Kuttel<\/p>\n\n\n\n<p>&nbsp;16 Hs. Taller de trenzas y Peinados &#8220;Tejiendo Creatividad&#8221;&nbsp;<\/p>\n\n\n\n<p>&nbsp;16 Hs. Performance a\u00e9rea por Celina Fridman. Sala Ver\u00f3nica Kuttel<\/p>\n\n\n\n<p>&nbsp;17 Hs. Taller art\u00edstico \u201cCreArte: tu huella en el mundo\u201d.&nbsp;<\/p>\n\n\n\n<p>&nbsp;17 Hs. Juli\u00e1n Calveira junto a artistas invitados. Sala Ver\u00f3nica Kuttel<\/p>\n\n\n\n<p>&nbsp;18 Hs. Charla \u201cAlimentaci\u00f3n y agroecolog\u00eda: \u00bfmito o verdad?\u201d<\/p>\n\n\n\n<p>&nbsp;19:15 Hs. Groove Amor grupo musical. Sala Ver\u00f3nica Kuttel<\/p>\n\n\n\n<p>20:30 Hs. Intervenci\u00f3n art\u00edstica por Gogo Dolls. Sala Ver\u00f3nica Kuttel<\/p>\n\n\n\n<p><strong>Domingo 26<\/strong><\/p>\n\n\n\n<p>&nbsp;13 Hs.Taller de maquillaje con eco-glitter \u201cBrillo consciente\u201d.<\/p>\n\n\n\n<p>&nbsp;14:30 Hs.Taller de siembra &#8220;Sembrando Sostenibilidad&#8221;.<\/p>\n\n\n\n<p>&nbsp;14 Hs. Romeo y Julieta a punto Caramelo (Teatro). Sala Ver\u00f3nica Kuttel<\/p>\n\n\n\n<p>&nbsp;16 Hs.Taller de accesorios reciclados &#8220;Dise\u00f1o sostenible&#8221;.<\/p>\n\n\n\n<p>&nbsp;16 Hs.Turr\u00f3n de Otello con Rap flambee por Cheffpier (Teatro). Sala Ver\u00f3nica Kuttel<\/p>\n\n\n\n<p>&nbsp;16:30 Hs. \u201cM\u00edstica de R\u00edo\u201d, m\u00fasica folktronica con Nicolas Herrera y Juan Capdevila (M\u00fasica)<\/p>\n\n\n\n<p>&nbsp;17 Hs. Taller art\u00edstico \u201cCreArte: tu huella en el mundo\u201d.<\/p>\n\n\n\n<p>&nbsp;17:15 Hs. Malena Aquino (Musica). Sala Ver\u00f3nica Kuttel&nbsp;19 Hs. Los Riedels, grupo de folklore (danza). Sala Ver\u00f3nica Kuttel<\/p>\n","protected":false},"excerpt":{"rendered":"<p>El pr\u00f3ximo s\u00e1bado 25 y domingo 26 se realizar\u00e1 un encuentro para celebrar la fecha patria. Habr\u00e1 gastronom\u00eda, entretenimientos, actividades culturales y espacio para concientizar sobre el cuidado del ambiente. El acceso es gratuito y se invita a la comunidad a&nbsp;participar y disfrutar de las distintas propuestas.&nbsp;&nbsp;&nbsp; Los d\u00edas 25 y 26 de mayo, de [&hellip;]<\/p>\n","protected":false},"author":5,"featured_media":10883,"comment_status":"open","ping_status":"open","sticky":false,"template":"","format":"standard","meta":{"_et_pb_use_builder":"off","_et_pb_old_content":"","_et_gb_content_width":"","footnotes":""},"categories":[1,28,18],"tags":[],"class_list":["post-10895","post","type-post","status-publish","format-standard","has-post-thumbnail","hentry","category-destacado","category-noticias","category-centro-cultural-la-vieja-usina"],"_links":{"self":[{"href":"https:\/\/www.entrerios.gov.ar\/cultura\/wp-json\/wp\/v2\/posts\/10895","targetHints":{"allow":["GET"]}}],"collection":[{"href":"https:\/\/www.entrerios.gov.ar\/cultura\/wp-json\/wp\/v2\/posts"}],"about":[{"href":"https:\/\/www.entrerios.gov.ar\/cultura\/wp-json\/wp\/v2\/types\/post"}],"author":[{"embeddable":true,"href":"https:\/\/www.entrerios.gov.ar\/cultura\/wp-json\/wp\/v2\/users\/5"}],"replies":[{"embeddable":true,"href":"https:\/\/www.entrerios.gov.ar\/cultura\/wp-json\/wp\/v2\/comments?post=10895"}],"version-history":[{"count":1,"href":"https:\/\/www.entrerios.gov.ar\/cultura\/wp-json\/wp\/v2\/posts\/10895\/revisions"}],"predecessor-version":[{"id":10896,"href":"https:\/\/www.entrerios.gov.ar\/cultura\/wp-json\/wp\/v2\/posts\/10895\/revisions\/10896"}],"wp:featuredmedia":[{"embeddable":true,"href":"https:\/\/www.entrerios.gov.ar\/cultura\/wp-json\/wp\/v2\/media\/10883"}],"wp:attachment":[{"href":"https:\/\/www.entrerios.gov.ar\/cultura\/wp-json\/wp\/v2\/media?parent=10895"}],"wp:term":[{"taxonomy":"category","embeddable":true,"href":"https:\/\/www.entrerios.gov.ar\/cultura\/wp-json\/wp\/v2\/categories?post=10895"},{"taxonomy":"post_tag","embeddable":true,"href":"https:\/\/www.entrerios.gov.ar\/cultura\/wp-json\/wp\/v2\/tags?post=10895"}],"curies":[{"name":"wp","href":"https:\/\/api.w.org\/{rel}","templated":true}]}}