{"id":10901,"date":"2024-05-22T14:09:02","date_gmt":"2024-05-22T14:09:02","guid":{"rendered":"https:\/\/www.entrerios.gov.ar\/cultura\/?p=10901"},"modified":"2024-05-26T16:30:26","modified_gmt":"2024-05-26T16:30:26","slug":"visita-y-presentacion-en-la-biblioteca-popular-luz-obrera-de-basavilbaso","status":"publish","type":"post","link":"https:\/\/www.entrerios.gov.ar\/cultura\/visita-y-presentacion-en-la-biblioteca-popular-luz-obrera-de-basavilbaso\/","title":{"rendered":"Visita y presentaci\u00f3n\u00a0 en la Biblioteca Popular Luz Obrera de Basavilbaso"},"content":{"rendered":"\n<p>El secretario de Cultura de Entre R\u00edos, Fabi\u00e1n Reato, visit\u00f3 la Biblioteca Popular Luz Obrera de Basavilbaso y particip\u00f3 de la presentaci\u00f3n de libros publicados por la Editorial Universidad Nacional de Entre R\u00edos (Eduner), relacionados con las Colonias Jud\u00edas de Entre R\u00edos.<\/p>\n\n\n\n<p>\u201cLecturas del pa\u00eds de la esperanza\u201d fue la propuesta del encuentro para recorrer las publicaciones referidas a la tem\u00e1tica. La invitaci\u00f3n surgi\u00f3 desde la Biblioteca Provincial de Entre R\u00edos y Eduner. Estuvieron a cargo de la presentaci\u00f3n Alexis Chausovsky, editor, Gustavo Mart\u00ednez, director de Eduner y Manuel Arlettaz Derudder, director de la Biblioteca Provincial y de la Editorial de Entre R\u00edos (EDER).&nbsp; La Secretar\u00eda de Cultura, a trav\u00e9s de la Editorial de la Provincia, realiz\u00f3 donaciones de libros a la biblioteca de Basavilbaso.<\/p>\n\n\n\n<p>Estuvieron presentes tambi\u00e9n Hern\u00e1n Besel y Maricel Tulian, intendente y viceintendenta de la localidad, el secretario de Cultura, Turismo, Educaci\u00f3n y Juventud, Jorge Kleiman y Miguel Bajaroff, presidente de la Asociaci\u00f3n Israelita de Basavilbaso.<\/p>\n\n\n\n<figure class=\"wp-block-image\"><img loading=\"lazy\" decoding=\"async\" width=\"720\" height=\"405\" src=\"https:\/\/www.entrerios.gov.ar\/cultura\/wp-content\/uploads\/2024\/05\/image-9.jpeg\" alt=\"\" class=\"wp-image-10903\" srcset=\"https:\/\/www.entrerios.gov.ar\/cultura\/wp-content\/uploads\/2024\/05\/image-9.jpeg 720w, https:\/\/www.entrerios.gov.ar\/cultura\/wp-content\/uploads\/2024\/05\/image-9-480x270.jpeg 480w\" sizes=\"auto, (min-width: 0px) and (max-width: 480px) 480px, (min-width: 481px) 720px, 100vw\" \/><\/figure>\n","protected":false},"excerpt":{"rendered":"<p>El secretario de Cultura de Entre R\u00edos, Fabi\u00e1n Reato, visit\u00f3 la Biblioteca Popular Luz Obrera de Basavilbaso y particip\u00f3 de la presentaci\u00f3n de libros publicados por la Editorial Universidad Nacional de Entre R\u00edos (Eduner), relacionados con las Colonias Jud\u00edas de Entre R\u00edos. \u201cLecturas del pa\u00eds de la esperanza\u201d fue la propuesta del encuentro para recorrer [&hellip;]<\/p>\n","protected":false},"author":5,"featured_media":10902,"comment_status":"open","ping_status":"open","sticky":false,"template":"","format":"standard","meta":{"_et_pb_use_builder":"off","_et_pb_old_content":"","_et_gb_content_width":"","footnotes":""},"categories":[28],"tags":[],"class_list":["post-10901","post","type-post","status-publish","format-standard","has-post-thumbnail","hentry","category-noticias"],"_links":{"self":[{"href":"https:\/\/www.entrerios.gov.ar\/cultura\/wp-json\/wp\/v2\/posts\/10901","targetHints":{"allow":["GET"]}}],"collection":[{"href":"https:\/\/www.entrerios.gov.ar\/cultura\/wp-json\/wp\/v2\/posts"}],"about":[{"href":"https:\/\/www.entrerios.gov.ar\/cultura\/wp-json\/wp\/v2\/types\/post"}],"author":[{"embeddable":true,"href":"https:\/\/www.entrerios.gov.ar\/cultura\/wp-json\/wp\/v2\/users\/5"}],"replies":[{"embeddable":true,"href":"https:\/\/www.entrerios.gov.ar\/cultura\/wp-json\/wp\/v2\/comments?post=10901"}],"version-history":[{"count":1,"href":"https:\/\/www.entrerios.gov.ar\/cultura\/wp-json\/wp\/v2\/posts\/10901\/revisions"}],"predecessor-version":[{"id":10904,"href":"https:\/\/www.entrerios.gov.ar\/cultura\/wp-json\/wp\/v2\/posts\/10901\/revisions\/10904"}],"wp:featuredmedia":[{"embeddable":true,"href":"https:\/\/www.entrerios.gov.ar\/cultura\/wp-json\/wp\/v2\/media\/10902"}],"wp:attachment":[{"href":"https:\/\/www.entrerios.gov.ar\/cultura\/wp-json\/wp\/v2\/media?parent=10901"}],"wp:term":[{"taxonomy":"category","embeddable":true,"href":"https:\/\/www.entrerios.gov.ar\/cultura\/wp-json\/wp\/v2\/categories?post=10901"},{"taxonomy":"post_tag","embeddable":true,"href":"https:\/\/www.entrerios.gov.ar\/cultura\/wp-json\/wp\/v2\/tags?post=10901"}],"curies":[{"name":"wp","href":"https:\/\/api.w.org\/{rel}","templated":true}]}}