{"id":10931,"date":"2024-05-25T15:21:38","date_gmt":"2024-05-25T15:21:38","guid":{"rendered":"https:\/\/www.entrerios.gov.ar\/cultura\/?p=10931"},"modified":"2024-05-25T15:21:40","modified_gmt":"2024-05-25T15:21:40","slug":"fervor-patriotico-y-emocion-en-la-velada-cultural-de-la-revolucion-de-mayo","status":"publish","type":"post","link":"https:\/\/www.entrerios.gov.ar\/cultura\/fervor-patriotico-y-emocion-en-la-velada-cultural-de-la-revolucion-de-mayo\/","title":{"rendered":"Fervor patri\u00f3tico y emoci\u00f3n en la velada cultural de la Revoluci\u00f3n de Mayo\u00a0"},"content":{"rendered":"\n<p>El poder Ejecutivo y Legislativo provincial, junto al municipio de Paran\u00e1, organizaron una vigilia conmemorativa que reuni\u00f3 diversas actividades art\u00edsticas y culturales. La asistencia fue numerosa y se llev\u00f3 a cabo el viernes en el Centro Provincial de Convenciones (CPC), de Paran\u00e1, con acceso libre y gratuito.&nbsp;<\/p>\n\n\n\n<p>La m\u00fasica, el teatro, y la danza estuvieron presentes en la vigilia del 25 de Mayo<em>&nbsp;Luces de la revoluci\u00f3n,<\/em>&nbsp;organizada entre el Gobierno de Entre R\u00edos, la Municipalidad de Paran\u00e1, la C\u00e1mara de Diputados de Entre R\u00edos, la Secretar\u00eda de Cultura de la provincia y el Consejo General de Educaci\u00f3n.&nbsp;<\/p>\n\n\n\n<p>El 214\u00b0 aniversario de la Revoluci\u00f3n de Mayo cont\u00f3 con la presencia de la m\u00e1xima autoridad&nbsp;del gobierno provincial: Rogelio Frigerio. &#8220;El 25 de mayo nos remite a algo que los argentinos defendemos mucho, que es la libertad, la autonom\u00eda. A\u00fan en momentos tan dif\u00edciles, como los que est\u00e1n viviendo la Argentina y nuestra provincia, tenemos que hacer todo lo posible para honrar a nuestros h\u00e9roes de mayo y, de alguna manera, estar a la altura de la expectativa que se gener\u00f3 en ese momento, de tener una patria libre soberana, justa, desarrollada&#8221;, enfatiz\u00f3. El mandatario felicit\u00f3 a la organizaci\u00f3n y recorri\u00f3 los stands. Seguidamente disfrut\u00f3 del espect\u00e1culo musical.<\/p>\n\n\n\n<figure class=\"wp-block-image\"><img loading=\"lazy\" decoding=\"async\" width=\"1600\" height=\"1067\" src=\"https:\/\/www.entrerios.gov.ar\/cultura\/wp-content\/uploads\/2024\/05\/image-18.jpeg\" alt=\"\" class=\"wp-image-10934\" srcset=\"https:\/\/www.entrerios.gov.ar\/cultura\/wp-content\/uploads\/2024\/05\/image-18.jpeg 1600w, https:\/\/www.entrerios.gov.ar\/cultura\/wp-content\/uploads\/2024\/05\/image-18-1280x854.jpeg 1280w, https:\/\/www.entrerios.gov.ar\/cultura\/wp-content\/uploads\/2024\/05\/image-18-980x654.jpeg 980w, https:\/\/www.entrerios.gov.ar\/cultura\/wp-content\/uploads\/2024\/05\/image-18-480x320.jpeg 480w\" sizes=\"auto, (min-width: 0px) and (max-width: 480px) 480px, (min-width: 481px) and (max-width: 980px) 980px, (min-width: 981px) and (max-width: 1280px) 1280px, (min-width: 1281px) 1600px, 100vw\" \/><\/figure>\n\n\n\n<p>El secretario de Cultura de la Provincia Fabi\u00e1n Reato, hizo alusi\u00f3n a la conmemoraci\u00f3n patria resaltando lo sentido y cercano de la fecha. \u201cMe parece importante que tengamos esta posibilidad de celebrarnos como pueblo y como naci\u00f3n. Estamos un poco necesitados de volver a ese fervor\u201d, dijo Reato. Cabe destacar, que desde la Secretaria se realizan una serie de actividades que rescatan la historia y los acontecimientos patrios como la actividad de recorridos hist\u00f3ricos, la conmemoraci\u00f3n del Himno Nacional y, en esta nueva oportunidad, la Revoluci\u00f3n de Mayo.<\/p>\n\n\n\n<p>La vicegobernadora Alicia Aluani tambi\u00e9n reflexion\u00f3 sobre la actividad: \u201cGracias al esp\u00edritu de libertad, de perseverancia y de lucha se inici\u00f3 nuestro gobierno patrio. Est\u00e1 noche es muy especial para poner en valor eso con la combinaci\u00f3n con lo art\u00edstico y la gastronom\u00eda para que todos puedan disfrutar\u201d.<\/p>\n\n\n\n<p>Otras autoridades asistieron a la vigilia, como en el caso de la ministra de Desarrollo Humano, Ver\u00f3nica Berisso; el ministro de Salud, Guillermo Grieve; la presidenta del Consejo General de Educaci\u00f3n, Alicia Fregonese; la intendenta de la ciudad de Paran\u00e1 Rosario Romero, entre muchos otros legisladores y funcionarios.&nbsp;<\/p>\n\n\n\n<figure class=\"wp-block-image\"><img loading=\"lazy\" decoding=\"async\" width=\"1600\" height=\"1067\" src=\"https:\/\/www.entrerios.gov.ar\/cultura\/wp-content\/uploads\/2024\/05\/image-17.jpeg\" alt=\"\" class=\"wp-image-10933\" srcset=\"https:\/\/www.entrerios.gov.ar\/cultura\/wp-content\/uploads\/2024\/05\/image-17.jpeg 1600w, https:\/\/www.entrerios.gov.ar\/cultura\/wp-content\/uploads\/2024\/05\/image-17-1280x854.jpeg 1280w, https:\/\/www.entrerios.gov.ar\/cultura\/wp-content\/uploads\/2024\/05\/image-17-980x654.jpeg 980w, https:\/\/www.entrerios.gov.ar\/cultura\/wp-content\/uploads\/2024\/05\/image-17-480x320.jpeg 480w\" sizes=\"auto, (min-width: 0px) and (max-width: 480px) 480px, (min-width: 481px) and (max-width: 980px) 980px, (min-width: 981px) and (max-width: 1280px) 1280px, (min-width: 1281px) 1600px, 100vw\" \/><\/figure>\n\n\n\n<p>Cabe destacar tambi\u00e9n la asistencia al evento de un grupo de personas oriundas de Islas del Ibicuy que visit\u00f3 la capital provincial especialmente para la vigilia, en un traslado gestionado por la Secretar\u00eda de Cultura.&nbsp;<\/p>\n\n\n\n<p>En&nbsp;<em>Luces de la Revoluci\u00f3n<\/em>&nbsp;las actividades se desarrollaron conforme a un nutrido programa de propuestas culturales y art\u00edsticas que pusieron en foco la identidad y las tradiciones.&nbsp;<\/p>\n\n\n\n<p><strong>Desarrollo de la velada y feria<\/strong><\/p>\n\n\n\n<p>En la planta baja y hall del primer piso del CPC se ubic\u00f3 una exposici\u00f3n de emprendimientos nucleados en Manos Entrerrianas. Los encargados de los stands&nbsp;ofrec\u00edan al p\u00fablico vinos de la regi\u00f3n, artesan\u00edas en cueros, tejidos y maderas. Tambi\u00e9n hab\u00eda delicias regionales y juegos de mesa. En la galer\u00eda exterior se dispuso emprendimientos de comidas t\u00edpicas con su correspondiente espacio para sentarse, comer y conversar. Fue este un gran atractivo en la noche de fr\u00edo intenso.&nbsp;<\/p>\n\n\n\n<p>En los ingresos principales al edificio y en las escaleras se ubicaron, en formaci\u00f3n de honor, integrantes del Escuadr\u00f3n<em>&nbsp;Dragones de la Muerte.&nbsp;<\/em><\/p>\n\n\n\n<p>Cerca de las 22, en la sala del piso superior, el espect\u00e1culo comenz\u00f3 con la actuaci\u00f3n del grupo&nbsp;<em>4 y pico<\/em>&nbsp;de Paran\u00e1, quienes interpretaron canciones folcl\u00f3ricas y populares con Mar\u00eda Luz Erazun y Marino Freseti como invitados. En la sala el ordenamiento de las personas se dispuso sin reserva para autoridades y por orden de llegada. Un m\u00ednimo protocolo ceremonial permiti\u00f3 el ingreso del gobernador quien comparti\u00f3 con el p\u00fablico en general sin diferencias.<\/p>\n\n\n\n<p>Por su parte, y en simult\u00e1neo, en el hall de ingreso el ballet&nbsp;<em>Evocando Tradici\u00f3n<\/em>&nbsp;comparti\u00f3 la danza de sal\u00f3n&nbsp;<em>La&nbsp;<\/em><em>Gavota<\/em>&nbsp;para recibir al gobernador y a la vicegobernadora.&nbsp;<\/p>\n\n\n\n<p>El payador Juan Cruz Merlo, de 17 a\u00f1os, sorprendi\u00f3 al p\u00fablico con un espect\u00e1culo de poes\u00eda improvisada y canciones tradicionales.&nbsp;<\/p>\n\n\n\n<p>En distintos momentos de la velada el grupo de teatro de la C\u00e1mara de Diputados,&nbsp;<em>Sobre Tablas&nbsp;<\/em>realiz\u00f3 representaciones referidas a la \u00e9poca de Mayo. Uno de los integrantes del grupo, Facundo Saavedra cont\u00f3&nbsp;que tienen ya dos a\u00f1os de trayectoria y est\u00e1 conformado por unas 20 personas. \u201cEstamos muy contentos y vamos a interactuar con las personas que llegan, repartiremos cintas y escarapelas\u201d. La Sastrer\u00eda Municipal fue la encargada de facilitar los vestuarios de los actores y para ellos se expres\u00f3 un especial agradecimiento.&nbsp;<\/p>\n\n\n\n<p>La artista Adriana Ver\u00e1 tambi\u00e9n estuvo realizando pintura en vivo en el ingreso a la sala. Sus obras ilustraban escenas de la revoluci\u00f3n y el cabildo abierto.&nbsp;<\/p>\n\n\n\n<figure class=\"wp-block-image\"><img loading=\"lazy\" decoding=\"async\" width=\"1600\" height=\"1067\" src=\"https:\/\/www.entrerios.gov.ar\/cultura\/wp-content\/uploads\/2024\/05\/image-19.jpeg\" alt=\"\" class=\"wp-image-10935\" srcset=\"https:\/\/www.entrerios.gov.ar\/cultura\/wp-content\/uploads\/2024\/05\/image-19.jpeg 1600w, https:\/\/www.entrerios.gov.ar\/cultura\/wp-content\/uploads\/2024\/05\/image-19-1280x854.jpeg 1280w, https:\/\/www.entrerios.gov.ar\/cultura\/wp-content\/uploads\/2024\/05\/image-19-980x654.jpeg 980w, https:\/\/www.entrerios.gov.ar\/cultura\/wp-content\/uploads\/2024\/05\/image-19-480x320.jpeg 480w\" sizes=\"auto, (min-width: 0px) and (max-width: 480px) 480px, (min-width: 481px) and (max-width: 980px) 980px, (min-width: 981px) and (max-width: 1280px) 1280px, (min-width: 1281px) 1600px, 100vw\" \/><\/figure>\n\n\n\n<p>La Banda de la Polic\u00eda de Entre R\u00edos desembarc\u00f3 en el escenario para desplegar su amplio repertorio. La lista de temas incluy\u00f3 La Cumparsita, entre muchas otras. En algunas oportunidades, la banda invit\u00f3 al director del band\u00edn hist\u00f3rico quien explic\u00f3 la importancia de su uniforme de&nbsp;<em>Drag\u00f3n&nbsp; de la Muerte.&nbsp;<\/em><\/p>\n\n\n\n<p>El&nbsp;<em>Escuadr\u00f3n Dragones de la Muerte,&nbsp;<\/em>es un cuerpo de escolta creado por Francisco Ram\u00edrez. Se trataba de una tropa selecta compuesta por los mejores soldados del ej\u00e9rcito. Ram\u00edrez los dot\u00f3 de uniformes, armamentos y cabalgaduras apropiadas para su custodia personal. En la actualidad, esta formaci\u00f3n act\u00faa como la Guardia de Honor del gobernador en actos oficiales, fiestas patrias, visitas presidenciales y diplom\u00e1ticas y cuando la ocasi\u00f3n amerite tan alto honor.<img loading=\"lazy\" decoding=\"async\" src=\"https:\/\/lh7-us.googleusercontent.com\/SOiOX0PgkrKiXeU1I17rXxP32tDv0e5M_TML8l7QNgU6EfcZFiyILIcj3irwWc7OYkGIOpNfku2k2LdkAfelXuVGigI7pLEdP8Bf-BzOxVdRszDO49JycKxTXs1b_VAi2bYT1B30-VIsm94B0yo4f9U\" width=\"602\" height=\"401\"><\/p>\n\n\n\n<p>Las estrofas del Himno Nacional Argentino,se hicieron sentir a la medianoche dando lugar a un un\u00e1nime sentido de patriotismo y celebraci\u00f3n.<\/p>\n\n\n\n<p><strong>Radio en vivo<\/strong><\/p>\n\n\n\n<p>Cabe destacar que el equipo de comunicaci\u00f3n de la C\u00e1mara de Diputados transmiti\u00f3 desde la radio living todo el evento en vivo con la conducci\u00f3n de Alfredo Hoffman y Andrea Fercher. El servicio de comunicaci\u00f3n comparti\u00f3 a trav\u00e9s del streaming las impresiones de distintos participantes, asistentes y autoridades.<\/p>\n","protected":false},"excerpt":{"rendered":"<p>El poder Ejecutivo y Legislativo provincial, junto al municipio de Paran\u00e1, organizaron una vigilia conmemorativa que reuni\u00f3 diversas actividades art\u00edsticas y culturales. La asistencia fue numerosa y se llev\u00f3 a cabo el viernes en el Centro Provincial de Convenciones (CPC), de Paran\u00e1, con acceso libre y gratuito.&nbsp; La m\u00fasica, el teatro, y la danza estuvieron [&hellip;]<\/p>\n","protected":false},"author":5,"featured_media":10932,"comment_status":"open","ping_status":"open","sticky":false,"template":"","format":"standard","meta":{"_et_pb_use_builder":"off","_et_pb_old_content":"","_et_gb_content_width":"","footnotes":""},"categories":[1,28],"tags":[],"class_list":["post-10931","post","type-post","status-publish","format-standard","has-post-thumbnail","hentry","category-destacado","category-noticias"],"_links":{"self":[{"href":"https:\/\/www.entrerios.gov.ar\/cultura\/wp-json\/wp\/v2\/posts\/10931","targetHints":{"allow":["GET"]}}],"collection":[{"href":"https:\/\/www.entrerios.gov.ar\/cultura\/wp-json\/wp\/v2\/posts"}],"about":[{"href":"https:\/\/www.entrerios.gov.ar\/cultura\/wp-json\/wp\/v2\/types\/post"}],"author":[{"embeddable":true,"href":"https:\/\/www.entrerios.gov.ar\/cultura\/wp-json\/wp\/v2\/users\/5"}],"replies":[{"embeddable":true,"href":"https:\/\/www.entrerios.gov.ar\/cultura\/wp-json\/wp\/v2\/comments?post=10931"}],"version-history":[{"count":1,"href":"https:\/\/www.entrerios.gov.ar\/cultura\/wp-json\/wp\/v2\/posts\/10931\/revisions"}],"predecessor-version":[{"id":10936,"href":"https:\/\/www.entrerios.gov.ar\/cultura\/wp-json\/wp\/v2\/posts\/10931\/revisions\/10936"}],"wp:featuredmedia":[{"embeddable":true,"href":"https:\/\/www.entrerios.gov.ar\/cultura\/wp-json\/wp\/v2\/media\/10932"}],"wp:attachment":[{"href":"https:\/\/www.entrerios.gov.ar\/cultura\/wp-json\/wp\/v2\/media?parent=10931"}],"wp:term":[{"taxonomy":"category","embeddable":true,"href":"https:\/\/www.entrerios.gov.ar\/cultura\/wp-json\/wp\/v2\/categories?post=10931"},{"taxonomy":"post_tag","embeddable":true,"href":"https:\/\/www.entrerios.gov.ar\/cultura\/wp-json\/wp\/v2\/tags?post=10931"}],"curies":[{"name":"wp","href":"https:\/\/api.w.org\/{rel}","templated":true}]}}