{"id":10938,"date":"2024-05-26T16:27:36","date_gmt":"2024-05-26T16:27:36","guid":{"rendered":"https:\/\/www.entrerios.gov.ar\/cultura\/?p=10938"},"modified":"2025-02-20T21:40:37","modified_gmt":"2025-02-20T21:40:37","slug":"con-una-importante-afluencia-de-publico-se-desarrolla-el-festival-patrio-en-el-centro-provincial-la-vieja-usina","status":"publish","type":"post","link":"https:\/\/www.entrerios.gov.ar\/cultura\/con-una-importante-afluencia-de-publico-se-desarrolla-el-festival-patrio-en-el-centro-provincial-la-vieja-usina\/","title":{"rendered":"Con una importante afluencia de p\u00fablico, se desarrolla el Festival Patrio en el centro provincial La Vieja Usina"},"content":{"rendered":"\n<p>Este s\u00e1bado comenz\u00f3 una variada programaci\u00f3n de actividades y este domingo contin\u00faa la propuesta con entrada libre y gratuita. La actividad es organizada por la Secretar\u00eda de Cultura de Entre R\u00edos junto a emprendedores y es en conmemoraci\u00f3n del 214\u00b0 aniversario de la Revoluci\u00f3n de Mayo.<\/p>\n\n\n\n<p>El Festival Patrio comenz\u00f3\u00a0el s\u00e1bado a las 13 con una variada propuesta gastron\u00f3mica junto a m\u00e1s de 30 emprendedores, invitando a un recorrido por la calle principal del Centro Cultural y de Convenciones La Vieja Usina, dependiente de la Secretar\u00eda de Cultura de Entre R\u00edos, que no tard\u00f3 en colmarse de visitantes que se dieron cita para disfrutar de la tradicional jornada patria. El programa contin\u00faa este domingo con la segunda jornada que se desarrollar\u00e1\u00a0 en las instalaciones del centro provincial ubicado en Gregoria Matorras 861 de Paran\u00e1. La invitaci\u00f3n es abierta a la comunidad.<\/p>\n\n\n\n<figure class=\"wp-block-image size-large\"><img decoding=\"async\" src=\"https:\/\/www.entrerios.gov.ar\/cultura\/wp-content\/uploads\/2024\/05\/FotoCulturaER-5-1-1024x683.jpg\" alt=\"\" class=\"wp-image-10940\"\/><\/figure>\n\n\n\n<p>En el primer d\u00eda de actividades se desplegaron adem\u00e1s numerosos entretenimientos para infancias; como los talleres &#8220;Aventuras Nutritivas&#8221; y &#8220;Sembrando Sostenibilidad\u201d, que aportaron conocimientos para concientizar sobre alimentaci\u00f3n y herramientas para el desarrollo sostenible del ambiente, respectivamente. Tambi\u00e9n formaron parte del espacio l\u00fadico, y con numerosa asistencia, el taller de trenzas y peinados &#8220;Tejiendo Creatividad&#8221; y el taller art\u00edstico \u201cCreArte: tu huella en el mundo\u201d.<\/p>\n\n\n\n<p>Los talleres fueron dictados por las ONG\u00b4s Hacemos Verde y Cauce Ecol\u00f3gico, junto a diferentes capacitadores y artistas.<\/p>\n\n\n\n<p>Por otra parte, la Sala Mayor del centro cultural se visti\u00f3 de celeste y blanco con la participaci\u00f3n de m\u00e1s de 40 emprendedores artesanos de la Econom\u00eda Social que ofrecieron su vasta producci\u00f3n de art\u00edculos decorativos, vestimenta, literatura, bijouterie, regionales, stikers, objetos y art\u00edculos para mascotas, iluminaci\u00f3n, art\u00edculos de cocina, entre otras propuestas de stands, que brindaron un ameno paseo para disfrutar, compartir y adquirir productos de calidad a precios accesibles.<\/p>\n\n\n\n<p>Los n\u00fameros art\u00edsticos comenzaron alrededor de las 15 en la Sala Ver\u00f3nica Kuttel , cuando el grupo musical Yuruma comenz\u00f3 a tocar los primeros acordes del Peric\u00f3n Nacional, junto a la participaci\u00f3n de destacados bailarines. Cabe recordar que esta danza, frecuentada popularmente en el siglo XIX, con referencia documental desde fines del siglo anterior, posee elementos comunes con otras danzas tradicionales.<\/p>\n\n\n\n<figure class=\"wp-block-image size-large\"><img decoding=\"async\" src=\"https:\/\/www.entrerios.gov.ar\/cultura\/wp-content\/uploads\/2024\/05\/FotoCulturaER-16-1024x693.jpg\" alt=\"\" class=\"wp-image-10941\"\/><\/figure>\n\n\n\n<p>Los bailarines int\u00e9rpretes fueron: Ricardo Rodr\u00edguez, Diana Esquivel, Luciana Salman, Fernando Gorosito, Laureana Romero, Tati Colombo, Virginia Zapata, Andr\u00e9s Vega, Laura&nbsp; Van Dembroucke, Pablo&nbsp; Yfran, Esmeralda de las Mercedes, Losada, y Mario&nbsp; Sosa.<\/p>\n\n\n\n<p>Por su parte, el Grupo Yuruma estuvo integrado por \u00c1ngel Oscar Giles&nbsp; (flauta traversa, guitarra, charango, voz y aer\u00f3fonos), Ezequiel Almeida (teclados), Ana&nbsp; Ayala (flauta traversa), Cristobal Taborda&nbsp; (bajo), y Walter Fontana (percusi\u00f3n).<\/p>\n\n\n\n<p>Las actividades continuaron con la performance a\u00e9rea a cargo de la destreza y versatilidad acrob\u00e1tica de Celina Fridman; y luego lleg\u00f3 el turno del cantante Juli\u00e1n Calveira quien se present\u00f3&nbsp; junto a artistas invitados, ofreciendo un variado repertorio de interpretaciones entre las que se destacaron temas de WOS y Soda St\u00e9reo, para cerrar, aclamado por el p\u00fablico, con una versi\u00f3n del tema \u201cUniverso Paralelo\u201d, del reconocido m\u00fasico y compositor argentino Nahuel Pennisi.<\/p>\n\n\n\n<p>A su vez, para comenzar a dar cierre a la primera jornada, se desarrollaron la charla \u201cAlimentaci\u00f3n y agroecolog\u00eda: \u00bfmito o verdad?\u201d, el espect\u00e1culo Groove Amor grupo musical y la intervenci\u00f3n art\u00edstica a cargo de Gogo Dolls.<\/p>\n\n\n\n<p>Es importante destacar que el evento es impulsado por los empresarios privados gastron\u00f3micos y culturales \u201cParan\u00e1 Come\u201d, \u201cFeria S\u00e1enz Pe\u00f1a\u201d, y cuenta con la coorganizaci\u00f3n de la Secretar\u00eda de Cultura de Entre R\u00edos, dependiente del Ministerio de Desarrollo Humano. El ingreso es libre y gratuito.\u00a0<\/p>\n\n\n\n<figure class=\"wp-block-image size-large\"><img decoding=\"async\" src=\"https:\/\/www.entrerios.gov.ar\/cultura\/wp-content\/uploads\/2024\/05\/FotoCulturaER-36-1-1024x683.jpg\" alt=\"\" class=\"wp-image-10942\"\/><\/figure>\n\n\n\n<p>Para este domingo, la propuesta contin\u00faa con el siguiente programa:&nbsp;<\/p>\n\n\n\n<p><strong>Domingo 26<\/strong><\/p>\n\n\n\n<p>&nbsp;13 Hs.Taller de maquillaje con eco-glitter \u201cBrillo consciente\u201d.<\/p>\n\n\n\n<p>&nbsp;14:30 Hs.Taller de siembra \u201cSembrando Sostenibilidad\u201d.<\/p>\n\n\n\n<p>&nbsp;14 Hs. Romeo y Julieta a punto Caramelo (Teatro). Sala Ver\u00f3nica Kuttel<\/p>\n\n\n\n<p>&nbsp;16 Hs.Taller de accesorios reciclados \u201cDise\u00f1o sostenible\u201d.<\/p>\n\n\n\n<p>&nbsp;16 Hs.Turr\u00f3n de Otello con Rap flambee por Cheffpier (Teatro). Sala Ver\u00f3nica Kuttel<\/p>\n\n\n\n<p>&nbsp;16:30 Hs. \u201cM\u00edstica de R\u00edo\u201d, m\u00fasica folktronica con Nicolas Herrera y Juan Capdevila (M\u00fasica)<\/p>\n\n\n\n<p>&nbsp;17 Hs. Taller art\u00edstico \u201cCreArte: tu huella en el mundo\u201d.<\/p>\n\n\n\n<p>&nbsp;17:15 Hs. Malena Aquino (Musica). Sala Ver\u00f3nica Kuttel 19 Hs. Los Riedels, grupo de folklore (danza). Sala Ver\u00f3nica Kuttel<\/p>\n","protected":false},"excerpt":{"rendered":"<p>Este s\u00e1bado comenz\u00f3 una variada programaci\u00f3n de actividades y este domingo contin\u00faa la propuesta con entrada libre y gratuita. La actividad es organizada por la Secretar\u00eda de Cultura de Entre R\u00edos junto a emprendedores y es en conmemoraci\u00f3n del 214\u00b0 aniversario de la Revoluci\u00f3n de Mayo. El Festival Patrio comenz\u00f3\u00a0el s\u00e1bado a las 13 con [&hellip;]<\/p>\n","protected":false},"author":50,"featured_media":0,"comment_status":"open","ping_status":"open","sticky":false,"template":"","format":"standard","meta":{"_et_pb_use_builder":"off","_et_pb_old_content":"","_et_gb_content_width":"","footnotes":""},"categories":[1,28,18],"tags":[],"class_list":["post-10938","post","type-post","status-publish","format-standard","hentry","category-destacado","category-noticias","category-centro-cultural-la-vieja-usina"],"_links":{"self":[{"href":"https:\/\/www.entrerios.gov.ar\/cultura\/wp-json\/wp\/v2\/posts\/10938","targetHints":{"allow":["GET"]}}],"collection":[{"href":"https:\/\/www.entrerios.gov.ar\/cultura\/wp-json\/wp\/v2\/posts"}],"about":[{"href":"https:\/\/www.entrerios.gov.ar\/cultura\/wp-json\/wp\/v2\/types\/post"}],"author":[{"embeddable":true,"href":"https:\/\/www.entrerios.gov.ar\/cultura\/wp-json\/wp\/v2\/users\/50"}],"replies":[{"embeddable":true,"href":"https:\/\/www.entrerios.gov.ar\/cultura\/wp-json\/wp\/v2\/comments?post=10938"}],"version-history":[{"count":1,"href":"https:\/\/www.entrerios.gov.ar\/cultura\/wp-json\/wp\/v2\/posts\/10938\/revisions"}],"predecessor-version":[{"id":12698,"href":"https:\/\/www.entrerios.gov.ar\/cultura\/wp-json\/wp\/v2\/posts\/10938\/revisions\/12698"}],"wp:attachment":[{"href":"https:\/\/www.entrerios.gov.ar\/cultura\/wp-json\/wp\/v2\/media?parent=10938"}],"wp:term":[{"taxonomy":"category","embeddable":true,"href":"https:\/\/www.entrerios.gov.ar\/cultura\/wp-json\/wp\/v2\/categories?post=10938"},{"taxonomy":"post_tag","embeddable":true,"href":"https:\/\/www.entrerios.gov.ar\/cultura\/wp-json\/wp\/v2\/tags?post=10938"}],"curies":[{"name":"wp","href":"https:\/\/api.w.org\/{rel}","templated":true}]}}