{"id":10954,"date":"2024-05-27T15:32:46","date_gmt":"2024-05-27T15:32:46","guid":{"rendered":"https:\/\/www.entrerios.gov.ar\/cultura\/?p=10954"},"modified":"2024-05-27T15:32:47","modified_gmt":"2024-05-27T15:32:47","slug":"se-realizara-una-nueva-edicion-del-ciclo-usina-en-pena","status":"publish","type":"post","link":"https:\/\/www.entrerios.gov.ar\/cultura\/se-realizara-una-nueva-edicion-del-ciclo-usina-en-pena\/","title":{"rendered":"Se realizar\u00e1 una nueva edici\u00f3n del ciclo Usina en Pe\u00f1a\u00a0"},"content":{"rendered":"\n<p>El viernes 31 de mayo comenzar\u00e1 en el centro provincial La Vieja Usina de Paran\u00e1 una propuesta de m\u00fasica, danza, encuentro y aprendizaje. La actividad ser\u00e1 libre y gratuita y dar\u00e1 comienzo a las 19.&nbsp;<\/p>\n\n\n\n<p>La Secretar\u00eda de Cultura de Entre R\u00edos, en articulaci\u00f3n con gestores y hacedores culturales de la ciudad, pone en marcha una nueva edici\u00f3n de Usina en Pe\u00f1a. Se realizar\u00e1 en el Centro Cultural y de Convenciones La Vieja Usina de Paran\u00e1.<\/p>\n\n\n\n<p>Entre los objetivos de la propuesta, coordinada por la profesora de danzas y gestora cultural, Natalia Varon, se enumeran la creaci\u00f3n de un corredor art\u00edstico del g\u00e9nero festivo folcl\u00f3rico que potencia el trabajo colectivo y solidario. Tambi\u00e9n se propone&nbsp; alentar el encuentro, aprendizaje y el esparcimiento, y dar a conocer y visibilizar el trabajo de diversas escuelas, compa\u00f1\u00edas y grupos de danzas, entre otros.<\/p>\n\n\n\n<p>Este proyecto cultural tiene como visi\u00f3n liderar una transformaci\u00f3n atendiendo la idea de trabajo colectivo entre diversos grupos de danzas, m\u00fasicos, y artistas micro emprendedores. El Estado provincial impulsa el ciclo tambi\u00e9n como una herramienta de ayuda econ\u00f3mica al sector de las danzas tradicionales, poniendo a disposici\u00f3n el edificio, sonido, luces, sala, y mobiliario para la realizaci\u00f3n del evento con entrada libre y gratuita para todo p\u00fablico.<\/p>\n\n\n\n<p><strong>Programaci\u00f3n del viernes 31<\/strong><\/p>\n\n\n\n<p>La jornada del viernes 31 comenzar\u00e1 a las 19 con un taller a cargo de los profesores Luciana Rios y Alejandro Ledesma.&nbsp;<\/p>\n\n\n\n<p>Para la pe\u00f1a propiamente dicha los m\u00fasicos participantes ser\u00e1n: Los Del Litoral, Amigos del bar, y Hermanas vince. La danza tambi\u00e9n estar\u00e1 presente con la presencia de los grupos Tekoayhu, Quimera y Grito Sagrado.<\/p>\n\n\n\n<p>La organizaci\u00f3n anticipa tambi\u00e9n la disponibilidad de una micr\u00f3fono abierto para artistas emergentes que se habilitar\u00e1 sin inscripci\u00f3n previa. Adem\u00e1s, se crear\u00e1 un espacio de Cartelera Colaborativa para las personas vinculadas a la actividad que necesiten y deseen publicitar su evento autogestivo.<\/p>\n\n\n\n<p>El centro cultural La Vieja Usina se encuentra ubicado en Gregoria Matorras de San Mart\u00edn 861. La entrada es abierta a la comunidad. No se reservan mesas.<\/p>\n\n\n\n<figure class=\"wp-block-image\"><img decoding=\"async\" src=\"https:\/\/lh7-us.googleusercontent.com\/gQy7MBjOgMRJyhQuMxRlVcpcovqIT0it9JvTRMdjXv4nfbfD7P_LiOf9Iu7ErDcmQ0qKWuOoRrT8h33sxbJ4uW1Y7PlfSGnUEKbFVCFBSh0GAa1th_nwTO5XDs2v0QFAns1MbQ3wX3CgqGB7HOK6YpA\" alt=\"\"\/><\/figure>\n\n\n\n<p><strong>Anfitriones de inicio del ciclo<\/strong><\/p>\n\n\n\n<p>La Escuela de danzas &#8220;Los Nonos&#8221; agrupa talleres autogestivos de danzas que se van presentando en diversas actividades culturales. Los grupos act\u00faan en pe\u00f1as o festivales de capillas, escuelas primarias y eventos solidarios. Desarrollan actividad en diversos espacios, cada taller cuenta con 10 estudiantes aproximadamente de diversas edades (desde infantiles iniciando a los seis a\u00f1os, hasta personas mayores).&nbsp;<\/p>\n\n\n\n<p>La escuela est\u00e1 a cargo de los profesores Luciana Rios y Alejandro Ledesma, quienes realizaron sus estudios en la Acad. De Danzas Folkl\u00f3ricas Argentinas \u201cEl Moj\u00f3n\u201d de la Ciudad De San Benito y en la Esc. De M\u00fasica, Danza y Teatro \u201cConstancio Carminio\u201d como t\u00e9cnicos en danza (especialidad en Danzas Folkl\u00f3ricas Argentinas).&nbsp;&nbsp;<\/p>\n\n\n\n<p><em>Fotos: Usina en Pe\u00f1a, edici\u00f3n 2023. Archivo SCER.-<\/em><\/p>\n","protected":false},"excerpt":{"rendered":"<p>El viernes 31 de mayo comenzar\u00e1 en el centro provincial La Vieja Usina de Paran\u00e1 una propuesta de m\u00fasica, danza, encuentro y aprendizaje. La actividad ser\u00e1 libre y gratuita y dar\u00e1 comienzo a las 19.&nbsp; La Secretar\u00eda de Cultura de Entre R\u00edos, en articulaci\u00f3n con gestores y hacedores culturales de la ciudad, pone en marcha [&hellip;]<\/p>\n","protected":false},"author":5,"featured_media":10955,"comment_status":"open","ping_status":"open","sticky":false,"template":"","format":"standard","meta":{"_et_pb_use_builder":"off","_et_pb_old_content":"","_et_gb_content_width":"","footnotes":""},"categories":[1,28,18],"tags":[],"class_list":["post-10954","post","type-post","status-publish","format-standard","has-post-thumbnail","hentry","category-destacado","category-noticias","category-centro-cultural-la-vieja-usina"],"_links":{"self":[{"href":"https:\/\/www.entrerios.gov.ar\/cultura\/wp-json\/wp\/v2\/posts\/10954","targetHints":{"allow":["GET"]}}],"collection":[{"href":"https:\/\/www.entrerios.gov.ar\/cultura\/wp-json\/wp\/v2\/posts"}],"about":[{"href":"https:\/\/www.entrerios.gov.ar\/cultura\/wp-json\/wp\/v2\/types\/post"}],"author":[{"embeddable":true,"href":"https:\/\/www.entrerios.gov.ar\/cultura\/wp-json\/wp\/v2\/users\/5"}],"replies":[{"embeddable":true,"href":"https:\/\/www.entrerios.gov.ar\/cultura\/wp-json\/wp\/v2\/comments?post=10954"}],"version-history":[{"count":1,"href":"https:\/\/www.entrerios.gov.ar\/cultura\/wp-json\/wp\/v2\/posts\/10954\/revisions"}],"predecessor-version":[{"id":10957,"href":"https:\/\/www.entrerios.gov.ar\/cultura\/wp-json\/wp\/v2\/posts\/10954\/revisions\/10957"}],"wp:featuredmedia":[{"embeddable":true,"href":"https:\/\/www.entrerios.gov.ar\/cultura\/wp-json\/wp\/v2\/media\/10955"}],"wp:attachment":[{"href":"https:\/\/www.entrerios.gov.ar\/cultura\/wp-json\/wp\/v2\/media?parent=10954"}],"wp:term":[{"taxonomy":"category","embeddable":true,"href":"https:\/\/www.entrerios.gov.ar\/cultura\/wp-json\/wp\/v2\/categories?post=10954"},{"taxonomy":"post_tag","embeddable":true,"href":"https:\/\/www.entrerios.gov.ar\/cultura\/wp-json\/wp\/v2\/tags?post=10954"}],"curies":[{"name":"wp","href":"https:\/\/api.w.org\/{rel}","templated":true}]}}