{"id":10978,"date":"2024-05-31T13:04:57","date_gmt":"2024-05-31T13:04:57","guid":{"rendered":"https:\/\/www.entrerios.gov.ar\/cultura\/?p=10978"},"modified":"2024-05-31T13:04:58","modified_gmt":"2024-05-31T13:04:58","slug":"la-secretaria-de-cultura-acompano-la-puesta-en-marcha-del-museo-policial","status":"publish","type":"post","link":"https:\/\/www.entrerios.gov.ar\/cultura\/la-secretaria-de-cultura-acompano-la-puesta-en-marcha-del-museo-policial\/","title":{"rendered":"La Secretar\u00eda de Cultura acompa\u00f1\u00f3 la puesta en marcha del Museo Policial\u00a0"},"content":{"rendered":"\n<p><strong>La Secretar\u00eda de Cultura acompa\u00f1\u00f3 la puesta en marcha del Museo Policial&nbsp;<\/strong><\/p>\n\n\n\n<p>Con un acto institucional, se realiz\u00f3 la inauguraci\u00f3n de la sede del Museo Policial ubicada en la capital provincial. El secretario de Cultura de Entre R\u00edos, Fabi\u00e1n Reato, particip\u00f3 de la actividad con el prop\u00f3sito de celebrar con la comunidad la reapertura de la instituci\u00f3n y anunci\u00f3 el compromiso de acompa\u00f1ar su desarrollo.<\/p>\n\n\n\n<p>Este jueves por la tarde, el Ministro de Seguridad y Justicia de Entre R\u00edos, N\u00e9stor Roncaglia; y el Jefe de Polic\u00eda de la Provincia, Comisario Claudio Omar Gonz\u00e1lez, encabezaron una inauguraci\u00f3n formal, de la que tambi\u00e9n particip\u00f3 la plana mayor de la fuerza y el secretario de Cultura de Entre R\u00edos, Fabi\u00e1n Reato. La cita fue frente a la antigua casona que se encuentra ubicada en Laprida 460. Cabe destacar que en diciembre de 2019 el edificio entr\u00f3 en obras por refacciones.<\/p>\n\n\n\n<p>Estuvieron tambi\u00e9n presentes legisladores provinciales, representantes del Consejo General de Educaci\u00f3n, el ex secretario de Cultura, Roberto Romani, directores de Museos de la ciudad de Paran\u00e1 y el equipo de trabajo de la Secretar\u00eda de Cultura.&nbsp;<\/p>\n\n\n\n<p>Con motivo de la celebraci\u00f3n de reapertura, tom\u00f3 la palabra Romani y cont\u00f3 a los presentes: \u201cEl 30 de noviembre de 2011 se inaugur\u00f3 este espacio formalmente. Lamentablemente, al tiempo, una falla en el terreno provoc\u00f3 estragos en el edificio y fue imposible seguir abriendo las puertas de la instituci\u00f3n en este lugar. Temporariamente, la rica historia de la Polic\u00eda se exili\u00f3 a la Escuela de Oficiales de Dr. Salvador Maci\u00e1, hasta que -otra vez- el esfuerzo de los hombres y la decisi\u00f3n del Sr Jefe de Polic\u00eda concret\u00f3 la puesta en marcha, e hizo que estemos hoy inaugurando la puesta en valor de esta casa\u201d.<\/p>\n\n\n\n<p>Seguidamente, agreg\u00f3 que \u201cen cada rinc\u00f3n de esta casa, se cuenta su historia y resguarda una cantidad de elementos que reflejan -a cada instante- lo que fueron las luchas de la Polic\u00eda, un orgullo de los entrerrianos. Un&nbsp; mundo maravilloso est\u00e1 sintetizado en las paredes\u201d. Antes de despedirse, no olvid\u00f3 mencionar a dos grandes artistas entrerrianos vinculados a la fuerza: Linares Cardozo y Jos\u00e9 Arevalo.<\/p>\n\n\n\n<p>A su turno, el secretario de Cultura, Fabi\u00e1n Reato, agradeci\u00f3 al Ministro, al Jefe de la Polic\u00eda, y tambi\u00e9n por la invitaci\u00f3n. Dijo: \u201cSabemos que durante muchos a\u00f1os este museo fue un gran anhelo de la fuerza que ahora vuelve a abrir sus puertas a toda la comunidad. Desde la Secretar\u00eda nos comprometemos a seguir acompa\u00f1ando e integrando este museo a la red de museos de la ciudad y la provincia\u201d.&nbsp;<\/p>\n\n\n\n<p>Y agreg\u00f3: \u201cEs nuestro objetivo que los museos no sean un lugar donde se congela el pasado sino, por el contrario, un lugar donde se produce conocimiento, acciones y se crea un v\u00ednculo vivo con la comunidad. En este caso, consideramos que no solo resume y re\u00fane elementos de la historia de la fuerza, sino tambi\u00e9n de la historia de la provincia\u201d.&nbsp;<\/p>\n\n\n\n<p>Por fuera de micr\u00f3fono tambi\u00e9n, Carlos Iriarte, director General de Museos y Patrimonio de la Secretar\u00eda de Cultura reforz\u00f3 la idea del secretario y subray\u00f3 que la idea es poder \u201ctrabajar en conjunto con el Museo de Casa de Gobierno, ya que en esta instituci\u00f3n se aborda todo lo referido al poder Ejecutivo provincial y uno de los aspectos se relaciona con la seguridad\u201d.<\/p>\n\n\n\n<p>A continuaci\u00f3n, las autoridades fueron invitadas a una bendici\u00f3n religiosa del inmueble, corte de cintas y descubrimiento de placas.<\/p>\n\n\n\n<figure class=\"wp-block-image\"><img decoding=\"async\" src=\"https:\/\/lh7-us.googleusercontent.com\/docsz\/AD_4nXfVsErOGEPFG4eP-VDN1yIM69dQCrqPSvhwMw-5k-K2tpXdbELKzZPM3CAJxpqViWuEmB2EV1Krfs6pnx7vflzi2d8VWDABi6QX1cAXHN6PV2dXTcwiwNuyCWwn4iEwiHHz3X-0zmvBAUPBzWD7YKZFTn4?key=2Zs1aK1hYNFzSyURYQHlYQ\" alt=\"\"\/><\/figure>\n\n\n\n<p>En el marco de un clima de celebraci\u00f3n, particip\u00f3 tambi\u00e9n el <em>Escuadr\u00f3n de Dragones de la Muerte<\/em>, la <em>Guardia de Honor del Gral. Urquiza<\/em>, y el <em>Band\u00edn Hist\u00f3rico de la Polic\u00eda de Entre R\u00edos<\/em>, quien brind\u00f3 a todos los presentes un animado n\u00famero art\u00edstico.&nbsp;<\/p>\n\n\n\n<p><strong>Patrimonio institucional<\/strong><\/p>\n\n\n\n<p>El lugar donde se emplaza el museo es una casa centenaria que desde 1960 es propiedad de la Polic\u00eda de Entre R\u00edos. Rescatado el valor arquitect\u00f3nico del edificio, el museo dispone de tres salones de exhibici\u00f3n, un patio interno y una galer\u00eda.&nbsp;<\/p>\n\n\n\n<p>La comunidad podr\u00e1 disfrutar nuevamente del acervo de r\u00e9plicas de los uniformes, entre los que destacan&nbsp; aquellos usados por los <em>Dragones de la Muerte<\/em>, guardia del General Francisco Ram\u00edrez en 1820; y la <em>Guardia de Seguridad del General Justo Jos\u00e9 de Urquiza<\/em> en 1860.&nbsp;<\/p>\n\n\n\n<p>El repertorio de objetos cuenta tambi\u00e9n con elementos que forman parte del capital institucional de la Polic\u00eda, as\u00ed como documentaci\u00f3n referida al registro de marcas de ganado, entre 1820 y 1850; y armas de diferentes \u00e9pocas, estilos y caracter\u00edsticas.<\/p>\n\n\n\n<p>Desde noviembre de 2011, momento en el que fue inaugurado, el museo busca transmitir el sentir de la vocaci\u00f3n policial con la ayuda de documentaci\u00f3n y elementos para interpretar la historia institucional y observar la evoluci\u00f3n de sus pr\u00e1cticas.<\/p>\n\n\n\n<p>En la actualidad, el Museo Policial depende org\u00e1nicamente de la Divisi\u00f3n Relaciones P\u00fablicas, Prensa y Ceremonial de la Direcci\u00f3n Ayudant\u00eda General de la Polic\u00eda de Entre R\u00edos.<\/p>\n\n\n\n<figure class=\"wp-block-image\"><img decoding=\"async\" src=\"https:\/\/lh7-us.googleusercontent.com\/docsz\/AD_4nXe69lFE_wfVJqGQNDWbAW3VTDSpbrirtSoP-KrFKeki6HjMAQ23OKam6iRs3BiS0aaNw2v9jB_4LELJwDPRkylAqcZyAMXmVtFMKF6kfe58dAyvfFe4slauF4xFlzEUl-OKypu5mhW2MWL5w1OwzZUqqCNe?key=2Zs1aK1hYNFzSyURYQHlYQ\" alt=\"\"\/><\/figure>\n\n\n\n<p>En cuanto a las actividades, el museo est\u00e1 abocado al proceso de conservaci\u00f3n de materiales, en especial documentaci\u00f3n, a fin de detener el proceso de deterioro, por distintos factores y mantener las condiciones ambientales de conservaci\u00f3n necesaria para este tipo de elementos. En esa tarea recibe asesoramiento de profesionales provenientes de otros Museos, como el de Ciencias Naturales y Antropol\u00f3gicas \u201cProf. Antonio Serrano\u201d.<\/p>\n\n\n\n<p><strong>Para visitas<\/strong><\/p>\n\n\n\n<p>La instituci\u00f3n recibir\u00e1 al p\u00fablico de lunes a viernes de 8 a 13, y de 17 a&nbsp; 21; los s\u00e1bados de 9 a 12 y de 18 a 20; y los domingos de 9 a 12.<\/p>\n","protected":false},"excerpt":{"rendered":"<p>La Secretar\u00eda de Cultura acompa\u00f1\u00f3 la puesta en marcha del Museo Policial&nbsp; Con un acto institucional, se realiz\u00f3 la inauguraci\u00f3n de la sede del Museo Policial ubicada en la capital provincial. El secretario de Cultura de Entre R\u00edos, Fabi\u00e1n Reato, particip\u00f3 de la actividad con el prop\u00f3sito de celebrar con la comunidad la reapertura de [&hellip;]<\/p>\n","protected":false},"author":5,"featured_media":10976,"comment_status":"open","ping_status":"open","sticky":false,"template":"","format":"standard","meta":{"_et_pb_use_builder":"off","_et_pb_old_content":"","_et_gb_content_width":"","footnotes":""},"categories":[1,28],"tags":[],"class_list":["post-10978","post","type-post","status-publish","format-standard","has-post-thumbnail","hentry","category-destacado","category-noticias"],"_links":{"self":[{"href":"https:\/\/www.entrerios.gov.ar\/cultura\/wp-json\/wp\/v2\/posts\/10978","targetHints":{"allow":["GET"]}}],"collection":[{"href":"https:\/\/www.entrerios.gov.ar\/cultura\/wp-json\/wp\/v2\/posts"}],"about":[{"href":"https:\/\/www.entrerios.gov.ar\/cultura\/wp-json\/wp\/v2\/types\/post"}],"author":[{"embeddable":true,"href":"https:\/\/www.entrerios.gov.ar\/cultura\/wp-json\/wp\/v2\/users\/5"}],"replies":[{"embeddable":true,"href":"https:\/\/www.entrerios.gov.ar\/cultura\/wp-json\/wp\/v2\/comments?post=10978"}],"version-history":[{"count":2,"href":"https:\/\/www.entrerios.gov.ar\/cultura\/wp-json\/wp\/v2\/posts\/10978\/revisions"}],"predecessor-version":[{"id":10980,"href":"https:\/\/www.entrerios.gov.ar\/cultura\/wp-json\/wp\/v2\/posts\/10978\/revisions\/10980"}],"wp:featuredmedia":[{"embeddable":true,"href":"https:\/\/www.entrerios.gov.ar\/cultura\/wp-json\/wp\/v2\/media\/10976"}],"wp:attachment":[{"href":"https:\/\/www.entrerios.gov.ar\/cultura\/wp-json\/wp\/v2\/media?parent=10978"}],"wp:term":[{"taxonomy":"category","embeddable":true,"href":"https:\/\/www.entrerios.gov.ar\/cultura\/wp-json\/wp\/v2\/categories?post=10978"},{"taxonomy":"post_tag","embeddable":true,"href":"https:\/\/www.entrerios.gov.ar\/cultura\/wp-json\/wp\/v2\/tags?post=10978"}],"curies":[{"name":"wp","href":"https:\/\/api.w.org\/{rel}","templated":true}]}}