{"id":10981,"date":"2024-06-01T16:44:04","date_gmt":"2024-06-01T16:44:04","guid":{"rendered":"https:\/\/www.entrerios.gov.ar\/cultura\/?p=10981"},"modified":"2025-02-20T21:40:44","modified_gmt":"2025-02-20T21:40:44","slug":"el-ciclo-usina-en-pena-colmo-de-publico-el-centro-cultural-provincial","status":"publish","type":"post","link":"https:\/\/www.entrerios.gov.ar\/cultura\/el-ciclo-usina-en-pena-colmo-de-publico-el-centro-cultural-provincial\/","title":{"rendered":"El ciclo Usina en Pe\u00f1a colm\u00f3 de p\u00fablico el centro cultural provincial"},"content":{"rendered":"\n<p>La propuesta de m\u00fasica, danza y talleres convoc\u00f3 a personas de distintas edades que llenaron el espacio de la sala. Las actividades empezaron a las 19 del viernes y se extendieron hasta pasada la medianoche. La organizaci\u00f3n estuvo a cargo de la Secretar\u00eda de Cultura de Entre R\u00edos, junto a gestores y hacedores culturales locales.<\/p>\n\n\n\n<p>.<\/p>\n\n\n\n<p>El Centro Cultural y de Convenciones de la provincia La Vieja Usina fue nuevamente el escenario de una propuesta que convoc\u00f3 a una importante cantidad de asistentes. El viernes, al anochecer, comenz\u00f3 la agenda de una nueva edici\u00f3n del ciclo Usina en Pe\u00f1a, una actividad instrumentada por la Secretar\u00eda de Cultura de Entre R\u00edos, en articulaci\u00f3n con gestores y hacedores culturales de la ciudad.<\/p>\n\n\n\n<p>M\u00fasica folcl\u00f3rica, parejas del p\u00fablico ganando la pista para bailar chamam\u00e9, integrantes de ballet interpretando el peric\u00f3n y una oferta en gastronom\u00eda fueron algunos de los atractivos de la jornada, que se extendi\u00f3 hasta pasada la medianoche cuando se habilit\u00f3 -sin inscripci\u00f3n previa- un micr\u00f3fono abierto para artistas emergentes.<\/p>\n\n\n\n<p>La coordinaci\u00f3n de la propuesta estuvo a cargo de la profesora de danzas y gestora cultural, Natalia Varon, y entre los objetivos se plante\u00f3 \u201cla creaci\u00f3n de un corredor art\u00edstico del g\u00e9nero festivo folcl\u00f3rico que potencia el trabajo colectivo y solidario\u201d.<\/p>\n\n\n\n<figure class=\"wp-block-image size-large\"><img decoding=\"async\" src=\"https:\/\/www.entrerios.gov.ar\/cultura\/wp-content\/uploads\/2024\/06\/VIEJA-USINA-PENA-1024x683.jpg\" alt=\"\" class=\"wp-image-10983\"\/><\/figure>\n\n\n\n<p>Encuentro, aprendizaje y esparcimiento fueron tambi\u00e9n metas puestas por los organizadores con el fin tambi\u00e9n de visibilizar el trabajo de diversas escuelas, compa\u00f1\u00edas, m\u00fasicos, artistas microemprendedores y grupos de danzas.<\/p>\n\n\n\n<p>La entrada fue libre y gratuita y cont\u00f3 con un programa atrayente para distintos p\u00fablicos. Comenz\u00f3 a las 19 con un taller a cargo de los profesores Luciana Rios y Alejandro Ledesma.&nbsp;Luego, fue el turno de los m\u00fasicos -entre ellos Los Del Litoral, Amigos del bar, &nbsp;H\u00e9ctor Vel\u00e1zquez y su conjunto y La Chinita del Acorde\u00f3n- y de la danza de la mano de los grupos Tekoayhu, Quimera y Grito Sagrado.<\/p>\n\n\n\n<p>El evento cont\u00f3 con un espacio de cartelera colaborativa para las personas vinculadas a la actividad para publicitar sus eventos autogestivos y con un servicio de cantina \u2013en la que se pudo conseguir hamburguesas, chorip\u00e1n y torta fritas- a cargo de las escuelas de danza participantes.<\/p>\n\n\n\n<p><strong>El ciclo contin\u00faa en junio<\/strong><\/p>\n\n\n\n<p>El ciclo tendr\u00e1 un encuentro por mes hasta fin de a\u00f1o. El inicio, concretado este viernes, estuvo a cargo de la escuela de danzas \u201cLos Nonos\u201d, que agrupa talleres autogestivos de danzas que se van presentando en diversas actividades culturales. Los grupos act\u00faan en pe\u00f1as o festivales de capillas, escuelas primarias y eventos solidarios y desarrollan actividad en diversos espacios, cada taller cuenta con 10 estudiantes aproximadamente de diversas edades (desde infantiles iniciando a los seis a\u00f1os, hasta personas mayores).\u00a0 El pr\u00f3ximo encuentro de Usina en Pe\u00f1a ser\u00e1 el 21 de junio y estar\u00e1 a cargo de la escuela de danza El Basti\u00f3n.<\/p>\n\n\n\n<p><\/p>\n","protected":false},"excerpt":{"rendered":"<p>La propuesta de m\u00fasica, danza y talleres convoc\u00f3 a personas de distintas edades que llenaron el espacio de la sala. Las actividades empezaron a las 19 del viernes y se extendieron hasta pasada la medianoche. La organizaci\u00f3n estuvo a cargo de la Secretar\u00eda de Cultura de Entre R\u00edos, junto a gestores y hacedores culturales locales. [&hellip;]<\/p>\n","protected":false},"author":50,"featured_media":0,"comment_status":"open","ping_status":"open","sticky":false,"template":"","format":"standard","meta":{"_et_pb_use_builder":"off","_et_pb_old_content":"","_et_gb_content_width":"","footnotes":""},"categories":[28,18],"tags":[],"class_list":["post-10981","post","type-post","status-publish","format-standard","hentry","category-noticias","category-centro-cultural-la-vieja-usina"],"_links":{"self":[{"href":"https:\/\/www.entrerios.gov.ar\/cultura\/wp-json\/wp\/v2\/posts\/10981","targetHints":{"allow":["GET"]}}],"collection":[{"href":"https:\/\/www.entrerios.gov.ar\/cultura\/wp-json\/wp\/v2\/posts"}],"about":[{"href":"https:\/\/www.entrerios.gov.ar\/cultura\/wp-json\/wp\/v2\/types\/post"}],"author":[{"embeddable":true,"href":"https:\/\/www.entrerios.gov.ar\/cultura\/wp-json\/wp\/v2\/users\/50"}],"replies":[{"embeddable":true,"href":"https:\/\/www.entrerios.gov.ar\/cultura\/wp-json\/wp\/v2\/comments?post=10981"}],"version-history":[{"count":1,"href":"https:\/\/www.entrerios.gov.ar\/cultura\/wp-json\/wp\/v2\/posts\/10981\/revisions"}],"predecessor-version":[{"id":12697,"href":"https:\/\/www.entrerios.gov.ar\/cultura\/wp-json\/wp\/v2\/posts\/10981\/revisions\/12697"}],"wp:attachment":[{"href":"https:\/\/www.entrerios.gov.ar\/cultura\/wp-json\/wp\/v2\/media?parent=10981"}],"wp:term":[{"taxonomy":"category","embeddable":true,"href":"https:\/\/www.entrerios.gov.ar\/cultura\/wp-json\/wp\/v2\/categories?post=10981"},{"taxonomy":"post_tag","embeddable":true,"href":"https:\/\/www.entrerios.gov.ar\/cultura\/wp-json\/wp\/v2\/tags?post=10981"}],"curies":[{"name":"wp","href":"https:\/\/api.w.org\/{rel}","templated":true}]}}