{"id":10997,"date":"2024-06-03T14:20:05","date_gmt":"2024-06-03T14:20:05","guid":{"rendered":"https:\/\/www.entrerios.gov.ar\/cultura\/?p=10997"},"modified":"2024-06-03T14:20:06","modified_gmt":"2024-06-03T14:20:06","slug":"se-celebrara-el-dia-mundial-del-ambiente-en-la-vieja-usina","status":"publish","type":"post","link":"https:\/\/www.entrerios.gov.ar\/cultura\/se-celebrara-el-dia-mundial-del-ambiente-en-la-vieja-usina\/","title":{"rendered":"Se celebrar\u00e1 el D\u00eda Mundial del Ambiente en La Vieja Usina"},"content":{"rendered":"\n<p>En el centro cultural provincial que depende de la Secretar\u00eda de Cultura de Entre R\u00edos, se realizar\u00e1 este mi\u00e9rcoles una Jornada de Educaci\u00f3n Ambiental denominada \u201cSembrando futuro\u201d con la participaci\u00f3n de ni\u00f1os y adolescentes de escuelas de Paran\u00e1. La actividad dar\u00e1 comienzo a las 8.30 y es organizada por La Vieja Usina, Fundaci\u00f3n CAUCE y Hacemos Verde.<\/p>\n\n\n\n<p>En el D\u00eda Mundial del Ambiente, 5 de junio, la jornada comenzar\u00e1 con palabras de bienvenida a cargo de los organizadores en la Sala de Convenciones de La Vieja Usina.<\/p>\n\n\n\n<p>Las actividades para los ni\u00f1os y ni\u00f1as de jard\u00edn y primaria incluye la teatralizaci\u00f3n del cuento \u201cLos guardianes del planeta\u201d a cargo de Hacemos Verde, donde tambi\u00e9n se brindar\u00e1 un espacio para aprender jugando. Se introducir\u00e1n temas como las emociones, alimentaci\u00f3n, limpieza del r\u00edo y separaci\u00f3n de residuos, la flora y fauna nativa, entre otros.&nbsp;<\/p>\n\n\n\n<p>Adem\u00e1s, los ni\u00f1os del jard\u00edn de la Escuela Normal har\u00e1n representaciones sobre educaci\u00f3n ambiental. Por \u00faltimo, habr\u00e1 una actividad de cierre y un pacto de compromiso de cuidado del planeta con todos los participantes.<\/p>\n\n\n\n<p>Por otra parte, en simult\u00e1neo, en la Sala Ver\u00f3nica Kuttel, se compartir\u00e1 con estudiantes de la secundaria el cortometraje \u201cPescantora\u201d<strong>&nbsp;<\/strong>con la presencia de su director, Fabio Marcelo Bonell, quien brindar\u00e1 algunas palabras sobre el proyecto.&nbsp;<\/p>\n\n\n\n<p>Seguidamente, la Secretaria de Ambiente de la Provincia dar\u00e1 una charla sobre sus actividades espec\u00edficas relacionadas a la tem\u00e1tica y, luego la fundaci\u00f3n CAUCE brindar\u00e1 un taller sobre democracia ambiental.&nbsp;<\/p>\n\n\n\n<p>La programaci\u00f3n tambi\u00e9n incluye un taller de flora nativa brindado por la Facultad de Ciencia y Tecnolog\u00eda de la Universidad Aut\u00f3noma de Entre R\u00edos, seguido de una charla de energ\u00edas renovables coordinado por ENERSA. La actividad concluir\u00e1 con un espacio de intercambio con los estudiantes.&nbsp;<\/p>\n\n\n\n<p>Por \u00faltimo, en conjunto con la Cooperativa del MTE \u201cRecicladores del Paran\u00e1\u201d, ni\u00f1os y ni\u00f1as reciclar\u00e1n elementos, promoviendo la importancia de la separaci\u00f3n de residuos y su buena gesti\u00f3n.<\/p>\n\n\n\n<p>Participar\u00e1n del evento la Secretar\u00eda de Ambiente del Gobierno de Entre R\u00edos, la Facultad de Ciencia y Tecnolog\u00eda de la Universidad Aut\u00f3noma de Entre R\u00edos, ENERSA, Fundaci\u00f3n CAUCE, Hacemos Verde, Fabrica Feliz, Quanta Reciclaje,&nbsp;<em>Pescantora<\/em>&nbsp;(Cortometraje de Fabio Bonell), y Cooperativa MTE Recicladores del Paran\u00e1.<\/p>\n\n\n\n<p><strong>D\u00eda Mundial del Medio Ambiente<\/strong><\/p>\n\n\n\n<p>Sobre el d\u00eda que se conmemora los organizadores del evento subrayan: \u201cEl&nbsp; mensaje de la ONU (Organizaci\u00f3n de las Naciones Unidas) para 2024 se centra en restaurar las tierras, detener la desertificaci\u00f3n y fortalecer la resiliencia a la sequ\u00eda bajo el lema \u00abNuestras tierras. Nuestro futuro. Somos la #Generaci\u00f3nRestauraci\u00f3n\u00bb. No podemos retroceder en el tiempo, pero s\u00ed podemos hacer crecer los bosques, revitalizar las fuentes de agua y restaurar los suelos. Somos la generaci\u00f3n que puede hacer la paz con las tierras\u201d.<\/p>\n","protected":false},"excerpt":{"rendered":"<p>En el centro cultural provincial que depende de la Secretar\u00eda de Cultura de Entre R\u00edos, se realizar\u00e1 este mi\u00e9rcoles una Jornada de Educaci\u00f3n Ambiental denominada \u201cSembrando futuro\u201d con la participaci\u00f3n de ni\u00f1os y adolescentes de escuelas de Paran\u00e1. La actividad dar\u00e1 comienzo a las 8.30 y es organizada por La Vieja Usina, Fundaci\u00f3n CAUCE y [&hellip;]<\/p>\n","protected":false},"author":5,"featured_media":10998,"comment_status":"open","ping_status":"open","sticky":false,"template":"","format":"standard","meta":{"_et_pb_use_builder":"off","_et_pb_old_content":"","_et_gb_content_width":"","footnotes":""},"categories":[1,28,18],"tags":[],"class_list":["post-10997","post","type-post","status-publish","format-standard","has-post-thumbnail","hentry","category-destacado","category-noticias","category-centro-cultural-la-vieja-usina"],"_links":{"self":[{"href":"https:\/\/www.entrerios.gov.ar\/cultura\/wp-json\/wp\/v2\/posts\/10997","targetHints":{"allow":["GET"]}}],"collection":[{"href":"https:\/\/www.entrerios.gov.ar\/cultura\/wp-json\/wp\/v2\/posts"}],"about":[{"href":"https:\/\/www.entrerios.gov.ar\/cultura\/wp-json\/wp\/v2\/types\/post"}],"author":[{"embeddable":true,"href":"https:\/\/www.entrerios.gov.ar\/cultura\/wp-json\/wp\/v2\/users\/5"}],"replies":[{"embeddable":true,"href":"https:\/\/www.entrerios.gov.ar\/cultura\/wp-json\/wp\/v2\/comments?post=10997"}],"version-history":[{"count":1,"href":"https:\/\/www.entrerios.gov.ar\/cultura\/wp-json\/wp\/v2\/posts\/10997\/revisions"}],"predecessor-version":[{"id":10999,"href":"https:\/\/www.entrerios.gov.ar\/cultura\/wp-json\/wp\/v2\/posts\/10997\/revisions\/10999"}],"wp:featuredmedia":[{"embeddable":true,"href":"https:\/\/www.entrerios.gov.ar\/cultura\/wp-json\/wp\/v2\/media\/10998"}],"wp:attachment":[{"href":"https:\/\/www.entrerios.gov.ar\/cultura\/wp-json\/wp\/v2\/media?parent=10997"}],"wp:term":[{"taxonomy":"category","embeddable":true,"href":"https:\/\/www.entrerios.gov.ar\/cultura\/wp-json\/wp\/v2\/categories?post=10997"},{"taxonomy":"post_tag","embeddable":true,"href":"https:\/\/www.entrerios.gov.ar\/cultura\/wp-json\/wp\/v2\/tags?post=10997"}],"curies":[{"name":"wp","href":"https:\/\/api.w.org\/{rel}","templated":true}]}}