{"id":11028,"date":"2024-06-07T00:20:35","date_gmt":"2024-06-07T00:20:35","guid":{"rendered":"https:\/\/www.entrerios.gov.ar\/cultura\/?p=11028"},"modified":"2025-02-20T21:41:08","modified_gmt":"2025-02-20T21:41:08","slug":"es-un-paso-fundamental-haber-logrado-la-aprobacion-en-diputados-de-la-emergencia-del-patrimonio-cultural","status":"publish","type":"post","link":"https:\/\/www.entrerios.gov.ar\/cultura\/es-un-paso-fundamental-haber-logrado-la-aprobacion-en-diputados-de-la-emergencia-del-patrimonio-cultural\/","title":{"rendered":"\u201cEs un paso fundamental haber logrado la aprobaci\u00f3n en Diputados de la emergencia del patrimonio cultural\u201d"},"content":{"rendered":"\n<p><\/p>\n\n\n\n<p>El Secretario de Cultura de Entre R\u00edos, Fabi\u00e1n Reato, expres\u00f3 su satisfacci\u00f3n tras la sanci\u00f3n en la C\u00e1mara de Diputados del proyecto de ley que declara el estado de emergencia del patrimonio cultural e hist\u00f3rico de la provincia.&nbsp;<\/p>\n\n\n\n<p>\u201cEs un paso fundamental haber logrado la aprobaci\u00f3n en Diputados de la emergencia del patrimonio cultural\u201d, dijo al referirse a la media sanci\u00f3n de la iniciativa. Seguidamente, remarc\u00f3 que se deben atender de manera urgente inconvenientes en edificios, donde funcionan museos y organismos de Cultura que resguardan \u201cpatrimonio muy valioso para los entrerrianos\u201d.&nbsp;<\/p>\n\n\n\n<p>Este mi\u00e9rcoles, la C\u00e1mara de Diputados de la provincia aprob\u00f3 por mayor\u00eda el proyecto del oficialismo que declara la emergencia para la preservaci\u00f3n de edificios hist\u00f3ricos, obras de arte y monumentos.<\/p>\n\n\n\n<p>La iniciativa fue presentada por la diputada Gabriela Lena (Juntos por Entre R\u00edos), quien se aboc\u00f3 al estudio de la situaci\u00f3n planteada al inicio de la gesti\u00f3n por la Secretar\u00eda de Cultura de la provincia, que contempla un pormenorizado relevamiento de las condiciones de los inmuebles a su cargo. El informe detalla, de acuerdo al estado actual, tres grupos de edificios: los que necesitan una urgente intervenci\u00f3n, los que requieren obras en un mediano plazo y los que se encuentran en buenas condiciones. Entre los primeros se encuentran: el Museo y Mercado Provincial de Artesan\u00edas \u201cCarlos Asiain\u201d, que permanece cerrado debido a las graves deficiencias edilicias; el Museo de Ciencias Naturales y Antropol\u00f3gicas Prof. Antonio Serrano; el Museo de Bellas Artes Dr. Pedro E. Mart\u00ednez; la Casa de la Cultura de Entre R\u00edos \u201cArq. Luis F. Enr\u00eda\u201d; la Editorial de Entre R\u00edos y el Centro Cultural y de Convenciones \u201cLa Vieja Usina\u201d. Las instituciones mencionadas funcionan en edificios ubicados en Paran\u00e1, mientras que tambi\u00e9n se encuentra en la lista el Museo de la Imagen de Concordia.&nbsp;&nbsp;<\/p>\n\n\n\n<p>En cuanto a lo que significa contar con la declaraci\u00f3n de la emergencia, el secretario de Cultura explic\u00f3: \u201cEs un instrumento legal que nos permitir\u00e1 agilizar todos los tr\u00e1mites relacionados a la licitaci\u00f3n de obras para la refacci\u00f3n y puesta en valor de los edificios declarados patrimonio cultural de la provincia, donde funcionan instituciones u organismos de la Secretar\u00eda de Cultura\u201d. La necesidad de acelerar los tiempos se debe a que el sistema de contrataci\u00f3n del Estado es burocr\u00e1tico e implica tramitaciones prolongadas que demandan seis meses o m\u00e1s para las licitaciones, lo que genera desfases de precios y desalienta a las empresas participantes.<\/p>\n\n\n\n<p>En ese sentido, mencion\u00f3 el caso del Museo y Mercado de Artesan\u00edas, cuyo tr\u00e1mite para realizar los arreglos se inici\u00f3 hace casi dos meses y todav\u00eda no se ha llegado a concretar el cotejo de precios, paso previo para reci\u00e9n despu\u00e9s encarar la compra de materiales y membrana para los techos. El museo, que funciona en calle Urquiza de Paran\u00e1, permanece transitoriamente cerrado al p\u00fablico desde abril pasado debido a las condiciones edilicias.<\/p>\n","protected":false},"excerpt":{"rendered":"<p>El Secretario de Cultura de Entre R\u00edos, Fabi\u00e1n Reato, expres\u00f3 su satisfacci\u00f3n tras la sanci\u00f3n en la C\u00e1mara de Diputados del proyecto de ley que declara el estado de emergencia del patrimonio cultural e hist\u00f3rico de la provincia.&nbsp; \u201cEs un paso fundamental haber logrado la aprobaci\u00f3n en Diputados de la emergencia del patrimonio cultural\u201d, dijo [&hellip;]<\/p>\n","protected":false},"author":50,"featured_media":0,"comment_status":"open","ping_status":"open","sticky":false,"template":"","format":"standard","meta":{"_et_pb_use_builder":"off","_et_pb_old_content":"","_et_gb_content_width":"","footnotes":""},"categories":[28],"tags":[],"class_list":["post-11028","post","type-post","status-publish","format-standard","hentry","category-noticias"],"_links":{"self":[{"href":"https:\/\/www.entrerios.gov.ar\/cultura\/wp-json\/wp\/v2\/posts\/11028","targetHints":{"allow":["GET"]}}],"collection":[{"href":"https:\/\/www.entrerios.gov.ar\/cultura\/wp-json\/wp\/v2\/posts"}],"about":[{"href":"https:\/\/www.entrerios.gov.ar\/cultura\/wp-json\/wp\/v2\/types\/post"}],"author":[{"embeddable":true,"href":"https:\/\/www.entrerios.gov.ar\/cultura\/wp-json\/wp\/v2\/users\/50"}],"replies":[{"embeddable":true,"href":"https:\/\/www.entrerios.gov.ar\/cultura\/wp-json\/wp\/v2\/comments?post=11028"}],"version-history":[{"count":1,"href":"https:\/\/www.entrerios.gov.ar\/cultura\/wp-json\/wp\/v2\/posts\/11028\/revisions"}],"predecessor-version":[{"id":12693,"href":"https:\/\/www.entrerios.gov.ar\/cultura\/wp-json\/wp\/v2\/posts\/11028\/revisions\/12693"}],"wp:attachment":[{"href":"https:\/\/www.entrerios.gov.ar\/cultura\/wp-json\/wp\/v2\/media?parent=11028"}],"wp:term":[{"taxonomy":"category","embeddable":true,"href":"https:\/\/www.entrerios.gov.ar\/cultura\/wp-json\/wp\/v2\/categories?post=11028"},{"taxonomy":"post_tag","embeddable":true,"href":"https:\/\/www.entrerios.gov.ar\/cultura\/wp-json\/wp\/v2\/tags?post=11028"}],"curies":[{"name":"wp","href":"https:\/\/api.w.org\/{rel}","templated":true}]}}