{"id":11081,"date":"2024-06-13T18:02:00","date_gmt":"2024-06-13T18:02:00","guid":{"rendered":"https:\/\/www.entrerios.gov.ar\/cultura\/?p=11081"},"modified":"2024-06-14T11:13:47","modified_gmt":"2024-06-14T11:13:47","slug":"numerosos-grupos-escolares-celebran-la-semana-del-libro-en-la-biblioteca-provincial","status":"publish","type":"post","link":"https:\/\/www.entrerios.gov.ar\/cultura\/numerosos-grupos-escolares-celebran-la-semana-del-libro-en-la-biblioteca-provincial\/","title":{"rendered":"Numerosos grupos escolares celebran la Semana del Libro en la Biblioteca Provincial\u00a0"},"content":{"rendered":"\n<p>Convocados desde el organismo dependiente de la Secretar\u00eda de Cultura de Entre R\u00edos, las delegaciones fueron destinatarias de charlas, narraciones y caf\u00e9 literario. Las actividades que comenzaron el lunes, concluyen este viernes con escuelas secundarias. Ni\u00f1os y ni\u00f1as visitaron la instituci\u00f3n por primera vez.<\/p>\n\n\n\n<p>Desde la Biblioteca Provincial de Entre R\u00edos se estima que durante la semana circular\u00e1n unos 800 ni\u00f1os y adolescentes. El prop\u00f3sito de la iniciativa es resaltar el valor de la lectura e invitar a recorrer la biblioteca que se ubica en Paran\u00e1. Las propuestas coinciden con la semana del 15 de junio, fecha en la que se celebra el D\u00eda del Libro.<\/p>\n\n\n\n<p>Desde las primeras horas del lunes, la Biblioteca recibi\u00f3 escuelas primarias de Paran\u00e1 ofreciendo un programa que incluy\u00f3 charlas explicativas, recorridos por las instalaciones y narraciones. Tambi\u00e9n hubo momentos de juegos, refrigerio, cuentos narrados y dibujos en el patio. La escena se repiti\u00f3 cada d\u00eda y concluye este viernes con grupos del secundario.&nbsp;<\/p>\n\n\n\n<p><strong>La primera visita a la Biblioteca&nbsp;<\/strong><\/p>\n\n\n\n<p>Inaugurando la semana, unos 53 ni\u00f1os y ni\u00f1as de 3er y 4to grado de las escuelas primarias Rep\u00fablica de Entre R\u00edos, Galileo Galilei por la ma\u00f1ana, y Ernesto Alejandro Bavio por la tarde, fueron recibidos por trabajadores del organismo. En toda la jornada hubo una circulaci\u00f3n de 100 ni\u00f1os y ni\u00f1as, acompa\u00f1ados de sus docentes, y ninguno de ellos hab\u00eda visitado la biblioteca.<\/p>\n\n\n\n<p>En un inicio, los contingentes de peque\u00f1os se agruparon en la sala de lectura para participar de una charla introductoria junto a las herramientas antiguas de la biblioteca, que se encuentra pr\u00f3xima a cumplir 50 a\u00f1os en la casona de Alameda de la Federaci\u00f3n 278.<\/p>\n\n\n\n<p>Los anfitriones explicaron detalles del trabajo de la instituci\u00f3n, como la asistencia a los usuarios que se acercan de manera presencial y tambi\u00e9n a aquellos que hacen consultas de forma remota a trav\u00e9s del correo electr\u00f3nico o las redes sociales.&nbsp;<\/p>\n\n\n\n<figure class=\"wp-block-image\"><img loading=\"lazy\" decoding=\"async\" width=\"1600\" height=\"1067\" src=\"https:\/\/www.entrerios.gov.ar\/cultura\/wp-content\/uploads\/2024\/06\/image-5.jpeg\" alt=\"\" class=\"wp-image-11084\" srcset=\"https:\/\/www.entrerios.gov.ar\/cultura\/wp-content\/uploads\/2024\/06\/image-5.jpeg 1600w, https:\/\/www.entrerios.gov.ar\/cultura\/wp-content\/uploads\/2024\/06\/image-5-1280x854.jpeg 1280w, https:\/\/www.entrerios.gov.ar\/cultura\/wp-content\/uploads\/2024\/06\/image-5-980x654.jpeg 980w, https:\/\/www.entrerios.gov.ar\/cultura\/wp-content\/uploads\/2024\/06\/image-5-480x320.jpeg 480w\" sizes=\"auto, (min-width: 0px) and (max-width: 480px) 480px, (min-width: 481px) and (max-width: 980px) 980px, (min-width: 981px) and (max-width: 1280px) 1280px, (min-width: 1281px) 1600px, 100vw\" \/><\/figure>\n\n\n\n<p>Parte de la visita fue el reconocimiento de las vitrinas del hall con las efem\u00e9rides. Ingresando ya en los recintos no p\u00fablicos, donde se guardan los ejemplares, los chicos tuvieron oportunidad de ver un voluminoso bibliorato del diario La Acci\u00f3n de Paran\u00e1 fechado en 1921. All\u00ed, los peque\u00f1os se sorprendieron al estar en contacto con una publicaci\u00f3n con m\u00e1s de 100 a\u00f1os de antig\u00fcedad.&nbsp;<\/p>\n\n\n\n<p>M\u00e1s tarde, visitaron tambi\u00e9n los anaqueles y el \u00e1rea de conservaci\u00f3n donde tuvieron la oportunidad de reconocer los materiales con lo que se protegen los libros que ya est\u00e1n maltratados por el tiempo.&nbsp;<\/p>\n\n\n\n<p>En el patio externo se dispusieron las peque\u00f1as mesas y sillas en grupos, tambi\u00e9n hubo oportunidad para realizar dibujos, colorear y hacer sopas de letras.<\/p>\n\n\n\n<p><strong>Narraciones para jardines<\/strong><\/p>\n\n\n\n<p>Unas 400 personas circularon el martes para participar de la misma propuesta distribuidas en dos turnos: ma\u00f1ana y siesta. En este caso, asistieron tambi\u00e9n jardines de infantes. En el marco de la jornada particip\u00f3 la narradora oral \u00c9lida Sola -que cuenta con m\u00e1s de 20 a\u00f1os de experiencia en la actividad- quien comparti\u00f3 cuentos a los peque\u00f1os en el auditorio del patio de la biblioteca. \u201cPara m\u00ed es una hermosa experiencia, y la biblioteca es el \u00e1mbito ideal para los cuentos. La devoluci\u00f3n y el cari\u00f1o es hermoso, siempre se recibe el doble de lo que uno da\u201d, afirm\u00f3 Sola.<\/p>\n\n\n\n<p>En otro momento tambi\u00e9n expres\u00f3 que las herramientas l\u00fadicas, como las im\u00e1genes y los t\u00edteres, colaboran con captar la atenci\u00f3n de los chicos. \u201cEl t\u00edtere es una herramienta maravillosa. A veces las voy mezclando con alguna canci\u00f3n o con poes\u00eda y eso logra mantener a los chicos atentos\u201d. Otra cuesti\u00f3n muy importante que la narradora subray\u00f3 fue la participaci\u00f3n de los peque\u00f1os en el relato con intervenciones, comentarios y preguntas.<\/p>\n\n\n\n<figure class=\"wp-block-image\"><img loading=\"lazy\" decoding=\"async\" width=\"1600\" height=\"1067\" src=\"https:\/\/www.entrerios.gov.ar\/cultura\/wp-content\/uploads\/2024\/06\/image-6.jpeg\" alt=\"\" class=\"wp-image-11085\" srcset=\"https:\/\/www.entrerios.gov.ar\/cultura\/wp-content\/uploads\/2024\/06\/image-6.jpeg 1600w, https:\/\/www.entrerios.gov.ar\/cultura\/wp-content\/uploads\/2024\/06\/image-6-1280x854.jpeg 1280w, https:\/\/www.entrerios.gov.ar\/cultura\/wp-content\/uploads\/2024\/06\/image-6-980x654.jpeg 980w, https:\/\/www.entrerios.gov.ar\/cultura\/wp-content\/uploads\/2024\/06\/image-6-480x320.jpeg 480w\" sizes=\"auto, (min-width: 0px) and (max-width: 480px) 480px, (min-width: 481px) and (max-width: 980px) 980px, (min-width: 981px) and (max-width: 1280px) 1280px, (min-width: 1281px) 1600px, 100vw\" \/><\/figure>\n\n\n\n<p><strong>Testimonio docente<\/strong><\/p>\n\n\n\n<p>Varias de los docentes acompa\u00f1antes de los escolares coincidieron en afirmar que la invitaci\u00f3n de la Biblioteca es una oportunidad muy interesante para las infancias.&nbsp;<\/p>\n\n\n\n<p>Verena, docente de la escuela Galileo Galilei, cont\u00f3: \u201cEn 4to. grado trabajamos todo lo que es Entre R\u00edos y los departamentos de la provincia. Esta salida y visita les viene muy bien. La propuesta fue una invitaci\u00f3n que lleg\u00f3 a la escuela\u201d. La docente tambi\u00e9n reforz\u00f3 la idea de que con esta iniciativa los chicos salen de su rutina y les entusiasma.<\/p>\n\n\n\n<p>Adem\u00e1s de la Galileo, tambi\u00e9n participaron las instituciones Rep\u00fablica de Entre R\u00edos, Bavio, Del Centenario, Luz Vieira M\u00e9ndez, y La Salle de Paran\u00e1.&nbsp; El jueves asisti\u00f3 a la escuela secundaria N\u00b072 del Bicentenario de Hasenkamp.<\/p>\n\n\n\n<figure class=\"wp-block-image\"><img loading=\"lazy\" decoding=\"async\" width=\"1600\" height=\"1067\" src=\"https:\/\/www.entrerios.gov.ar\/cultura\/wp-content\/uploads\/2024\/06\/image-4.jpeg\" alt=\"\" class=\"wp-image-11083\" srcset=\"https:\/\/www.entrerios.gov.ar\/cultura\/wp-content\/uploads\/2024\/06\/image-4.jpeg 1600w, https:\/\/www.entrerios.gov.ar\/cultura\/wp-content\/uploads\/2024\/06\/image-4-1280x854.jpeg 1280w, https:\/\/www.entrerios.gov.ar\/cultura\/wp-content\/uploads\/2024\/06\/image-4-980x654.jpeg 980w, https:\/\/www.entrerios.gov.ar\/cultura\/wp-content\/uploads\/2024\/06\/image-4-480x320.jpeg 480w\" sizes=\"auto, (min-width: 0px) and (max-width: 480px) 480px, (min-width: 481px) and (max-width: 980px) 980px, (min-width: 981px) and (max-width: 1280px) 1280px, (min-width: 1281px) 1600px, 100vw\" \/><\/figure>\n\n\n\n<p><strong>Una cita con la literatura policial<\/strong><\/p>\n\n\n\n<p>Desde la Biblioteca invitaron a la \u00faltima actividad de la semana: un caf\u00e9 literario de literatura policial. Ser\u00e1n cuentos entrerrianos, argentinos y extranjeros; y se brindar\u00e1 un refrigerio. El encuentro\u00a0comenzar\u00e1 este viernes a las 9 de la ma\u00f1ana y est\u00e1 confirmada la participaci\u00f3n de la escuela secundaria del Huerto de Paran\u00e1, entre otras.\u00a0<\/p>\n","protected":false},"excerpt":{"rendered":"<p>Convocados desde el organismo dependiente de la Secretar\u00eda de Cultura de Entre R\u00edos, las delegaciones fueron destinatarias de charlas, narraciones y caf\u00e9 literario. Las actividades que comenzaron el lunes, concluyen este viernes con escuelas secundarias. Ni\u00f1os y ni\u00f1as visitaron la instituci\u00f3n por primera vez. Desde la Biblioteca Provincial de Entre R\u00edos se estima que durante [&hellip;]<\/p>\n","protected":false},"author":5,"featured_media":11082,"comment_status":"open","ping_status":"open","sticky":false,"template":"","format":"standard","meta":{"_et_pb_use_builder":"off","_et_pb_old_content":"","_et_gb_content_width":"","footnotes":""},"categories":[1,28,5],"tags":[],"class_list":["post-11081","post","type-post","status-publish","format-standard","has-post-thumbnail","hentry","category-destacado","category-noticias","category-biblioteca-provincial"],"_links":{"self":[{"href":"https:\/\/www.entrerios.gov.ar\/cultura\/wp-json\/wp\/v2\/posts\/11081","targetHints":{"allow":["GET"]}}],"collection":[{"href":"https:\/\/www.entrerios.gov.ar\/cultura\/wp-json\/wp\/v2\/posts"}],"about":[{"href":"https:\/\/www.entrerios.gov.ar\/cultura\/wp-json\/wp\/v2\/types\/post"}],"author":[{"embeddable":true,"href":"https:\/\/www.entrerios.gov.ar\/cultura\/wp-json\/wp\/v2\/users\/5"}],"replies":[{"embeddable":true,"href":"https:\/\/www.entrerios.gov.ar\/cultura\/wp-json\/wp\/v2\/comments?post=11081"}],"version-history":[{"count":2,"href":"https:\/\/www.entrerios.gov.ar\/cultura\/wp-json\/wp\/v2\/posts\/11081\/revisions"}],"predecessor-version":[{"id":11092,"href":"https:\/\/www.entrerios.gov.ar\/cultura\/wp-json\/wp\/v2\/posts\/11081\/revisions\/11092"}],"wp:featuredmedia":[{"embeddable":true,"href":"https:\/\/www.entrerios.gov.ar\/cultura\/wp-json\/wp\/v2\/media\/11082"}],"wp:attachment":[{"href":"https:\/\/www.entrerios.gov.ar\/cultura\/wp-json\/wp\/v2\/media?parent=11081"}],"wp:term":[{"taxonomy":"category","embeddable":true,"href":"https:\/\/www.entrerios.gov.ar\/cultura\/wp-json\/wp\/v2\/categories?post=11081"},{"taxonomy":"post_tag","embeddable":true,"href":"https:\/\/www.entrerios.gov.ar\/cultura\/wp-json\/wp\/v2\/tags?post=11081"}],"curies":[{"name":"wp","href":"https:\/\/api.w.org\/{rel}","templated":true}]}}