{"id":11155,"date":"2024-06-20T13:32:04","date_gmt":"2024-06-20T13:32:04","guid":{"rendered":"https:\/\/www.entrerios.gov.ar\/cultura\/?p=11155"},"modified":"2025-02-20T21:43:16","modified_gmt":"2025-02-20T21:43:16","slug":"jovenes-y-ninos-llevan-su-musica-a-escuelas-por-el-dia-de-la-bandera","status":"publish","type":"post","link":"https:\/\/www.entrerios.gov.ar\/cultura\/jovenes-y-ninos-llevan-su-musica-a-escuelas-por-el-dia-de-la-bandera\/","title":{"rendered":"J\u00f3venes y ni\u00f1os llevan su m\u00fasica a escuelas por el D\u00eda de la Bandera"},"content":{"rendered":"\n<p><\/p>\n\n\n\n<p>Orquestas infanto juveniles de Entre R\u00edos, dependientes de la Secretar\u00eda de Cultura provincial, participan de ceremonias escolares. En esta oportunidad, fue por la conmemoraci\u00f3n de las ense\u00f1as de Entre R\u00edos y Nacional.<\/p>\n\n\n\n<p>Las orquestas y ensambles infanto juveniles de Entre R\u00edos vienen siendo parte de actos escolares, a trav\u00e9s de la interpretaci\u00f3n de distintos repertorios que suman el entusiasmo de estudiantes, docentes y padres.&nbsp;&nbsp;<\/p>\n\n\n\n<p>Esta semana, en el marco de los actos realizados en escuelas por el d\u00eda de las banderas de Entre R\u00edos y Nacional, la orquesta Romina Iturain, conformada por ni\u00f1os y j\u00f3venes de la zona oeste de la ciudad, hizo su presentaci\u00f3n en&nbsp;las escuelas secundarias N\u00b0 15 de La Baxada del Paran\u00e1 y N\u00b0 78&nbsp; Intendente J.C Esparza, donde durante el a\u00f1o realizan sus aprendizajes y pr\u00e1cticas de m\u00fasica.<\/p>\n\n\n\n<figure class=\"wp-block-image size-large\"><img decoding=\"async\" src=\"https:\/\/www.entrerios.gov.ar\/cultura\/wp-content\/uploads\/2024\/06\/Orquestas-infanto-juveniles-2-1024x683.jpeg\" alt=\"\" class=\"wp-image-11158\"\/><\/figure>\n\n\n\n<p>En tanto, para este viernes est\u00e1 previsto que la orquesta participe en el acto organizado por la Escuela N\u00ba 52 Bernardo O\u2019 Higgins, de La Picada. El 19 de junio se celebr\u00f3 el D\u00eda de la Bandera de Entre R\u00edos, en conmemoraci\u00f3n del nacimiento de su creador Jos\u00e9 Gervasio Artigas, y el 20, el D\u00eda de la Bandera argentina, en homenaje a Manuel Belgrano, quien falleci\u00f3 este d\u00eda en 1820.<\/p>\n\n\n\n<p><\/p>\n\n\n\n<p>Las agrupaciones musicales que re\u00fanen a j\u00f3venes y ni\u00f1os son parte del programa de Orquestas, Ensambles y Coros de Entre R\u00edos, dependiente de la Secretar\u00eda de Cultura provincial. La propuesta tiene el objetivo de garantizar el acceso a ni\u00f1os y j\u00f3venes de 7 a 21 a\u00f1os que deseen aprender a leer m\u00fasica y a tocar un instrumento de manera individual y colectiva.<\/p>\n\n\n\n<p>Los agrupamientos musicales son doce en la provincia y se encuentran distribuidos en barrios de las ciudades de Paran\u00e1, Concepci\u00f3n del Uruguay, Concordia, Gualeguaych\u00fa y San Jos\u00e9. El programa se desarrolla en base a encuentros semanales, en instancia de talleres y ensayos, en escuelas que son sede.<\/p>\n\n\n\n<p>Las inscripciones est\u00e1n abiertas durante todo el a\u00f1o. No es necesario contar con conocimientos previos en el instrumento de inter\u00e9s o en canto<\/p>\n\n\n\n<p>Las personas interesadas en inscribirse u obtener m\u00e1s informaci\u00f3n se pueden comunicar con el siguiente correo electr\u00f3nico de la Coordinaci\u00f3n Orquestas Bandas Entre R\u00edos:&nbsp;<a href=\"mailto:cgobij.er@gmail\" target=\"_blank\" rel=\"noreferrer noopener\">cgobij.er@gmail<\/a>.<\/p>\n","protected":false},"excerpt":{"rendered":"<p>Orquestas infanto juveniles de Entre R\u00edos, dependientes de la Secretar\u00eda de Cultura provincial, participan de ceremonias escolares. En esta oportunidad, fue por la conmemoraci\u00f3n de las ense\u00f1as de Entre R\u00edos y Nacional. Las orquestas y ensambles infanto juveniles de Entre R\u00edos vienen siendo parte de actos escolares, a trav\u00e9s de la interpretaci\u00f3n de distintos repertorios [&hellip;]<\/p>\n","protected":false},"author":50,"featured_media":0,"comment_status":"open","ping_status":"open","sticky":false,"template":"","format":"standard","meta":{"_et_pb_use_builder":"off","_et_pb_old_content":"","_et_gb_content_width":"","footnotes":""},"categories":[1,28,21],"tags":[],"class_list":["post-11155","post","type-post","status-publish","format-standard","hentry","category-destacado","category-noticias","category-coordinacion-de-orquestas-coros-y-bandas"],"_links":{"self":[{"href":"https:\/\/www.entrerios.gov.ar\/cultura\/wp-json\/wp\/v2\/posts\/11155","targetHints":{"allow":["GET"]}}],"collection":[{"href":"https:\/\/www.entrerios.gov.ar\/cultura\/wp-json\/wp\/v2\/posts"}],"about":[{"href":"https:\/\/www.entrerios.gov.ar\/cultura\/wp-json\/wp\/v2\/types\/post"}],"author":[{"embeddable":true,"href":"https:\/\/www.entrerios.gov.ar\/cultura\/wp-json\/wp\/v2\/users\/50"}],"replies":[{"embeddable":true,"href":"https:\/\/www.entrerios.gov.ar\/cultura\/wp-json\/wp\/v2\/comments?post=11155"}],"version-history":[{"count":1,"href":"https:\/\/www.entrerios.gov.ar\/cultura\/wp-json\/wp\/v2\/posts\/11155\/revisions"}],"predecessor-version":[{"id":12682,"href":"https:\/\/www.entrerios.gov.ar\/cultura\/wp-json\/wp\/v2\/posts\/11155\/revisions\/12682"}],"wp:attachment":[{"href":"https:\/\/www.entrerios.gov.ar\/cultura\/wp-json\/wp\/v2\/media?parent=11155"}],"wp:term":[{"taxonomy":"category","embeddable":true,"href":"https:\/\/www.entrerios.gov.ar\/cultura\/wp-json\/wp\/v2\/categories?post=11155"},{"taxonomy":"post_tag","embeddable":true,"href":"https:\/\/www.entrerios.gov.ar\/cultura\/wp-json\/wp\/v2\/tags?post=11155"}],"curies":[{"name":"wp","href":"https:\/\/api.w.org\/{rel}","templated":true}]}}