{"id":11165,"date":"2024-06-22T16:05:12","date_gmt":"2024-06-22T16:05:12","guid":{"rendered":"https:\/\/www.entrerios.gov.ar\/cultura\/?p=11165"},"modified":"2025-02-20T21:43:32","modified_gmt":"2025-02-20T21:43:32","slug":"el-publico-lleno-la-vieja-usina-para-disfrutar-de-un-encuentro-de-pena","status":"publish","type":"post","link":"https:\/\/www.entrerios.gov.ar\/cultura\/el-publico-lleno-la-vieja-usina-para-disfrutar-de-un-encuentro-de-pena\/","title":{"rendered":"El p\u00fablico llen\u00f3 La Vieja Usina para disfrutar de un encuentro de pe\u00f1a"},"content":{"rendered":"\n<p>Este viernes se desarroll\u00f3 la segunda jornada del ciclo Usina en Pe\u00f1a. La propuesta reuni\u00f3 a una importante cantidad de asistentes. Hubo m\u00fasica, danzas, taller de folclore, micr\u00f3fono abierto y bailanta. La actividad, con entrada libre y gratuita, cuenta con el apoyo de la Secretar\u00eda de Cultura provincial.<br>.<br>La convocatoria fue la segunda de este a\u00f1o del ciclo de folclore Usina en Pe\u00f1a y cont\u00f3 con una significativa respuesta del p\u00fablico que colm\u00f3 los espacios del Centro Cultural y de Convenciones La Vieja Usina.<br>En la sala y en la zona al aire libre se ubicaron los concurrentes que comenzaron a llegar a la sede de la instituci\u00f3n provincial, ubicada en Gregoria Matorras 861 de Paran\u00e1, al anochecer del viernes. A las 19 comenz\u00f3, con la capacidad completa, un taller de folclore y esa actividad abri\u00f3 una nutrida cartelera que se extendi\u00f3 hasta pasada la medianoche.<br>Asistentes de diferentes edades, algunos que llegaban por primera vez, disfrutaron de la m\u00fasica, de la danza y de la pista de baile, que se\u00a0llenaba r\u00e1pidamente tras el paso de los grupos de ballet. La actividad, con entrada libre y gratuita, cont\u00f3 tambi\u00e9n con servicio de gastronom\u00eda y cantina.<\/p>\n\n\n\n<figure class=\"wp-block-image size-large\"><img decoding=\"async\" src=\"https:\/\/www.entrerios.gov.ar\/cultura\/wp-content\/uploads\/2024\/06\/USINA-EN-PENA4-1024x683.jpg\" alt=\"\" class=\"wp-image-11167\"\/><\/figure>\n\n\n\n<p><br>.<br><strong>Lo que pas\u00f3<\/strong><br>.<br>La jornada comenz\u00f3 con una clase taller de folclore a la gorra, a cargo de Andr\u00e9s Vega. Luego, fue el turno de los artistas de Isleta Litoral, de General Ram\u00edrez; Proyecto Pe\u00f1a, de Paran\u00e1, y Juan Ignacio Osuna, de Buenos Aires.<br>Tambi\u00e9n se presentaron en la pista los grupos de danza La Fortinera de Cerrito; Panamby, de Paran\u00e1, y la Compa\u00f1\u00eda de Danzas Montielera y Federal que est\u00e1 integrada por bailarines de Victoria, Crespo, Diamante, Aranguren y Paran\u00e1.<br>Entre las actuaciones estuvo presente, como es habitual, la bailanta abierta que convoca la pe\u00f1a y el acompa\u00f1amiento del p\u00fablico con palmas y coros a los m\u00fasicos.<br>Como cierre, se habilit\u00f3 un micr\u00f3fono abierto, espacio para artistas emergentes, sin inscripci\u00f3n previa, que permiti\u00f3 distintas presentaciones hasta una de dos j\u00f3venes paranaenses que pidieron interpretar su m\u00fasica de rock. \u201cAunque no es el g\u00e9nero de los encuentros de la pe\u00f1a, le dimos la posibilidad de participar porque todos los artistas necesitan un espacio\u201d, dijo una de las organizadoras. \u00a0<br>El ciclo continuar\u00e1 con un tercer encuentro el 26 de julio.<\/p>\n\n\n\n<figure class=\"wp-block-image size-large\"><img decoding=\"async\" src=\"https:\/\/www.entrerios.gov.ar\/cultura\/wp-content\/uploads\/2024\/06\/USINA-EN-PENA-JUNIO-1024x461.jpg\" alt=\"\" class=\"wp-image-11168\"\/><\/figure>\n\n\n\n<p><strong>Inicio en 2024<\/strong><\/p>\n\n\n\n<p>En mayo pasado, el ciclo Usina en Pe\u00f1a arranc\u00f3 con un exitoso encuentro que estuvo a cargo de la escuela de danzas Los Nonos, que agrupa talleres autogestivos de danzas que se van presentando en diversas actividades culturales. Este viernes, la organizaci\u00f3n estuvo en manos de la escuela de danzas El Basti\u00f3n y repiti\u00f3 los resultados del comienzo.<br>La iniciativa lleva en su haber varias ediciones gracias a una articulaci\u00f3n entre gestores y hacedores culturales, vinculados a la danza y la m\u00fasica folcl\u00f3rica, y la Secretar\u00eda de Cultura de Entre R\u00edos.<br>La propuesta es coordinada por la profesora de danzas y gestora cultural Natalia Varon. Los objetivos de la iniciativa son la creaci\u00f3n de un corredor art\u00edstico del g\u00e9nero festivo folcl\u00f3rico que potencia el trabajo colectivo y solidario, alentar el encuentro, aprendizaje y el esparcimiento, y dar a conocer y visibilizar el trabajo de diversas escuelas, compa\u00f1\u00edas y grupos de danzas, entre otros.<\/p>\n\n\n\n<figure class=\"wp-block-image size-large\"><img decoding=\"async\" src=\"https:\/\/www.entrerios.gov.ar\/cultura\/wp-content\/uploads\/2024\/06\/USINA-EN-PENAJUNIO3-1024x461.jpg\" alt=\"\" class=\"wp-image-11169\"\/><\/figure>\n","protected":false},"excerpt":{"rendered":"<p>Este viernes se desarroll\u00f3 la segunda jornada del ciclo Usina en Pe\u00f1a. La propuesta reuni\u00f3 a una importante cantidad de asistentes. Hubo m\u00fasica, danzas, taller de folclore, micr\u00f3fono abierto y bailanta. La actividad, con entrada libre y gratuita, cuenta con el apoyo de la Secretar\u00eda de Cultura provincial..La convocatoria fue la segunda de este a\u00f1o [&hellip;]<\/p>\n","protected":false},"author":50,"featured_media":0,"comment_status":"open","ping_status":"open","sticky":false,"template":"","format":"standard","meta":{"_et_pb_use_builder":"off","_et_pb_old_content":"","_et_gb_content_width":"","footnotes":""},"categories":[1,28,18],"tags":[],"class_list":["post-11165","post","type-post","status-publish","format-standard","hentry","category-destacado","category-noticias","category-centro-cultural-la-vieja-usina"],"_links":{"self":[{"href":"https:\/\/www.entrerios.gov.ar\/cultura\/wp-json\/wp\/v2\/posts\/11165","targetHints":{"allow":["GET"]}}],"collection":[{"href":"https:\/\/www.entrerios.gov.ar\/cultura\/wp-json\/wp\/v2\/posts"}],"about":[{"href":"https:\/\/www.entrerios.gov.ar\/cultura\/wp-json\/wp\/v2\/types\/post"}],"author":[{"embeddable":true,"href":"https:\/\/www.entrerios.gov.ar\/cultura\/wp-json\/wp\/v2\/users\/50"}],"replies":[{"embeddable":true,"href":"https:\/\/www.entrerios.gov.ar\/cultura\/wp-json\/wp\/v2\/comments?post=11165"}],"version-history":[{"count":1,"href":"https:\/\/www.entrerios.gov.ar\/cultura\/wp-json\/wp\/v2\/posts\/11165\/revisions"}],"predecessor-version":[{"id":12680,"href":"https:\/\/www.entrerios.gov.ar\/cultura\/wp-json\/wp\/v2\/posts\/11165\/revisions\/12680"}],"wp:attachment":[{"href":"https:\/\/www.entrerios.gov.ar\/cultura\/wp-json\/wp\/v2\/media?parent=11165"}],"wp:term":[{"taxonomy":"category","embeddable":true,"href":"https:\/\/www.entrerios.gov.ar\/cultura\/wp-json\/wp\/v2\/categories?post=11165"},{"taxonomy":"post_tag","embeddable":true,"href":"https:\/\/www.entrerios.gov.ar\/cultura\/wp-json\/wp\/v2\/tags?post=11165"}],"curies":[{"name":"wp","href":"https:\/\/api.w.org\/{rel}","templated":true}]}}