{"id":11214,"date":"2024-06-29T13:50:58","date_gmt":"2024-06-29T13:50:58","guid":{"rendered":"https:\/\/www.entrerios.gov.ar\/cultura\/?p=11214"},"modified":"2025-02-20T21:49:27","modified_gmt":"2025-02-20T21:49:27","slug":"hubo-cine-en-la-escuela-en-seis-establecimientos-rurales-de-los-departamentos-parana-y-nogoya","status":"publish","type":"post","link":"https:\/\/www.entrerios.gov.ar\/cultura\/hubo-cine-en-la-escuela-en-seis-establecimientos-rurales-de-los-departamentos-parana-y-nogoya\/","title":{"rendered":"Hubo Cine en la Escuela en seis establecimientos rurales de los departamentos Paran\u00e1 y Nogoy\u00e1"},"content":{"rendered":"\n<p><strong><br><\/strong><\/p>\n\n\n\n<p>Esta semana, 400 estudiantes con sus docentes disfrutaron de las funciones de cine en seis escuelas de cuatro comunidades de los departamentos Paran\u00e1 y Nogoy\u00e1. Curiosidad, emoci\u00f3n y aprendizaje fueron parte de la experiencia vivida por ni\u00f1os y adolescentes.<\/p>\n\n\n\n<p>El programa Cine en la Escuela de la Secretar\u00eda de Cultura de Entre R\u00edos continu\u00f3 esta semana con un recorrido a lo largo de tres d\u00edas por establecimientos de la provincia. Unos 400 ni\u00f1os y adolescentes con sus docentes fueron protagonistas de seis funciones de cine en escuelas de los departamentos Nogoy\u00e1 y Paran\u00e1.<\/p>\n\n\n\n<p>El martes 25 se desarrollaron tres proyecciones junto a Escuelas N\u00ba 10, XX de Septiembre, y N\u00ba 5, Ayacucho, de la localidad de XX de Septiembre, Departamento Nogoy\u00e1.<\/p>\n\n\n\n<figure class=\"wp-block-image size-large\"><img decoding=\"async\" src=\"https:\/\/www.entrerios.gov.ar\/cultura\/wp-content\/uploads\/2024\/06\/CINE-EN-LA-ESCUELA-2-2-1024x683.jpg\" alt=\"\" class=\"wp-image-11215\"\/><\/figure>\n\n\n\n<p>El mi\u00e9rcoles, se realizaron dos funciones con las Escuelas N\u00ba 66, Miguel Poletti, y N\u00ba 77, Antonio Sagarna, de Mar\u00eda Grande Primera, Departamento Paran\u00e1. Es la primera vez que el programa que difunde cine nacional y regional, a trav\u00e9s del Instituto Audiovisual de Entre R\u00edos (IAER), organismo dependiente de la Secretar\u00eda de Cultura, lleg\u00f3 a dicha localidad.<\/p>\n\n\n\n<p>Y el jueves, hubo una proyecci\u00f3n conjunta con las Escuelas N\u00ba 63, Yapey\u00fa, y N\u00ba 63, El Rambl\u00f3n, de las comunidades Paso de la Arena y El Rambl\u00f3n. La funci\u00f3n se realiz\u00f3 en las instalaciones de la primera escuela, siendo la primera vez que el equipo del IAER visit\u00f3 dicho paraje.<\/p>\n\n\n\n<figure class=\"wp-block-image size-large\"><img decoding=\"async\" src=\"https:\/\/www.entrerios.gov.ar\/cultura\/wp-content\/uploads\/2024\/06\/CINE-EN-LA-ESCUELA-JUNIO-5-1024x683.jpeg\" alt=\"\" class=\"wp-image-11216\"\/><\/figure>\n\n\n\n<p>Cabe destacar que el programa Cine en la Escuela, desde que se inici\u00f3, lleg\u00f3 a establecimientos de siete departamentos de la provincia: La Paz, Villaguay, Col\u00f3n, Tala, Gualeguay, Paran\u00e1 y Nogoy\u00e1.<\/p>\n\n\n\n<p>La agenda de funciones que implementa la Secretar\u00eda de Cultura de Entre R\u00edos, a trav\u00e9s del IAER, lleva adelante el criterio de priorizar la accesibilidad a escuelas rurales y urbanas de la provincia.<\/p>\n\n\n\n<p>Fabi\u00e1n Muteverr\u00eda, integrante del IAER, rescat\u00f3 la emotividad que generan las visitas: &#8220;Armar la pantalla y prender el proyector es un momento especial, porque aportamos a la difusi\u00f3n de nuestro cine y a la sonrisa, la sorpresa, la creatividad y el aprendizaje de los gurises y sus escuelas rurales&#8221;.<\/p>\n\n\n\n<figure class=\"wp-block-image size-large\"><img decoding=\"async\" src=\"https:\/\/www.entrerios.gov.ar\/cultura\/wp-content\/uploads\/2024\/06\/CINE-EN-LA-ESCUELA-JUNIO-1024x683.jpg\" alt=\"\" class=\"wp-image-11217\"\/><\/figure>\n\n\n\n<p>Y agreg\u00f3 que \u201cen cada lugar, la llegada del Programa representa un acontecimiento. Ni\u00f1os, j\u00f3venes, familiares, docentes y vecinos se organizan para que la jornada sea inolvidable y contribuya a sus vidas cotidianas&#8221;.<\/p>\n\n\n\n<p>El integrante del equipo del programa destac\u00f3 la emotividad con que se vive la experiencia y la curiosidad que genera en los m\u00e1s chicos: &#8220;En Paso de la Arena, los chicos m\u00e1s grandes de la secundaria hicieron tortas fritas y pochoclos. El d\u00eda anterior, en Mar\u00eda Grande Primera, Ramiro, uno de los integrantes de primer grado, nos acompa\u00f1aba en el armado y nos preguntaba c\u00f3mo llegaba la imagen y qu\u00e9 tama\u00f1os de pantallas exist\u00edan\u201d.<\/p>\n\n\n\n<figure class=\"wp-block-image size-large\"><img decoding=\"async\" src=\"https:\/\/www.entrerios.gov.ar\/cultura\/wp-content\/uploads\/2024\/06\/CINE-EN-LA-ESCUELA-JUNIO-6-1024x683.jpeg\" alt=\"\" class=\"wp-image-11218\"\/><\/figure>\n","protected":false},"excerpt":{"rendered":"<p>Esta semana, 400 estudiantes con sus docentes disfrutaron de las funciones de cine en seis escuelas de cuatro comunidades de los departamentos Paran\u00e1 y Nogoy\u00e1. Curiosidad, emoci\u00f3n y aprendizaje fueron parte de la experiencia vivida por ni\u00f1os y adolescentes. El programa Cine en la Escuela de la Secretar\u00eda de Cultura de Entre R\u00edos continu\u00f3 esta [&hellip;]<\/p>\n","protected":false},"author":50,"featured_media":0,"comment_status":"open","ping_status":"open","sticky":false,"template":"","format":"standard","meta":{"_et_pb_use_builder":"off","_et_pb_old_content":"","_et_gb_content_width":"","footnotes":""},"categories":[1,28,4],"tags":[],"class_list":["post-11214","post","type-post","status-publish","format-standard","hentry","category-destacado","category-noticias","category-iaaer"],"_links":{"self":[{"href":"https:\/\/www.entrerios.gov.ar\/cultura\/wp-json\/wp\/v2\/posts\/11214","targetHints":{"allow":["GET"]}}],"collection":[{"href":"https:\/\/www.entrerios.gov.ar\/cultura\/wp-json\/wp\/v2\/posts"}],"about":[{"href":"https:\/\/www.entrerios.gov.ar\/cultura\/wp-json\/wp\/v2\/types\/post"}],"author":[{"embeddable":true,"href":"https:\/\/www.entrerios.gov.ar\/cultura\/wp-json\/wp\/v2\/users\/50"}],"replies":[{"embeddable":true,"href":"https:\/\/www.entrerios.gov.ar\/cultura\/wp-json\/wp\/v2\/comments?post=11214"}],"version-history":[{"count":1,"href":"https:\/\/www.entrerios.gov.ar\/cultura\/wp-json\/wp\/v2\/posts\/11214\/revisions"}],"predecessor-version":[{"id":12674,"href":"https:\/\/www.entrerios.gov.ar\/cultura\/wp-json\/wp\/v2\/posts\/11214\/revisions\/12674"}],"wp:attachment":[{"href":"https:\/\/www.entrerios.gov.ar\/cultura\/wp-json\/wp\/v2\/media?parent=11214"}],"wp:term":[{"taxonomy":"category","embeddable":true,"href":"https:\/\/www.entrerios.gov.ar\/cultura\/wp-json\/wp\/v2\/categories?post=11214"},{"taxonomy":"post_tag","embeddable":true,"href":"https:\/\/www.entrerios.gov.ar\/cultura\/wp-json\/wp\/v2\/tags?post=11214"}],"curies":[{"name":"wp","href":"https:\/\/api.w.org\/{rel}","templated":true}]}}