{"id":11245,"date":"2024-07-04T15:09:25","date_gmt":"2024-07-04T15:09:25","guid":{"rendered":"https:\/\/www.entrerios.gov.ar\/cultura\/?p=11245"},"modified":"2025-02-20T21:49:49","modified_gmt":"2025-02-20T21:49:49","slug":"a-toda-orquesta-unos-600-estudiantes-participaron-del-segundo-encuentro-de-los-conciertos-didacticos","status":"publish","type":"post","link":"https:\/\/www.entrerios.gov.ar\/cultura\/a-toda-orquesta-unos-600-estudiantes-participaron-del-segundo-encuentro-de-los-conciertos-didacticos\/","title":{"rendered":"A toda orquesta: unos 600 estudiantes participaron del\u00a0segundo encuentro de los conciertos did\u00e1cticos"},"content":{"rendered":"\n<p>Cursos del nivel primario y secundario de m\u00e1s de diez escuelas de Paran\u00e1, San Benito y Victoria asistieron esta semana a la convocatoria con la Orquesta Sinf\u00f3nica de Entre R\u00edos. Se realizaron dos conciertos consecutivos en el centro provincial La Vieja Usina.<\/p>\n\n\n\n<p><\/p>\n\n\n\n<p>A primera hora de la tarde del mi\u00e9rcoles, hubo un nuevo encuentro del ciclo de conciertos did\u00e1cticos, en el marco del programa A toda orquesta, que organiza la Secretar\u00eda de Cultura de Entre R\u00edos junto al Consejo General de Educaci\u00f3n (CGE).<\/p>\n\n\n\n<p>Delegaciones de m\u00e1s de diez establecimientos del nivel primario y secundario de Paran\u00e1, Victoria y San Benito asistieron al segundo encuentro, de un total de 21 que se realizar\u00e1n&nbsp;durante los pr\u00f3ximos&nbsp;meses. El primero fue el 27 de junio con unos 300 participantes.<\/p>\n\n\n\n<p>Unos 600 estudiantes, distribuidos en dos conciertos de 50 minutos cada uno, brindados entre las 15 y las 17 de este mi\u00e9rcoles, ocuparon de manera completa la sala del Centro Cultural y de Convenciones La Vieja Usina de Paran\u00e1.<\/p>\n\n\n\n<figure class=\"wp-block-image size-large\"><img decoding=\"async\" src=\"https:\/\/www.entrerios.gov.ar\/cultura\/wp-content\/uploads\/2024\/07\/FotoCulturaER-28-1024x683.jpg\" alt=\"\" class=\"wp-image-11247\"\/><\/figure>\n\n\n\n<p>En ambos grupos predominaron los ni\u00f1os m\u00e1s peque\u00f1os, desde jard\u00edn hasta los primeros grados, quienes segu\u00edan con atenci\u00f3n y entusiasmo las explicaciones y el sonido de cada instrumento. Y los aplausos colmaron la sala con&nbsp;cada interpretaci\u00f3n de la Orquesta Sinf\u00f3nica de Entre R\u00edos (OSER), organismo que con la direcci\u00f3n de Luis Gorelik est\u00e1 a cargo de los conciertos did\u00e1cticos.<\/p>\n\n\n\n<p>\u00a0El programa A toda orquesta est\u00e1 orientado a alumnos de escuelas primarias y secundarias de la provincia, quienes en el encuentro con la Sinf\u00f3nica pueden conectarse en vivo con una variedad de instrumentos, sus sonidos y los m\u00fasicos. El ciclo tuvo una primera etapa de inscripci\u00f3n de las escuelas, que fue cumplimentada en un corto plazo, y se inici\u00f3 a fines de junio con el cupo completo.<\/p>\n\n\n\n<figure class=\"wp-block-image size-large\"><img decoding=\"async\" src=\"https:\/\/www.entrerios.gov.ar\/cultura\/wp-content\/uploads\/2024\/07\/FotoCulturaER-25-1024x683.jpg\" alt=\"\" class=\"wp-image-11248\"\/><\/figure>\n\n\n\n<p><strong>Entusiasmo por la experiencia<\/strong><\/p>\n\n\n\n<p>\u201cNos encant\u00f3 la idea, nos pareci\u00f3 divino\u201d, dijo Marina Maidana, Secretaria de la Escuela 25 de Mayo, quien concurri\u00f3 junto a otras docentes &nbsp;con los ni\u00f1os de tercer grado del turno tarde.&nbsp;Los chicos opinaron en relaci\u00f3n a los instrumentos. \u201cMe gusta la guitarra\u201d, dijo Amalia y Ariana se inclin\u00f3 por el piano, y todo el curso manifest\u00f3 a coro que en una orquesta se tocan muchos instrumentos y mencionaron varios. Los ni\u00f1os contaron que nunca hab\u00edan visitado La Vieja Usina y que por primera vez vieron y escucharon la orquesta.<\/p>\n\n\n\n<p>Por su parte, docentes del \u00a06to grado de la Escuela N\u00b0 181 Osvaldo Magnasco\u00a0 contaron que hab\u00edan analizado en el aula los instrumentos de la orquesta sinf\u00f3nica y luego la clasificaci\u00f3n. \u201cLa tarea la van a hacer viendo con los instrumentos en vivo porque ellos los vieron en figuras, en im\u00e1genes y videos. Despu\u00e9s nos vamos a trabajar al parque y a hacer la tarea ah\u00ed\u201d, explicaron las docentes.<\/p>\n\n\n\n<figure class=\"wp-block-image size-large\"><img decoding=\"async\" src=\"https:\/\/www.entrerios.gov.ar\/cultura\/wp-content\/uploads\/2024\/07\/FotoCulturaER-5-1024x683.jpg\" alt=\"\" class=\"wp-image-11249\"\/><\/figure>\n\n\n\n<p>En tanto, estudiantes de los primeros a\u00f1os del secundario de la Escuela ENET N\u00b0 100 Puerto Nuevo dijeron que les pareci\u00f3 \u201cmuy lindo\u201d y que no conoc\u00eda la orquesta. \u201cMe gust\u00f3 cuando tocaban las canciones\u201d, opin\u00f3 Junior de 13 a\u00f1os.<\/p>\n\n\n\n<p>Este mi\u00e9rcoles participaron estudiantes de las escuelas Primaria N\u00b0 181, Osvaldo Magnasco; Secundaria Instituto Adventista Paran\u00e1 (IAPA); EPJA N\u00b0 26, Dr. Victoriano Montes; Primaria N\u00ba 2, 25 de Mayo; Primaria N\u00ba 4, D. F. Sarmiento y la EET N\u00b0 100, Puerto Nuevo, de Paran\u00e1. En tanto, particip\u00f3 la&nbsp; Unidad Educativa de Nivel Inicial (UENI) N\u00b0 51, Arcoiris, de San Benito. Estos establecimientos fueron parte del primer grupo. El segundo estuvo integrado por: El Centro Virgen de la Esperanza y la Escuela Privada de Recuperaci\u00f3n e Integraci\u00f3n N\u00ba 207, Juana Teresa Crombeen; Escuela Secundaria N\u00b0 57, Dr. Mariano Moreno; Instituto D-132, Santa Luc\u00eda; Escuela N\u00b0 1 del Centenario y la Escuela Municipal de M\u00fasica &#8220;Justo Jos\u00e9 de Urquiza&#8221; Victoria.<\/p>\n\n\n\n<p><\/p>\n","protected":false},"excerpt":{"rendered":"<p>Cursos del nivel primario y secundario de m\u00e1s de diez escuelas de Paran\u00e1, San Benito y Victoria asistieron esta semana a la convocatoria con la Orquesta Sinf\u00f3nica de Entre R\u00edos. Se realizaron dos conciertos consecutivos en el centro provincial La Vieja Usina. A primera hora de la tarde del mi\u00e9rcoles, hubo un nuevo encuentro del [&hellip;]<\/p>\n","protected":false},"author":50,"featured_media":0,"comment_status":"open","ping_status":"open","sticky":false,"template":"","format":"standard","meta":{"_et_pb_use_builder":"off","_et_pb_old_content":"","_et_gb_content_width":"","footnotes":""},"categories":[1,28,17],"tags":[],"class_list":["post-11245","post","type-post","status-publish","format-standard","hentry","category-destacado","category-noticias","category-orquesta-sinfonica"],"_links":{"self":[{"href":"https:\/\/www.entrerios.gov.ar\/cultura\/wp-json\/wp\/v2\/posts\/11245","targetHints":{"allow":["GET"]}}],"collection":[{"href":"https:\/\/www.entrerios.gov.ar\/cultura\/wp-json\/wp\/v2\/posts"}],"about":[{"href":"https:\/\/www.entrerios.gov.ar\/cultura\/wp-json\/wp\/v2\/types\/post"}],"author":[{"embeddable":true,"href":"https:\/\/www.entrerios.gov.ar\/cultura\/wp-json\/wp\/v2\/users\/50"}],"replies":[{"embeddable":true,"href":"https:\/\/www.entrerios.gov.ar\/cultura\/wp-json\/wp\/v2\/comments?post=11245"}],"version-history":[{"count":1,"href":"https:\/\/www.entrerios.gov.ar\/cultura\/wp-json\/wp\/v2\/posts\/11245\/revisions"}],"predecessor-version":[{"id":12671,"href":"https:\/\/www.entrerios.gov.ar\/cultura\/wp-json\/wp\/v2\/posts\/11245\/revisions\/12671"}],"wp:attachment":[{"href":"https:\/\/www.entrerios.gov.ar\/cultura\/wp-json\/wp\/v2\/media?parent=11245"}],"wp:term":[{"taxonomy":"category","embeddable":true,"href":"https:\/\/www.entrerios.gov.ar\/cultura\/wp-json\/wp\/v2\/categories?post=11245"},{"taxonomy":"post_tag","embeddable":true,"href":"https:\/\/www.entrerios.gov.ar\/cultura\/wp-json\/wp\/v2\/tags?post=11245"}],"curies":[{"name":"wp","href":"https:\/\/api.w.org\/{rel}","templated":true}]}}