{"id":11259,"date":"2024-07-05T20:06:36","date_gmt":"2024-07-05T20:06:36","guid":{"rendered":"https:\/\/www.entrerios.gov.ar\/cultura\/?p=11259"},"modified":"2025-02-20T21:50:05","modified_gmt":"2025-02-20T21:50:05","slug":"que-hacer-en-las-vacaciones-de-invierno-una-agenda-con-propuestas-para-las-distintas-edades-y-preferencias","status":"publish","type":"post","link":"https:\/\/www.entrerios.gov.ar\/cultura\/que-hacer-en-las-vacaciones-de-invierno-una-agenda-con-propuestas-para-las-distintas-edades-y-preferencias\/","title":{"rendered":"Qu\u00e9 hacer en las vacaciones de invierno: una agenda con propuestas para las distintas edades y preferencias"},"content":{"rendered":"\n<p><\/p>\n\n\n\n<p>Organismos de la Secretar\u00eda de Cultura de Entre R\u00edos ofrecen una programaci\u00f3n destinada a ni\u00f1os, ni\u00f1as, j\u00f3venes y adultos. Museos, centros culturales, la Biblioteca provincial, proponen actividades l\u00fadicas, espect\u00e1culos art\u00edsticos, talleres, recorridos, cine, conciertos y muestras para todos los gustos. En el inicio del receso, el programa comprende festejos patrios.<\/p>\n\n\n\n<p>.<\/p>\n\n\n\n<p>Un detalle pormenorizado de las actividades planificadas para el receso invernal conforma la agenda que propone la Secretar\u00eda de Cultura de Entre R\u00edos para las distintas edades y preferencias.<\/p>\n\n\n\n<p>La grilla comprende los museos y los centros culturales provinciales y propuestas a cargo de otros organismos como la Biblioteca Provincial, la Orquesta Sinf\u00f3nica de Entre R\u00edos (OSER). Al aire libre, en plazas, o en los distintos espacios de las instituciones, se plantea el disfrute a trav\u00e9s de distintas posibilidades. Toda la informaci\u00f3n en <a href=\"https:\/\/lc.cx\/GXmwlP\">https:\/\/lc.cx\/GXmwlP<\/a>\u00a0\u00a0<\/p>\n\n\n\n<p><strong>Por el D\u00eda de la Independencia<\/strong><\/p>\n\n\n\n<p>El lunes, en v\u00edsperas del 9 de julio, se realizar\u00e1 una velada patria en el Teatro Municipal 3 de Febrero de Paran\u00e1. A las 20.30 est\u00e1 previsto el inicio de un concierto a cargo de la Orquesta Sinf\u00f3nica de Entre R\u00edos. &nbsp;El repertorio incluye El Himno Nacional Argentino y obras de Anton\u00edn Dvorak, Giuseppe Verdi, Luis Gianneo y Alberto Ginastera.<\/p>\n\n\n\n<p>En la tarde del lunes, a las 15, se desarrollar\u00e1 el Festival de las Infancias destinado a ni\u00f1os y ni\u00f1as de distintas edades. Ser\u00e1 en el Centro Cultural y de Convenciones La Vieja Usina, ubicado en Gregoria Matorras 861 de Paran\u00e1, y habr\u00e1 propuestas art\u00edsticas, actividades de dibujo, pintura, lecturas y escritura creativa, juegos de mesa y recreativos, concurso gastron\u00f3mico, circuito deportivo para las infancias y cine, entre otras. La entrada es libre y gratuita.<\/p>\n\n\n\n<p>En tanto, el martes 9 de julio, en La Vieja Usina, se realizar\u00e1 el Festival patrio por el D\u00eda de la Independencia, tambi\u00e9n abierto a la comunidad. A partir de la 10.30, habr\u00e1 una atractiva agenda cultural, propuestas gastron\u00f3micas y un paseo de artesanos.<\/p>\n","protected":false},"excerpt":{"rendered":"<p>Organismos de la Secretar\u00eda de Cultura de Entre R\u00edos ofrecen una programaci\u00f3n destinada a ni\u00f1os, ni\u00f1as, j\u00f3venes y adultos. Museos, centros culturales, la Biblioteca provincial, proponen actividades l\u00fadicas, espect\u00e1culos art\u00edsticos, talleres, recorridos, cine, conciertos y muestras para todos los gustos. En el inicio del receso, el programa comprende festejos patrios. . Un detalle pormenorizado de [&hellip;]<\/p>\n","protected":false},"author":50,"featured_media":0,"comment_status":"open","ping_status":"open","sticky":false,"template":"","format":"standard","meta":{"_et_pb_use_builder":"off","_et_pb_old_content":"","_et_gb_content_width":"","footnotes":""},"categories":[1,28],"tags":[],"class_list":["post-11259","post","type-post","status-publish","format-standard","hentry","category-destacado","category-noticias"],"_links":{"self":[{"href":"https:\/\/www.entrerios.gov.ar\/cultura\/wp-json\/wp\/v2\/posts\/11259","targetHints":{"allow":["GET"]}}],"collection":[{"href":"https:\/\/www.entrerios.gov.ar\/cultura\/wp-json\/wp\/v2\/posts"}],"about":[{"href":"https:\/\/www.entrerios.gov.ar\/cultura\/wp-json\/wp\/v2\/types\/post"}],"author":[{"embeddable":true,"href":"https:\/\/www.entrerios.gov.ar\/cultura\/wp-json\/wp\/v2\/users\/50"}],"replies":[{"embeddable":true,"href":"https:\/\/www.entrerios.gov.ar\/cultura\/wp-json\/wp\/v2\/comments?post=11259"}],"version-history":[{"count":1,"href":"https:\/\/www.entrerios.gov.ar\/cultura\/wp-json\/wp\/v2\/posts\/11259\/revisions"}],"predecessor-version":[{"id":11288,"href":"https:\/\/www.entrerios.gov.ar\/cultura\/wp-json\/wp\/v2\/posts\/11259\/revisions\/11288"}],"wp:attachment":[{"href":"https:\/\/www.entrerios.gov.ar\/cultura\/wp-json\/wp\/v2\/media?parent=11259"}],"wp:term":[{"taxonomy":"category","embeddable":true,"href":"https:\/\/www.entrerios.gov.ar\/cultura\/wp-json\/wp\/v2\/categories?post=11259"},{"taxonomy":"post_tag","embeddable":true,"href":"https:\/\/www.entrerios.gov.ar\/cultura\/wp-json\/wp\/v2\/tags?post=11259"}],"curies":[{"name":"wp","href":"https:\/\/api.w.org\/{rel}","templated":true}]}}