{"id":11441,"date":"2024-07-27T17:05:15","date_gmt":"2024-07-27T17:05:15","guid":{"rendered":"https:\/\/www.entrerios.gov.ar\/cultura\/?p=11441"},"modified":"2025-02-20T21:44:35","modified_gmt":"2025-02-20T21:44:35","slug":"a-sala-llena-se-vivio-el-tercer-encuentro-de-usina-en-pena","status":"publish","type":"post","link":"https:\/\/www.entrerios.gov.ar\/cultura\/a-sala-llena-se-vivio-el-tercer-encuentro-de-usina-en-pena\/","title":{"rendered":"A sala llena, se vivi\u00f3 el tercer encuentro de Usina en Pe\u00f1a"},"content":{"rendered":"\n<p>Este viernes se realiz\u00f3 un nuevo encuentro del ciclo que re\u00fane propuestas de m\u00fasica, danza, encuentro y aprendizaje. La actividad, impulsada por la Secretar\u00eda de Cultura provincial, tuvo una importante convocatoria que colm\u00f3 el espacio de La Vieja Usina.<\/p>\n\n\n\n<p>La tercera edici\u00f3n del Ciclo Usina en Pe\u00f1a se desarroll\u00f3 este viernes, a partir de las 19, con un importante marco de p\u00fablico de distintas edades, que permaneci\u00f3 hasta pasada la media noche.<\/p>\n\n\n\n<p>El centro cultural provincial La Vieja Usina, ubicado en calle Gregoria Matorras de San Martin 859 de Paran\u00e1, es el espacio de este ciclo que comenz\u00f3 en mayo con un encuentro mensual, continu\u00f3 en junio y ahora se concret\u00f3 el correspondiente a julio.&nbsp;<\/p>\n\n\n\n<figure class=\"wp-block-image size-large\"><img decoding=\"async\" src=\"https:\/\/www.entrerios.gov.ar\/cultura\/wp-content\/uploads\/2024\/07\/USINA-EN-PENA5-1024x683.jpg\" alt=\"\" class=\"wp-image-11443\"\/><\/figure>\n\n\n\n<p>La invitaci\u00f3n es abierta a la comunidad con una variedad de propuestas art\u00edsticas entre las que se enumeran talleres, recitales y un espacio de danza compartido junto a reconocidas compa\u00f1\u00edas y escuelas. Tambi\u00e9n se habilit\u00f3 el micr\u00f3fono abierto, una alternativa dirigida a artistas emergentes.<\/p>\n\n\n\n<p>A esta agenda se sum\u00f3 la exposici\u00f3n y venta de productos de emprendedores, una oferta gastron\u00f3mica a cargo de las escuelas anfitrionas Juana Azurduy y El Espinal.<\/p>\n\n\n\n<figure class=\"wp-block-image size-large\"><img decoding=\"async\" src=\"https:\/\/www.entrerios.gov.ar\/cultura\/wp-content\/uploads\/2024\/07\/USINA-EN-PENA2-1024x683.jpg\" alt=\"\" class=\"wp-image-11444\"\/><\/figure>\n\n\n\n<p>La apertura de la jornada fue a trav\u00e9s de un taller de danza folkl\u00f3rica, a cargo del Prof. Franco Peta Zaragoza (Crespo). Luego, fueron pasando distintos grupos de baile como \u201cLos Domingueros\u201d, con la Prof. Cecilia Barrios; la Escuela Municipal de Artes y Oficios (EMAO), a cargo de Demi\u00e1n Barzola (Hasenkamp) y la Compa\u00f1\u00eda Expresarte, con la gu\u00eda de la Prof. Giovanina Gentile (Paran\u00e1).<\/p>\n\n\n\n<p>A las propuestas de danza, a la que pronto se sum\u00f3 el p\u00fablico, continuaron las presentaciones musicales. Entre los n\u00fameros, estuvo la actuaci\u00f3n del reconocido acordeonista, autor y compositor, Alcides M\u00fcller; los recitales del m\u00fasico y bailar\u00edn paranaense, Lucho Qui\u00f1ones, y de Saurio Mart\u00ednez.<\/p>\n\n\n\n<figure class=\"wp-block-image size-large\"><img decoding=\"async\" src=\"https:\/\/www.entrerios.gov.ar\/cultura\/wp-content\/uploads\/2024\/07\/USINA-EN-PENA3-1024x683.jpg\" alt=\"\" class=\"wp-image-11445\"\/><\/figure>\n\n\n\n<p>En el espacio de micr\u00f3fono abierto participaron los artistas Marian&nbsp; Dom\u00ednguez, de Salta; Martino Guti\u00e9rrez Bilat y Juancito Sosa.<\/p>\n\n\n\n<p>El encuentro con las escuelas anfitrionas Juana Azurduy, a cargo del Prof. Mario Rodr\u00edguez, y El Espinal, del Prof. Nicol\u00e1s Ellemberger, ofreci\u00f3 una variedad de alternativa para las familias que se acercaron y disfrutaron del encuentro con acceso libre y gratuito.<\/p>\n\n\n\n<p>La pr\u00f3xima edici\u00f3n ser\u00e1 el 23 de agosto.<\/p>\n\n\n\n\n\n<figure class=\"wp-block-image size-large\"><img decoding=\"async\" src=\"https:\/\/www.entrerios.gov.ar\/cultura\/wp-content\/uploads\/2024\/07\/USINA-EN-PENA4-1024x683.jpg\" alt=\"\" class=\"wp-image-11446\"\/><\/figure>\n","protected":false},"excerpt":{"rendered":"<p>Este viernes se realiz\u00f3 un nuevo encuentro del ciclo que re\u00fane propuestas de m\u00fasica, danza, encuentro y aprendizaje. La actividad, impulsada por la Secretar\u00eda de Cultura provincial, tuvo una importante convocatoria que colm\u00f3 el espacio de La Vieja Usina. La tercera edici\u00f3n del Ciclo Usina en Pe\u00f1a se desarroll\u00f3 este viernes, a partir de las [&hellip;]<\/p>\n","protected":false},"author":50,"featured_media":0,"comment_status":"open","ping_status":"open","sticky":false,"template":"","format":"standard","meta":{"_et_pb_use_builder":"off","_et_pb_old_content":"","_et_gb_content_width":"","footnotes":""},"categories":[28,18],"tags":[],"class_list":["post-11441","post","type-post","status-publish","format-standard","hentry","category-noticias","category-centro-cultural-la-vieja-usina"],"_links":{"self":[{"href":"https:\/\/www.entrerios.gov.ar\/cultura\/wp-json\/wp\/v2\/posts\/11441","targetHints":{"allow":["GET"]}}],"collection":[{"href":"https:\/\/www.entrerios.gov.ar\/cultura\/wp-json\/wp\/v2\/posts"}],"about":[{"href":"https:\/\/www.entrerios.gov.ar\/cultura\/wp-json\/wp\/v2\/types\/post"}],"author":[{"embeddable":true,"href":"https:\/\/www.entrerios.gov.ar\/cultura\/wp-json\/wp\/v2\/users\/50"}],"replies":[{"embeddable":true,"href":"https:\/\/www.entrerios.gov.ar\/cultura\/wp-json\/wp\/v2\/comments?post=11441"}],"version-history":[{"count":1,"href":"https:\/\/www.entrerios.gov.ar\/cultura\/wp-json\/wp\/v2\/posts\/11441\/revisions"}],"predecessor-version":[{"id":12655,"href":"https:\/\/www.entrerios.gov.ar\/cultura\/wp-json\/wp\/v2\/posts\/11441\/revisions\/12655"}],"wp:attachment":[{"href":"https:\/\/www.entrerios.gov.ar\/cultura\/wp-json\/wp\/v2\/media?parent=11441"}],"wp:term":[{"taxonomy":"category","embeddable":true,"href":"https:\/\/www.entrerios.gov.ar\/cultura\/wp-json\/wp\/v2\/categories?post=11441"},{"taxonomy":"post_tag","embeddable":true,"href":"https:\/\/www.entrerios.gov.ar\/cultura\/wp-json\/wp\/v2\/tags?post=11441"}],"curies":[{"name":"wp","href":"https:\/\/api.w.org\/{rel}","templated":true}]}}