{"id":11492,"date":"2024-08-04T16:47:26","date_gmt":"2024-08-04T16:47:26","guid":{"rendered":"https:\/\/www.entrerios.gov.ar\/cultura\/?p=11492"},"modified":"2025-02-20T21:47:02","modified_gmt":"2025-02-20T21:47:02","slug":"la-sinfonica-de-entre-rios-brindo-un-nuevo-concierto-y-el-publico-lleno-la-sala","status":"publish","type":"post","link":"https:\/\/www.entrerios.gov.ar\/cultura\/la-sinfonica-de-entre-rios-brindo-un-nuevo-concierto-y-el-publico-lleno-la-sala\/","title":{"rendered":"La Sinf\u00f3nica de Entre R\u00edos brind\u00f3 un nuevo concierto y el p\u00fablico llen\u00f3 la sala"},"content":{"rendered":"\n<p>Este s\u00e1bado, la presentaci\u00f3n de la orquesta provincial convoc\u00f3 a una importante cantidad de asistentes que colmaron la capacidad de La Vieja Usina de Paran\u00e1. Con la direcci\u00f3n de Luis Gorelik, el concierto cont\u00f3 con 60 m\u00fasicos en escena y con el pianista invitado Iv\u00e1n Rutkauskas como protagonista.&nbsp;<\/p>\n\n\n\n<p>La Orquesta Sinf\u00f3nica de Entre R\u00edos (OSER), dependiente de la Secretar\u00eda de Cultura de la provincia, se present\u00f3 este s\u00e1bado ante una sala repleta de p\u00fablico, en el Centro Cultural y de Convenciones La Vieja Usina de Paran\u00e1. Con la direcci\u00f3n de Luis Gorelik, la gala tuvo como protagonista al pianista invitado Iv\u00e1n Rutkauskas.<\/p>\n\n\n\n<p>Los vecinos comenzaron a llegar a las 19.30 al centro cultural para escuchar en vivo al conjunto orquestal que tiene ganado un lugar de prestigio entre otras orquestas del pa\u00eds y la regi\u00f3n. El concierto comenz\u00f3 a las 20.30, con la capacidad de la sala completa. M\u00e1s de 350 personas pudieron disfrutar del concierto que tuvo a 60 m\u00fasicos en escena.&nbsp;La propuesta, de la Secretar\u00eda de Cultura de la provincia, fue con entrada libre y gratuita.<\/p>\n\n\n\n<figure class=\"wp-block-image size-large\"><img decoding=\"async\" src=\"https:\/\/www.entrerios.gov.ar\/cultura\/wp-content\/uploads\/2024\/08\/OSER2-1024x683.jpg\" alt=\"\" class=\"wp-image-11494\"\/><\/figure>\n\n\n\n<p>Del programa ejecutado, se llev\u00f3 gran atenci\u00f3n y ovaciones del p\u00fablico el pianista Iv\u00e1n Rutkauskas, que interpret\u00f3 como solista junto a la OSER el Concierto para piano N\u00b0 4 del compositor alem\u00e1n Ludwig van Beethoven.<\/p>\n\n\n\n<p>Acerca de esta obra, el m\u00fasico invitado nacido en 1989 en Buenos Aires -que comenz\u00f3 su actividad art\u00edstica a los 8 a\u00f1os-, expres\u00f3 que se trata \u201cquiz\u00e1s del concierto m\u00e1s lindo de los cinco de Beethoven\u201d. Asimismo coment\u00f3 que el director art\u00edstico de la Sinf\u00f3nica, Luis Gorelik, le propuso hacer esta obra que le \u201cha tra\u00eddo mucha felicidad prepararla estos meses para el concierto de este s\u00e1bado\u201d.<\/p>\n\n\n\n<p>Rutkauskas se\u00f1al\u00f3 que los ensayos fueron magn\u00edficos y ha sido un concierto muy especial. Fue su primera presentaci\u00f3n junto al Mtro. Gorelik: \u201cEra un pendiente, ya que lo admiro mucho, me parece un m\u00fasico fuera de serie\u201d, puntualiz\u00f3.<\/p>\n\n\n\n<p>El clima de emoci\u00f3n se mantuvo a lo largo de las distintas obras interpretadas durante la velada, apreciadas por los concurrentes con largos aplausos.<\/p>\n\n\n\n<figure class=\"wp-block-image size-large\"><img decoding=\"async\" src=\"https:\/\/www.entrerios.gov.ar\/cultura\/wp-content\/uploads\/2024\/08\/OSER4-1024x683.jpg\" alt=\"\" class=\"wp-image-11495\"\/><\/figure>\n","protected":false},"excerpt":{"rendered":"<p>Este s\u00e1bado, la presentaci\u00f3n de la orquesta provincial convoc\u00f3 a una importante cantidad de asistentes que colmaron la capacidad de La Vieja Usina de Paran\u00e1. Con la direcci\u00f3n de Luis Gorelik, el concierto cont\u00f3 con 60 m\u00fasicos en escena y con el pianista invitado Iv\u00e1n Rutkauskas como protagonista.&nbsp; La Orquesta Sinf\u00f3nica de Entre R\u00edos (OSER), [&hellip;]<\/p>\n","protected":false},"author":50,"featured_media":0,"comment_status":"open","ping_status":"open","sticky":false,"template":"","format":"standard","meta":{"_et_pb_use_builder":"off","_et_pb_old_content":"","_et_gb_content_width":"","footnotes":""},"categories":[28,17],"tags":[],"class_list":["post-11492","post","type-post","status-publish","format-standard","hentry","category-noticias","category-orquesta-sinfonica"],"_links":{"self":[{"href":"https:\/\/www.entrerios.gov.ar\/cultura\/wp-json\/wp\/v2\/posts\/11492","targetHints":{"allow":["GET"]}}],"collection":[{"href":"https:\/\/www.entrerios.gov.ar\/cultura\/wp-json\/wp\/v2\/posts"}],"about":[{"href":"https:\/\/www.entrerios.gov.ar\/cultura\/wp-json\/wp\/v2\/types\/post"}],"author":[{"embeddable":true,"href":"https:\/\/www.entrerios.gov.ar\/cultura\/wp-json\/wp\/v2\/users\/50"}],"replies":[{"embeddable":true,"href":"https:\/\/www.entrerios.gov.ar\/cultura\/wp-json\/wp\/v2\/comments?post=11492"}],"version-history":[{"count":1,"href":"https:\/\/www.entrerios.gov.ar\/cultura\/wp-json\/wp\/v2\/posts\/11492\/revisions"}],"predecessor-version":[{"id":12649,"href":"https:\/\/www.entrerios.gov.ar\/cultura\/wp-json\/wp\/v2\/posts\/11492\/revisions\/12649"}],"wp:attachment":[{"href":"https:\/\/www.entrerios.gov.ar\/cultura\/wp-json\/wp\/v2\/media?parent=11492"}],"wp:term":[{"taxonomy":"category","embeddable":true,"href":"https:\/\/www.entrerios.gov.ar\/cultura\/wp-json\/wp\/v2\/categories?post=11492"},{"taxonomy":"post_tag","embeddable":true,"href":"https:\/\/www.entrerios.gov.ar\/cultura\/wp-json\/wp\/v2\/tags?post=11492"}],"curies":[{"name":"wp","href":"https:\/\/api.w.org\/{rel}","templated":true}]}}