{"id":11497,"date":"2024-08-05T20:22:50","date_gmt":"2024-08-05T20:22:50","guid":{"rendered":"https:\/\/www.entrerios.gov.ar\/cultura\/?p=11497"},"modified":"2025-02-20T21:47:18","modified_gmt":"2025-02-20T21:47:18","slug":"comenzo-este-lunes-el-ciclo-san-martin-en-las-escuelas","status":"publish","type":"post","link":"https:\/\/www.entrerios.gov.ar\/cultura\/comenzo-este-lunes-el-ciclo-san-martin-en-las-escuelas\/","title":{"rendered":"Comenz\u00f3 este lunes el ciclo San Mart\u00edn en las escuelas"},"content":{"rendered":"\n<p>Con una agenda de encuentros con charlas y proyecciones, la provincia, a trav\u00e9s de la Secretar\u00eda de Cultura, inici\u00f3 las actividades destinadas a alumnos de&nbsp; 4\u00ba, 5\u00ba y 6\u00ba grado de escuelas entrerrianas.&nbsp;<\/p>\n\n\n\n<p>La apertura y la primera reuni\u00f3n del ciclo San Mart\u00edn en la escuela fueron este lunes por la ma\u00f1ana en el Museo Casa de Gobierno, en Paran\u00e1. La actividad se basa en la vida y obra del Padre de la Patria y se extender\u00e1 hasta fin de agosto. La propuesta es organizada por la Secretar\u00eda de Cultura de la provincia y su desarrollo est\u00e1 a cargo de integrantes de la Asociaci\u00f3n Sanmartiniana \u201cCuna de la Bandera\u201d, de Rosario, quienes ofrecen una charla informativa y la proyecci\u00f3n del documental \u201cYo cruc\u00e9 Los Andes\u201d.&nbsp;<\/p>\n\n\n\n<figure class=\"wp-block-image size-large\"><img decoding=\"async\" src=\"https:\/\/www.entrerios.gov.ar\/cultura\/wp-content\/uploads\/2024\/08\/FotoCulturaER-1-1024x683.jpg\" alt=\"\" class=\"wp-image-11500\"\/><\/figure>\n\n\n\n<p>Desde la Asociaci\u00f3n explicaron que vienen trabajando en Entre R\u00edos desde el 2017, pero que desde hace 28 a\u00f1os llevan expedicionarios a la cordillera donde all\u00ed se nutren de la historia, viven en el lugar donde sucedieron los hechos y despu\u00e9s difunden esa experiencia. Parte de esto se pudo ver en el documental que se proyect\u00f3 en la sala del museo. Participaron chicos de la delegaci\u00f3n del Colegio La Salle, de Paran\u00e1, que muy entusiasmados y atentos observaron el audiovisual y luego realizaron distintas preguntas, acompa\u00f1ados de sus docentes.<\/p>\n\n\n\n<p>Tambi\u00e9n estuvo presente un integrante de esta asociaci\u00f3n caracterizado de granadero, quien narr\u00f3 episodios del Regimiento, batallas, especialmente la de San Lorenzo. Este recurso tiene el fin did\u00e1ctico de explicar la funci\u00f3n y simbolog\u00eda de cada elemento que compone el glorioso traje. Entre otras cosas, adem\u00e1s, comentaron al auditorio sobre quien es considerado el \u00fanico entrerriano que integr\u00f3 el cuerpo de Granaderos: se trata de Bruno Alarc\u00f3n, Tambor Mayor del Ej\u00e9rcito de los Andes, oriundo de Gualeguay. El dato cautiv\u00f3 a las chicas y chicos que aplaudieron al final de la actividad y junto al pedido que les hizo el joven vestido de Granadero, gritaron \u201c\u00a1Viva la Patria!\u201d, en homenaje a San Mart\u00edn.<\/p>\n\n\n\n<figure class=\"wp-block-image size-large\"><img decoding=\"async\" src=\"https:\/\/www.entrerios.gov.ar\/cultura\/wp-content\/uploads\/2024\/08\/FotoCulturaER-17-1024x683.jpg\" alt=\"\" class=\"wp-image-11501\"\/><\/figure>\n\n\n\n<p><strong>De qu\u00e9 se trata<\/strong><\/p>\n\n\n\n<p>La din\u00e1mica de trabajo establecida consiste en encuentros en el Museo Casa de Gobierno, lugar que adem\u00e1s ser\u00e1 propicio para que las delegaciones lo recorran y conozcan su valioso patrimonio, y en escuelas previamente inscriptas. Para participar, los establecimientos se anotaron a trav\u00e9s del Consejo Provincial de Cultura, organismo que cuenta con representantes de las distintas localidades de Entre R\u00edos y que depende de la Secretar\u00eda de Cultura.&nbsp;<\/p>\n\n\n\n<p>Los encuentros se&nbsp;realizan&nbsp;en el marco del mes aniversario del fallecimiento del General Jos\u00e9 de San Mart\u00edn y con la intenci\u00f3n de revalorizar el rol clave que tuvo en la historia nacional y latinoamericana. Su memoria y legado que encarnan los valores de libertad, justicia, unidad e independencia, son inspiradores de esta propuesta adaptada para ni\u00f1os que estar\u00e1 a cargo de miembros de la asociaci\u00f3n rosarina.<\/p>\n\n\n\n<p>El programa de actividades contin\u00faa de la siguiente manera: 8, 12, 14, 19, 21, 26 y 28 de agosto, a las 9, se realizar\u00e1 la charla y proyecci\u00f3n del documental en el Museo Casa de Gobierno. En tanto, el 9, 16, 23 y 30, a la 15, el ciclo se llevar\u00e1 a cabo en las escuelas previamente inscriptas.<\/p>\n\n\n\n<figure class=\"wp-block-image size-large\"><img decoding=\"async\" src=\"https:\/\/www.entrerios.gov.ar\/cultura\/wp-content\/uploads\/2024\/08\/FotoCulturaER-10-1024x683.jpg\" alt=\"\" class=\"wp-image-11499\"\/><\/figure>\n","protected":false},"excerpt":{"rendered":"<p>Con una agenda de encuentros con charlas y proyecciones, la provincia, a trav\u00e9s de la Secretar\u00eda de Cultura, inici\u00f3 las actividades destinadas a alumnos de&nbsp; 4\u00ba, 5\u00ba y 6\u00ba grado de escuelas entrerrianas.&nbsp; La apertura y la primera reuni\u00f3n del ciclo San Mart\u00edn en la escuela fueron este lunes por la ma\u00f1ana en el Museo [&hellip;]<\/p>\n","protected":false},"author":50,"featured_media":0,"comment_status":"open","ping_status":"open","sticky":false,"template":"","format":"standard","meta":{"_et_pb_use_builder":"off","_et_pb_old_content":"","_et_gb_content_width":"","footnotes":""},"categories":[1,28,11],"tags":[],"class_list":["post-11497","post","type-post","status-publish","format-standard","hentry","category-destacado","category-noticias","category-museo-casa-de-gobierno"],"_links":{"self":[{"href":"https:\/\/www.entrerios.gov.ar\/cultura\/wp-json\/wp\/v2\/posts\/11497","targetHints":{"allow":["GET"]}}],"collection":[{"href":"https:\/\/www.entrerios.gov.ar\/cultura\/wp-json\/wp\/v2\/posts"}],"about":[{"href":"https:\/\/www.entrerios.gov.ar\/cultura\/wp-json\/wp\/v2\/types\/post"}],"author":[{"embeddable":true,"href":"https:\/\/www.entrerios.gov.ar\/cultura\/wp-json\/wp\/v2\/users\/50"}],"replies":[{"embeddable":true,"href":"https:\/\/www.entrerios.gov.ar\/cultura\/wp-json\/wp\/v2\/comments?post=11497"}],"version-history":[{"count":1,"href":"https:\/\/www.entrerios.gov.ar\/cultura\/wp-json\/wp\/v2\/posts\/11497\/revisions"}],"predecessor-version":[{"id":12648,"href":"https:\/\/www.entrerios.gov.ar\/cultura\/wp-json\/wp\/v2\/posts\/11497\/revisions\/12648"}],"wp:attachment":[{"href":"https:\/\/www.entrerios.gov.ar\/cultura\/wp-json\/wp\/v2\/media?parent=11497"}],"wp:term":[{"taxonomy":"category","embeddable":true,"href":"https:\/\/www.entrerios.gov.ar\/cultura\/wp-json\/wp\/v2\/categories?post=11497"},{"taxonomy":"post_tag","embeddable":true,"href":"https:\/\/www.entrerios.gov.ar\/cultura\/wp-json\/wp\/v2\/tags?post=11497"}],"curies":[{"name":"wp","href":"https:\/\/api.w.org\/{rel}","templated":true}]}}