{"id":11503,"date":"2024-08-05T21:16:18","date_gmt":"2024-08-05T21:16:18","guid":{"rendered":"https:\/\/www.entrerios.gov.ar\/cultura\/?p=11503"},"modified":"2025-02-20T21:47:24","modified_gmt":"2025-02-20T21:47:24","slug":"la-biblioteca-provincial-cuenta-con-un-fondo-de-libros-de-la-editorial-de-la-uner","status":"publish","type":"post","link":"https:\/\/www.entrerios.gov.ar\/cultura\/la-biblioteca-provincial-cuenta-con-un-fondo-de-libros-de-la-editorial-de-la-uner\/","title":{"rendered":"La Biblioteca Provincial cuenta con un fondo de libros de la editorial de la UNER"},"content":{"rendered":"\n<p>Mediante un convenio firmado entre la Secretar\u00eda de Cultura y la Universidad Nacional de Entre R\u00edos, la Biblioteca Provincial pone a disposici\u00f3n de los entrerrianos ejemplares de m\u00e1s de 130 t\u00edtulos editados por la Eduner.&nbsp;<\/p>\n\n\n\n<p>Los libros&nbsp;del fondo&nbsp;de&nbsp;la Editorial de la Universidad de Entre R\u00edos (Eduner)&nbsp;fueron ordenados en la Biblioteca, ubicada en calle Alameda de la Federaci\u00f3n 278 de Paran\u00e1, y est\u00e1n disponibles para consultas de lunes a viernes, de 7 a 14.<\/p>\n\n\n\n<p>Adem\u00e1s del fondo, se acord\u00f3 realizar en conjunto la presentaci\u00f3n de libros y charlas sobre los mismos, la escritura, la edici\u00f3n y la lectura. El convenio tambi\u00e9n considera que se facilite el acceso de investigadores, docentes y extensionistas de la UNER a todo el material disponible en la Biblioteca Provincial.&nbsp; &nbsp;&nbsp;<\/p>\n\n\n\n<figure class=\"wp-block-image size-large\"><img decoding=\"async\" src=\"https:\/\/www.entrerios.gov.ar\/cultura\/wp-content\/uploads\/2024\/08\/FIRMA-CONVENIO-2-1024x683.jpg\" alt=\"\" class=\"wp-image-11504\"\/><\/figure>\n\n\n\n<p>La firma del convenio cont\u00f3 con la presencia del secretario de Cultura, Fabi\u00e1n Reato; el rector de la UNER, Andr\u00e9s Sabella; el director de la Eduner, Gustavo Mart\u00ednez; y el director de la Editorial de Entre R\u00edos y la Biblioteca Provincial, Manuel Arlettaz Derudder.<\/p>\n\n\n\n<p>Reato indic\u00f3: \u201cEra un anhelo nuestro tener el fondo de la Eduner en la Biblioteca. Tenemos el objetivo de conservar la producci\u00f3n bibliogr\u00e1fica entrerriana en su mejor estado. Valoramos mucho el trabajo que est\u00e1 haciendo en la Eduner\u201d.<\/p>\n\n\n\n<p>En tanto, Sabella destac\u00f3 que con el acuerdo se \u201cformalizan acciones que son viables y que tienen un horizonte concreto\u201d.<\/p>\n\n\n\n<p><\/p>\n","protected":false},"excerpt":{"rendered":"<p>Mediante un convenio firmado entre la Secretar\u00eda de Cultura y la Universidad Nacional de Entre R\u00edos, la Biblioteca Provincial pone a disposici\u00f3n de los entrerrianos ejemplares de m\u00e1s de 130 t\u00edtulos editados por la Eduner.&nbsp; Los libros&nbsp;del fondo&nbsp;de&nbsp;la Editorial de la Universidad de Entre R\u00edos (Eduner)&nbsp;fueron ordenados en la Biblioteca, ubicada en calle Alameda de [&hellip;]<\/p>\n","protected":false},"author":50,"featured_media":0,"comment_status":"open","ping_status":"open","sticky":false,"template":"","format":"standard","meta":{"_et_pb_use_builder":"off","_et_pb_old_content":"","_et_gb_content_width":"","footnotes":""},"categories":[28,5],"tags":[],"class_list":["post-11503","post","type-post","status-publish","format-standard","hentry","category-noticias","category-biblioteca-provincial"],"_links":{"self":[{"href":"https:\/\/www.entrerios.gov.ar\/cultura\/wp-json\/wp\/v2\/posts\/11503","targetHints":{"allow":["GET"]}}],"collection":[{"href":"https:\/\/www.entrerios.gov.ar\/cultura\/wp-json\/wp\/v2\/posts"}],"about":[{"href":"https:\/\/www.entrerios.gov.ar\/cultura\/wp-json\/wp\/v2\/types\/post"}],"author":[{"embeddable":true,"href":"https:\/\/www.entrerios.gov.ar\/cultura\/wp-json\/wp\/v2\/users\/50"}],"replies":[{"embeddable":true,"href":"https:\/\/www.entrerios.gov.ar\/cultura\/wp-json\/wp\/v2\/comments?post=11503"}],"version-history":[{"count":1,"href":"https:\/\/www.entrerios.gov.ar\/cultura\/wp-json\/wp\/v2\/posts\/11503\/revisions"}],"predecessor-version":[{"id":12647,"href":"https:\/\/www.entrerios.gov.ar\/cultura\/wp-json\/wp\/v2\/posts\/11503\/revisions\/12647"}],"wp:attachment":[{"href":"https:\/\/www.entrerios.gov.ar\/cultura\/wp-json\/wp\/v2\/media?parent=11503"}],"wp:term":[{"taxonomy":"category","embeddable":true,"href":"https:\/\/www.entrerios.gov.ar\/cultura\/wp-json\/wp\/v2\/categories?post=11503"},{"taxonomy":"post_tag","embeddable":true,"href":"https:\/\/www.entrerios.gov.ar\/cultura\/wp-json\/wp\/v2\/tags?post=11503"}],"curies":[{"name":"wp","href":"https:\/\/api.w.org\/{rel}","templated":true}]}}