{"id":11574,"date":"2024-08-16T17:49:44","date_gmt":"2024-08-16T17:49:44","guid":{"rendered":"https:\/\/www.entrerios.gov.ar\/cultura\/?p=11574"},"modified":"2024-08-16T17:49:46","modified_gmt":"2024-08-16T17:49:46","slug":"el-museo-historico-de-entre-rios-presenta-una-muestra-en-homenaje-a-san-martin","status":"publish","type":"post","link":"https:\/\/www.entrerios.gov.ar\/cultura\/el-museo-historico-de-entre-rios-presenta-una-muestra-en-homenaje-a-san-martin\/","title":{"rendered":"El Museo Hist\u00f3rico de Entre R\u00edos presenta una muestra en homenaje a San Mart\u00edn"},"content":{"rendered":"\n<p>Uniformes, armas, objetos representativos, conforman una narrativa de hero\u00edsmo y dedicaci\u00f3n.&nbsp; Se trata de una iniciativa que destaca la importancia de los pr\u00f3ceres en la construcci\u00f3n de la identidad nacional. La actividad es impulsada por el Gobierno de Entre R\u00edos y la Secretar\u00eda de Cultura provincial. El acceso es libre y gratuito.<\/p>\n\n\n\n<p>Con motivo de conmemorarse el aniversario del paso a la inmortalidad de Jos\u00e9 de San Mart\u00edn, el Museo Hist\u00f3rico de Entre R\u00edos Martiniano Leguizam\u00f3n, dependiente de la Secretar\u00eda de Cultura de Entre R\u00edos, invita a la comunidad a visitar una muestra de objetos representativos de la historia nacional.<\/p>\n\n\n\n<p>H\u00e9roes y s\u00edmbolos: la forja de una Naci\u00f3n es el t\u00edtulo de la exposici\u00f3n que se puede recorrer en el museo ubicado en la calle Buenos Aires 296, de Paran\u00e1; de martes a viernes, de 8 a 13 y 15 a 20; los s\u00e1bados, de 9 a 12 y de 17 a 20 y los domingos y feriados, de 9 a 12.<\/p>\n\n\n\n<p>\u201cEn la construcci\u00f3n del imaginario de una Naci\u00f3n, las figuras de los pr\u00f3ceres desempe\u00f1an un papel fundamental, pues representan los valores, sacrificios y aspiraciones de un pueblo\u201d, detalla el texto de la muestra dedicada al Libertador y al Regimiento de Granaderos.<\/p>\n\n\n\n<p><strong>Marcas de valent\u00eda y dedicaci\u00f3n<\/strong><\/p>\n\n\n\n<p>En la descripci\u00f3n de la exposici\u00f3n, se destaca la importancia de los Granaderos a Caballo, una unidad militar emblem\u00e1tica creada por el General Jos\u00e9 de San Mart\u00edn, y su impacto en la independencia y la identidad argentina.<\/p>\n\n\n\n<p>Entre los objetos exhibidos, se encuentra el sable usado por los granaderos que se remarca como \u201cun s\u00edmbolo de valent\u00eda y dedicaci\u00f3n a la causa de la libertad\u201d.&nbsp; Tambi\u00e9n una r\u00e9plica del sable de San Mart\u00edn, que \u201ccon su brillo inquebrantable, evoca la figura del Libertador, cuya visi\u00f3n y liderazgo fueron cruciales para la emancipaci\u00f3n de Sudam\u00e9rica. San Mart\u00edn no solo empu\u00f1\u00f3 este sable en numerosas batallas, sino que tambi\u00e9n lo utiliz\u00f3 como una herramienta de esperanza y determinaci\u00f3n para guiar a sus soldados hacia la victoria\u201d, se informa. Otra pieza es el uniforme del Regimiento de los Granaderos a Caballo, que con \u201csu elegancia y distinci\u00f3n, es un recordatorio de la disciplina, el honor y el sacrificio de aquellos que sirvieron bajo la bandera de la libertad\u201d, se expresa desde la organizaci\u00f3n de la muestra.<\/p>\n\n\n\n<p>El Museo Martiniano Leguizam\u00f3n invita a delegaciones educativas y a la comunidad en general a&nbsp; compartir esta narrativa de hero\u00edsmo y dedicaci\u00f3n, y \u201cdescubrir c\u00f3mo estos s\u00edmbolos hist\u00f3ricos contin\u00faan siendo una fuente de inspiraci\u00f3n y orgullo para los argentinos\u201d.<\/p>\n","protected":false},"excerpt":{"rendered":"<p>Uniformes, armas, objetos representativos, conforman una narrativa de hero\u00edsmo y dedicaci\u00f3n.&nbsp; Se trata de una iniciativa que destaca la importancia de los pr\u00f3ceres en la construcci\u00f3n de la identidad nacional. La actividad es impulsada por el Gobierno de Entre R\u00edos y la Secretar\u00eda de Cultura provincial. El acceso es libre y gratuito. Con motivo de [&hellip;]<\/p>\n","protected":false},"author":49,"featured_media":11576,"comment_status":"open","ping_status":"open","sticky":false,"template":"","format":"standard","meta":{"_et_pb_use_builder":"off","_et_pb_old_content":"","_et_gb_content_width":"","footnotes":""},"categories":[1,28,10],"tags":[],"class_list":["post-11574","post","type-post","status-publish","format-standard","has-post-thumbnail","hentry","category-destacado","category-noticias","category-museo-historico"],"_links":{"self":[{"href":"https:\/\/www.entrerios.gov.ar\/cultura\/wp-json\/wp\/v2\/posts\/11574","targetHints":{"allow":["GET"]}}],"collection":[{"href":"https:\/\/www.entrerios.gov.ar\/cultura\/wp-json\/wp\/v2\/posts"}],"about":[{"href":"https:\/\/www.entrerios.gov.ar\/cultura\/wp-json\/wp\/v2\/types\/post"}],"author":[{"embeddable":true,"href":"https:\/\/www.entrerios.gov.ar\/cultura\/wp-json\/wp\/v2\/users\/49"}],"replies":[{"embeddable":true,"href":"https:\/\/www.entrerios.gov.ar\/cultura\/wp-json\/wp\/v2\/comments?post=11574"}],"version-history":[{"count":1,"href":"https:\/\/www.entrerios.gov.ar\/cultura\/wp-json\/wp\/v2\/posts\/11574\/revisions"}],"predecessor-version":[{"id":11582,"href":"https:\/\/www.entrerios.gov.ar\/cultura\/wp-json\/wp\/v2\/posts\/11574\/revisions\/11582"}],"wp:featuredmedia":[{"embeddable":true,"href":"https:\/\/www.entrerios.gov.ar\/cultura\/wp-json\/wp\/v2\/media\/11576"}],"wp:attachment":[{"href":"https:\/\/www.entrerios.gov.ar\/cultura\/wp-json\/wp\/v2\/media?parent=11574"}],"wp:term":[{"taxonomy":"category","embeddable":true,"href":"https:\/\/www.entrerios.gov.ar\/cultura\/wp-json\/wp\/v2\/categories?post=11574"},{"taxonomy":"post_tag","embeddable":true,"href":"https:\/\/www.entrerios.gov.ar\/cultura\/wp-json\/wp\/v2\/tags?post=11574"}],"curies":[{"name":"wp","href":"https:\/\/api.w.org\/{rel}","templated":true}]}}