{"id":11619,"date":"2024-08-21T13:35:42","date_gmt":"2024-08-21T13:35:42","guid":{"rendered":"https:\/\/www.entrerios.gov.ar\/cultura\/?p=11619"},"modified":"2024-08-21T13:35:44","modified_gmt":"2024-08-21T13:35:44","slug":"la-muestra-del-pintor-asef-bichilani-llega-a-urdinarrain","status":"publish","type":"post","link":"https:\/\/www.entrerios.gov.ar\/cultura\/la-muestra-del-pintor-asef-bichilani-llega-a-urdinarrain\/","title":{"rendered":"La muestra del pintor Asef Bichilani llega a Urdinarrain\u00a0"},"content":{"rendered":"\n<p>Este viernes, a las 16.30, en la sala de conferencias de La Estaci\u00f3n, se presentar\u00e1 la exposici\u00f3n de obras del artista pl\u00e1stico entrerriano. La muestra estuvo antes en Paran\u00e1, Galarza, y Mansilla. La organizaci\u00f3n est\u00e1 a cargo de la Secretar\u00eda de Cultura provincial y el municipio de Urdinarrain.<\/p>\n\n\n\n<p>\u201cAsef Bichilani. Un esp\u00edritu sediento del color y de la luz\u201d es el t\u00edtulo de la exposici\u00f3n de obras y objetos del artista pl\u00e1stico entrerriano que se inaugurar\u00e1 el viernes pr\u00f3ximo en Urdinarrain.<\/p>\n\n\n\n<p>La muestra, que permanecer\u00e1 expuesta para visitas hasta el 15 de septiembre, se trata de un homenaje que revaloriza y visibiliza la obra del pintor argentino liban\u00e9s Asef Bichilani (1918-1988). Comprende una valiosa serie de cuadros y correspondencia y fotos sobre la historia compartida con Ces\u00e1reo Bernaldo de Quir\u00f3s, pintor de gran proyecci\u00f3n, nacido en 1879 en Gualeguay.<\/p>\n\n\n\n<p>Tambi\u00e9n se realizar\u00e1 la presentaci\u00f3n del libro \u201cAsef Bichilani. El pintor de San Ignacio y los Saltos Misioneros. Vida y obra de un fundador de Museos\u201d. Su autor, el Lic. Gast\u00f3n Fleita Moreyra, un estudioso de la vida y obra del artista, se referir\u00e1 a su investigaci\u00f3n basada en la trayectoria del pintor gualeyo. La exposici\u00f3n es in\u00e9dita en cuanto a los detalles de su producci\u00f3n a cargo de Fleita Moreyra.<\/p>\n\n\n\n<p>La muestra y el libro, que se presentar\u00e1n en la sala de conferencia de La Estaci\u00f3n de la localidad, reflejan a Bichilani como un pincel talentoso de Gualeguay y un entrerriano muy considerado por la cultura misionera. La muestra es organizada por la Secretar\u00eda de Cultura de Entre R\u00edos y la Municipalidad de Urdinarrain y constituye un valioso patrimonio de la cultura provincial que se pone a disposici\u00f3n de la comunidad.<\/p>\n\n\n\n<p>Desde la organizaci\u00f3n adelantaron que una nueva obra de Bichilani se incorpora a la muestra. Se trata de una pintura que el artista pl\u00e1stico don\u00f3 hace unos 60 a\u00f1os a la Biblioteca Popular de Urdinarrain, localidad donde naci\u00f3. Bichilani junto a su familia se traslad\u00f3 luego -siendo muy peque\u00f1o- a Gualeguay. El cuadro retrata un importante salto de agua en las Cataratas del Iguaz\u00fa.&nbsp;Cabe destacar que la muestra fue declarada de inter\u00e9s municipal por la ciudad anfitriona.&nbsp;<\/p>\n\n\n\n<p><strong>Sobre Bichilani<\/strong><\/p>\n\n\n\n<p>Asef Bichilani es un artista pl\u00e1stico del litoral argentino, descendiente de inmigrantes libaneses. Fue retratista y paisajista de la generaci\u00f3n del `40. Naci\u00f3 en Urdinarrain pero enseguida su familia se traslad\u00f3 a Gualeguay, y desarroll\u00f3 una gran obra en la provincia de Misiones, donde es muy reconocido.&nbsp; Fue el \u00fanico disc\u00edpulo del maestro Ces\u00e1reo Bernaldo de Quir\u00f3s, seg\u00fan rezan los testimonios de las diversas cartas existentes entre ellos, que prueban adem\u00e1s de la profunda admiraci\u00f3n rec\u00edproca, una amistad sentida. Bichilani fue el mentor de la fundaci\u00f3n y concreci\u00f3n del Museo de Bellas Artes \u201cCes\u00e1reo Bernaldo de Quir\u00f3s\u201d, de Gualeguay, que funciona en la casa natal de aquel destacado artista.<\/p>\n\n\n\n<p><strong>Exposici\u00f3n itinerante<\/strong><strong><\/strong><\/p>\n\n\n\n<p>La muestra se inaugur\u00f3 en el Museo Provincial de Bellas Artes \u201cDr. Pedro E. Mart\u00ednez\u201d, de Paran\u00e1, organismo dependiente de la Secretar\u00eda de Cultura de Entre R\u00edos el verano pasado. La exposici\u00f3n, compuesta por 27 pinturas del artista pl\u00e1stico, convoc\u00f3 a un importante n\u00famero de visitantes que pudo conocerla y explorar etapas de producci\u00f3n y lenguaje pict\u00f3rico, mediante visitas guiadas. Luego pas\u00f3 por General Galarza y Gobernador Mansilla.<\/p>\n","protected":false},"excerpt":{"rendered":"<p>Este viernes, a las 16.30, en la sala de conferencias de La Estaci\u00f3n, se presentar\u00e1 la exposici\u00f3n de obras del artista pl\u00e1stico entrerriano. La muestra estuvo antes en Paran\u00e1, Galarza, y Mansilla. La organizaci\u00f3n est\u00e1 a cargo de la Secretar\u00eda de Cultura provincial y el municipio de Urdinarrain. \u201cAsef Bichilani. Un esp\u00edritu sediento del color [&hellip;]<\/p>\n","protected":false},"author":5,"featured_media":11620,"comment_status":"open","ping_status":"open","sticky":false,"template":"","format":"standard","meta":{"_et_pb_use_builder":"off","_et_pb_old_content":"","_et_gb_content_width":"","footnotes":""},"categories":[1,28],"tags":[],"class_list":["post-11619","post","type-post","status-publish","format-standard","has-post-thumbnail","hentry","category-destacado","category-noticias"],"_links":{"self":[{"href":"https:\/\/www.entrerios.gov.ar\/cultura\/wp-json\/wp\/v2\/posts\/11619","targetHints":{"allow":["GET"]}}],"collection":[{"href":"https:\/\/www.entrerios.gov.ar\/cultura\/wp-json\/wp\/v2\/posts"}],"about":[{"href":"https:\/\/www.entrerios.gov.ar\/cultura\/wp-json\/wp\/v2\/types\/post"}],"author":[{"embeddable":true,"href":"https:\/\/www.entrerios.gov.ar\/cultura\/wp-json\/wp\/v2\/users\/5"}],"replies":[{"embeddable":true,"href":"https:\/\/www.entrerios.gov.ar\/cultura\/wp-json\/wp\/v2\/comments?post=11619"}],"version-history":[{"count":1,"href":"https:\/\/www.entrerios.gov.ar\/cultura\/wp-json\/wp\/v2\/posts\/11619\/revisions"}],"predecessor-version":[{"id":11621,"href":"https:\/\/www.entrerios.gov.ar\/cultura\/wp-json\/wp\/v2\/posts\/11619\/revisions\/11621"}],"wp:featuredmedia":[{"embeddable":true,"href":"https:\/\/www.entrerios.gov.ar\/cultura\/wp-json\/wp\/v2\/media\/11620"}],"wp:attachment":[{"href":"https:\/\/www.entrerios.gov.ar\/cultura\/wp-json\/wp\/v2\/media?parent=11619"}],"wp:term":[{"taxonomy":"category","embeddable":true,"href":"https:\/\/www.entrerios.gov.ar\/cultura\/wp-json\/wp\/v2\/categories?post=11619"},{"taxonomy":"post_tag","embeddable":true,"href":"https:\/\/www.entrerios.gov.ar\/cultura\/wp-json\/wp\/v2\/tags?post=11619"}],"curies":[{"name":"wp","href":"https:\/\/api.w.org\/{rel}","templated":true}]}}