{"id":11625,"date":"2024-08-22T14:18:29","date_gmt":"2024-08-22T14:18:29","guid":{"rendered":"https:\/\/www.entrerios.gov.ar\/cultura\/?p=11625"},"modified":"2024-08-22T14:18:30","modified_gmt":"2024-08-22T14:18:30","slug":"se-presenta-una-muestra-de-arte-entrerriano-en-buenos-aires","status":"publish","type":"post","link":"https:\/\/www.entrerios.gov.ar\/cultura\/se-presenta-una-muestra-de-arte-entrerriano-en-buenos-aires\/","title":{"rendered":"Se presenta una muestra de arte entrerriano en Buenos Aires"},"content":{"rendered":"\n<p>Se trata de \u201cSiesta\u201d, una muestra que se presentar\u00e1 el pr\u00f3ximo 29 de agosto en la Casa de la Provincia de Entre R\u00edos en Buenos Aires. La propuesta re\u00fane obras de Bernardi, Marc\u00f3, Olier, Ru\u00edz D\u00edaz y V\u00e1squez.&nbsp;<\/p>\n\n\n\n<p>La muestra \u201cSiesta\u201d es organizada por la Fundaci\u00f3n La Portland y la Secretar\u00eda de Cultura de la Provincia de Entre R\u00edos y ofrecer\u00e1 un recorrido significativo desde la perspectiva de cinco artistas que, a trav\u00e9s de sus obras, buscan proyectarse al mundo. La apertura de la muestra ser\u00e1 el 29 de agosto a las 12.30, en la sede de la Casa de la Provincia de Entre R\u00edos, en Suipacha 844, de Ciudad Aut\u00f3noma de Buenos Aires.<\/p>\n\n\n\n<p>Victoria Ru\u00edz D\u00edaz, In\u00e9s Marc\u00f3, L\u00e1zaro Olier, C\u00e9sar Bernardi y Francisco V\u00e1squez son los artistas, integrantes del staff de La Portland, que participar\u00e1n con \u201cuna variedad de trabajos que reflejan sus trayectorias y su evoluci\u00f3n como referentes de las nuevas generaciones\u201d, se detalla desde la fundaci\u00f3n. A continuaci\u00f3n, se explica que sus pr\u00e1cticas \u201cabarcan diferentes formatos, ideas, referencias y materialidades, pero comparten ciertos elementos comunes: la creaci\u00f3n de obras a gran escala con un asombroso nivel de detalle, y una profunda influencia del contexto regional que se manifiesta en las narraciones, los personajes y la identidad entrerriana, en especial su v\u00ednculo con el agua y el paisaje\u201d.<\/p>\n\n\n\n<p>El texto curatorial, que dar\u00e1 contexto y guiar\u00e1 al p\u00fablico en la comprensi\u00f3n de la exposici\u00f3n, fue redactado por Anal\u00eda Solomonoff, Directora del Museo Provincial de Bellas Artes \u201cRosa Galisteo de Rodr\u00edguez\u201d de Santa Fe.&nbsp;<\/p>\n\n\n\n<p>En algunos de sus p\u00e1rrafos Solomonoff narra que \u201c<em>Siesta<\/em>&nbsp;es una pausa en la jornada, es un lugar de posibles historias entrelazadas, es un camino por la ribera. Es la entrega a mirar otra geograf\u00eda, un sistema de historias breves, de anhelos y la existencia de otros tiempos posibles. Surgen aqu\u00ed narraciones sin l\u00edmites, un sue\u00f1o que imagina cosas y se despierta con luz para continuar su camino. Las obras son un intercambio de momentos, un ensayo de preguntarnos qui\u00e9nes somos, una conversaci\u00f3n con quien se acerque, o simplemente un lugar sutil y ef\u00edmero, donde encontramos alg\u00fan misterio sin respuesta\u201d.<\/p>\n\n\n\n<p>Desde la organizaci\u00f3n informaron que la muestra finalizar\u00e1 el 30 de agosto. El evento tambi\u00e9n permitir\u00e1 a los visitantes disfrutar del show musical del D\u00fao Juanca-Sedil, integrado por Juan Carlos Cavallaro en viol\u00edn y Sedil Toledo en guitarra, prestigiosos int\u00e9rpretes de reconocida trayectoria en la ciudad de Paran\u00e1.&nbsp;\u201cSiesta\u201d fue declarada de Inter\u00e9s Cultural por la provincia de Entre R\u00edos mediante la Res. 177\/24 SCG.<\/p>\n\n\n\n<p><strong>Sobre Fundaci\u00f3n La Portland<\/strong><\/p>\n\n\n\n<p>La Fundaci\u00f3n La Portland es una plataforma dedicada al arte contempor\u00e1neo entrerriano. Situada en Bajada Grande, el barrio de Paran\u00e1 donde alguna vez oper\u00f3 una de las f\u00e1bricas m\u00e1s pr\u00f3speras de Argentina, la fundaci\u00f3n se dedica a acercar las pr\u00e1cticas art\u00edsticas a la comunidad, promoviendo la apertura de obras, recorridos y proyectos de artistas de la provincia hacia el mundo. Este espacio de arte experimental colabora con otras instituciones para la realizaci\u00f3n de muestras, residencias, y programas educativos y culturales.<\/p>\n","protected":false},"excerpt":{"rendered":"<p>Se trata de \u201cSiesta\u201d, una muestra que se presentar\u00e1 el pr\u00f3ximo 29 de agosto en la Casa de la Provincia de Entre R\u00edos en Buenos Aires. La propuesta re\u00fane obras de Bernardi, Marc\u00f3, Olier, Ru\u00edz D\u00edaz y V\u00e1squez.&nbsp; La muestra \u201cSiesta\u201d es organizada por la Fundaci\u00f3n La Portland y la Secretar\u00eda de Cultura de la [&hellip;]<\/p>\n","protected":false},"author":5,"featured_media":11626,"comment_status":"open","ping_status":"open","sticky":false,"template":"","format":"standard","meta":{"_et_pb_use_builder":"off","_et_pb_old_content":"","_et_gb_content_width":"","footnotes":""},"categories":[1,28],"tags":[],"class_list":["post-11625","post","type-post","status-publish","format-standard","has-post-thumbnail","hentry","category-destacado","category-noticias"],"_links":{"self":[{"href":"https:\/\/www.entrerios.gov.ar\/cultura\/wp-json\/wp\/v2\/posts\/11625","targetHints":{"allow":["GET"]}}],"collection":[{"href":"https:\/\/www.entrerios.gov.ar\/cultura\/wp-json\/wp\/v2\/posts"}],"about":[{"href":"https:\/\/www.entrerios.gov.ar\/cultura\/wp-json\/wp\/v2\/types\/post"}],"author":[{"embeddable":true,"href":"https:\/\/www.entrerios.gov.ar\/cultura\/wp-json\/wp\/v2\/users\/5"}],"replies":[{"embeddable":true,"href":"https:\/\/www.entrerios.gov.ar\/cultura\/wp-json\/wp\/v2\/comments?post=11625"}],"version-history":[{"count":1,"href":"https:\/\/www.entrerios.gov.ar\/cultura\/wp-json\/wp\/v2\/posts\/11625\/revisions"}],"predecessor-version":[{"id":11627,"href":"https:\/\/www.entrerios.gov.ar\/cultura\/wp-json\/wp\/v2\/posts\/11625\/revisions\/11627"}],"wp:featuredmedia":[{"embeddable":true,"href":"https:\/\/www.entrerios.gov.ar\/cultura\/wp-json\/wp\/v2\/media\/11626"}],"wp:attachment":[{"href":"https:\/\/www.entrerios.gov.ar\/cultura\/wp-json\/wp\/v2\/media?parent=11625"}],"wp:term":[{"taxonomy":"category","embeddable":true,"href":"https:\/\/www.entrerios.gov.ar\/cultura\/wp-json\/wp\/v2\/categories?post=11625"},{"taxonomy":"post_tag","embeddable":true,"href":"https:\/\/www.entrerios.gov.ar\/cultura\/wp-json\/wp\/v2\/tags?post=11625"}],"curies":[{"name":"wp","href":"https:\/\/api.w.org\/{rel}","templated":true}]}}